{"id":271244,"date":"2025-07-24T20:22:11","date_gmt":"2025-07-24T20:22:11","guid":{"rendered":"https:\/\/www.europesays.com\/fr\/271244\/"},"modified":"2025-07-24T20:22:11","modified_gmt":"2025-07-24T20:22:11","slug":"rugby-amateur-les-clubs-gersois-prets-au-combat-dans-des-poules-explosives-de-regionale-1-a-3","status":"publish","type":"post","link":"https:\/\/www.europesays.com\/fr\/271244\/","title":{"rendered":"Rugby amateur\u00a0: les clubs gersois pr\u00eats au combat dans des poules explosives de R\u00e9gionale 1 \u00e0 3"},"content":{"rendered":"<p>\n                                                                    l&rsquo;essentiel<br \/>\n                                                                La Ligue Occitanie a r\u00e9cemment d\u00e9voil\u00e9 les poules de R\u00e9gionale 2 et 3\u00a0: mont\u00e9e de Panjas, cr\u00e9ation du rassemblement Villecomtal\/Marciac, rel\u00e9gations\u2026 Place aux enjeux pour les clubs gersois dans une saison pleine de derbys.\n                            <\/p>\n<p>La Ligue Occitanie vient de d\u00e9voiler, apr\u00e8s la poule de R\u00e9gionale 1, celles de R\u00e9gionales 2 et 3 pour la saison 2025\/2026. Pour le Gers, les grandes nouveaut\u00e9s\u00a0sont la mont\u00e9e de Panjas et\u00a0le nouveau rassemblement Villecomtal\/Marciac, qui \u00e9voluera \u00e9galement en R\u00e9gionale 2. \u00c0 noter \u00e9galement les descentes de Montr\u00e9al, RC Lomagne et Plaisance en R3. D\u00e9tails.<\/p>\n<p>R\u00e9gionale 1\u00a0: les quatre mousquetaires toujours l\u00e0\u00a0!<\/p>\n<p>Au sein de la<strong> poule 4<\/strong>, Vic-Fezensac, Lectoure, Condom et le RC Bassoues LM en d\u00e9coudront une fois de plus face \u00e0 des adversaires bien connus\u00a0: Saint-Gaudens, Maubourguet et Juillan\/Louey (rep\u00each\u00e9). Pour compl\u00e9ter cette poule \u00e0 10 clubs, les promus Montr\u00e9jeau et Val XV (Montesquieu\/Damazan) viendront renforcer un groupe qui a fi\u00e8re allure, avec un parfum de F\u00e9d\u00e9rale 3.<\/p>\n<p>R\u00e9gionale 2\u00a0: ils seront quatre Gersois au niveau m\u00e9dian<\/p>\n<p>Tout d\u2019abord Masseube, qui \u00e9voluera seul en <strong>poule 5<\/strong> pour d\u00e9fendre les couleurs gersoises face \u00e0 six Haut-Garonnais\u00a0: Muret (rel\u00e9gu\u00e9), Labarthe-sur-L\u00e8ze, Saint-Orens, le Rassemblement Launaguet\/L\u2019Union, Portet-sur-Garonne et Sainte-Foy-de-Peyroli\u00e8res. Deux Haut-Pyr\u00e9n\u00e9ens, Tournay et le Mardaing (Azereix\/Ossun), viendront compl\u00e9ter une poule tr\u00e8s vari\u00e9e.<\/p>\n<p class=\"std-elt__inline\">\n        <strong>\u00c0 lire aussi :<\/strong><br \/>\n        <a href=\"https:\/\/www.ladepeche.fr\/2025\/03\/22\/rugby-amateur-lappetit-vient-en-mangeant-le-sans-faute-continue-pour-panjas-champion-du-gers-de-regionale-3-aux-depens-de-montestruc-12587132.php\" rel=\"nofollow noopener\" target=\"_blank\">Rugby amateur\u00a0: \u00ab\u00a0L\u2019app\u00e9tit vient en mangeant\u2026\u00a0\u00bb Le sans-faute continue pour Panjas, champion du Gers de R\u00e9gionale 3 aux d\u00e9pens de Montestruc<\/a>\n    <\/p>\n<p>La\u00a0<strong>poule 6<\/strong>\u00a0verra s\u2019affronter les trois Gersois\u00a0Eauze, Panjas (promu) et le nouveau rassemblement Villecomtal\/Marciac, oppos\u00e9s uniquement \u00e0 des Pyr\u00e9n\u00e9ens\u00a0: Trie-sur-Ba\u00efse, Saint-Lary, Ibos, Ad\u00e9, S\u00e9m\u00e9ac et Bazet\/Andrest. De la proximit\u00e9 et des derbys en perspective.<\/p>\n<p>R\u00e9gionale 3\u00a0: sept \u00e9quipes r\u00e9parties en deux poules<\/p>\n<p>Les Gersois de Montr\u00e9al, RC Lomagne (rel\u00e9gu\u00e9s), Gondrin et le Bas-Armagnac RC \u00e9volueront en <strong>poule 3<\/strong> aux c\u00f4t\u00e9s des Tarn-et-Garonnais de Garonna XV (Grisolles\/Verdun-sur-Garonne), Finhan, La Nicola\u00efte et Le Brulhois, ainsi que des Haut-Garonnais du XV de la Save et de Seilh\/Aussonne\/Fenouillet, ce qui ne manquera pas de piment.<\/p>\n<p>Dans la <strong>poule 6<\/strong>, en mode Armagnac-Bigorre, o\u00f9 \u00e9volueront Montestruc, VVAL\u2019Isle-de-No\u00e9 XV et Plaisance (rel\u00e9gu\u00e9), on retrouvera les voisins pyr\u00e9n\u00e9ens d\u2019Aureilhan, l\u2019Ayguette, Laloub\u00e8re, Castelnau-Madiran, Rabastens XV et le retour \u00e0 la comp\u00e9tition de l\u2019US Capvern. Ici aussi, derbys et proximit\u00e9 seront au programme.<\/p>\n","protected":false},"excerpt":{"rendered":"l&rsquo;essentiel La Ligue Occitanie a r\u00e9cemment d\u00e9voil\u00e9 les poules de R\u00e9gionale 2 et 3\u00a0: mont\u00e9e de Panjas, cr\u00e9ation&hellip;\n","protected":false},"author":2,"featured_media":271245,"comment_status":"","ping_status":"","sticky":false,"template":"","format":"standard","meta":{"footnotes":""},"categories":[1416],"tags":[1011,27,479,1468,60],"class_list":{"0":"post-271244","1":"post","2":"type-post","3":"status-publish","4":"format-standard","5":"has-post-thumbnail","7":"category-rugby","8":"tag-fr","9":"tag-france","10":"tag-rugby","11":"tag-rugby-football","12":"tag-sports"},"share_on_mastodon":{"url":"https:\/\/pubeurope.com\/@fr\/114910078105489054","error":""},"_links":{"self":[{"href":"https:\/\/www.europesays.com\/fr\/wp-json\/wp\/v2\/posts\/271244","targetHints":{"allow":["GET"]}}],"collection":[{"href":"https:\/\/www.europesays.com\/fr\/wp-json\/wp\/v2\/posts"}],"about":[{"href":"https:\/\/www.europesays.com\/fr\/wp-json\/wp\/v2\/types\/post"}],"author":[{"embeddable":true,"href":"https:\/\/www.europesays.com\/fr\/wp-json\/wp\/v2\/users\/2"}],"replies":[{"embeddable":true,"href":"https:\/\/www.europesays.com\/fr\/wp-json\/wp\/v2\/comments?post=271244"}],"version-history":[{"count":0,"href":"https:\/\/www.europesays.com\/fr\/wp-json\/wp\/v2\/posts\/271244\/revisions"}],"wp:featuredmedia":[{"embeddable":true,"href":"https:\/\/www.europesays.com\/fr\/wp-json\/wp\/v2\/media\/271245"}],"wp:attachment":[{"href":"https:\/\/www.europesays.com\/fr\/wp-json\/wp\/v2\/media?parent=271244"}],"wp:term":[{"taxonomy":"category","embeddable":true,"href":"https:\/\/www.europesays.com\/fr\/wp-json\/wp\/v2\/categories?post=271244"},{"taxonomy":"post_tag","embeddable":true,"href":"https:\/\/www.europesays.com\/fr\/wp-json\/wp\/v2\/tags?post=271244"}],"curies":[{"name":"wp","href":"https:\/\/api.w.org\/{rel}","templated":true}]}}