{"id":271246,"date":"2025-07-24T20:23:12","date_gmt":"2025-07-24T20:23:12","guid":{"rendered":"https:\/\/www.europesays.com\/fr\/271246\/"},"modified":"2025-07-24T20:23:12","modified_gmt":"2025-07-24T20:23:12","slug":"lucky-loser-corentin-moutet-domine-dan-evans-et-affrontera-daniil-medvedev-en-quarts-a-washington-lequipe","status":"publish","type":"post","link":"https:\/\/www.europesays.com\/fr\/271246\/","title":{"rendered":"Lucky-loser, Corentin Moutet domine Dan Evans et affrontera Daniil Medvedev en quarts \u00e0 Washington &#8211; L&#039;\u00c9quipe"},"content":{"rendered":"<ol>\n<li><a href=\"https:\/\/news.google.com\/rss\/articles\/CBMi3wFBVV95cUxNR1hSeDZiUHFweGZxbUdqa3JmWHp5aTJiQl81VVJRQy03ek1EeHFhTjM3OTJCMG85Z1lvV3owVHk4ekJscm5SQndhSTNPX1lpVWFCSU5faWRQM1hGM3dUZGpDcXlKQ0gtRUV5eDlMSHNUYjlaTm80aXFraVkzQ18wSkptcG1UUGNvV3YyZFhObnlKanhtSExnOUtFdWFFOGNWeWtfay1SenFRU19xMnFKSEJhbDdWcmlzZ3hhUlVjSDBsa1RaTy1OdmNkTzRCUVlwTDV3RGFmWXk3NElUSndn?oc=5\" target=\"_blank\" rel=\"nofollow noopener\">Lucky-loser, Corentin Moutet domine Dan Evans et affrontera Daniil Medvedev en quarts \u00e0 Washington<\/a>&nbsp;&nbsp;L&rsquo;\u00c9quipe<\/li>\n<li><a href=\"https:\/\/news.google.com\/rss\/articles\/CBMi-gFBVV95cUxPbVNaWDRudmtBQTd3MS1lMXZrRGVwR0pwSG1aTzUyWjBQWDJqVlVfNG45NzJTel8tNHVjTDJPVmE1Q0hMclNXSG5OWXZoSHhlMnhZTHg0WnhkN0JhTFZacndMbDJSSFU0c0c5T3dwMTRqeEY1SDlqTzhGeDBkN1lHc25wWEtqNVZtTjFmbVZJdTk1SDJCbWpNWjhoZ2kyTnFLWVM0c05BeXFRZmR0dDd2Y0h4X2taSEtGMFp6MzhzcHhJbWpuY2ktNkx1OWI2b3lsTHF0eWUyWmlYeTZuMUlXQ0ZRUm5Md1p3MEZRdUg1c0taa1B5dWd2QjV3?oc=5\" target=\"_blank\" rel=\"nofollow noopener\">ATP Washington &#8211; Le rep\u00each\u00e9 Moutet poursuit sa belle aventure et va se confronter \u00e0 Medvedev<\/a>&nbsp;&nbsp;Eurosport<\/li>\n<li><a href=\"https:\/\/news.google.com\/rss\/articles\/CBMilgFBVV95cUxNSmlDOEtFMGkxRGkxLWRRNWFEUG4zSzhVS2tGMkpOVVZCcEU0UkpUMy1uWHRYeENseUlldnUzYUk4N2M4UGdlalRSOF9EaWFfeDRxM1VXMno1bmFNRFBrRXVkX0xVeHR5cC1IWTJfakdERDFic1p4eGswUl9nbzZILUUxcWlJTzhIckxROVVDNV9TRjBPd1E?oc=5\" target=\"_blank\" rel=\"nofollow noopener\">Tennis: Moutet poursuit sa route \u00e0 Washington<\/a>&nbsp;&nbsp;Le Figaro<\/li>\n<li><a href=\"https:\/\/news.google.com\/rss\/articles\/CBMiogFBVV95cUxQeE0wNkotdGl0OHRTeHUydlFhLWl0Y0RaVW1JQlctTjlJY25VYWhxOTJoNkFHck91ZlJJWm9EWWotWkFiRVk5a1Jpc2lLcE5HdGtJRERQUld6S01LX05tQnZ3STVrOHFXcFkwV1QwSmZ2Um45N3p1dXZHV3NkcmZKTERHVWRHcTlyaHJzQXYtenpJMGZ5blJ4aDhzUnQxdDVyeEE?oc=5\" target=\"_blank\" rel=\"nofollow noopener\">ATP &#8211; Washington &gt; Holger Rune sur son forfait : \u00ab\u00a0Je suis super malchanceux&#8230;\u00a0\u00bb<\/a>&nbsp;&nbsp;We Love Tennis<\/li>\n<li><a href=\"https:\/\/news.google.com\/rss\/articles\/CBMi7wFBVV95cUxOT3NQal9BU2pxemd2cm9nTVlrMW1jMl9SNzU2dk1nMm9RMGdmb3UwTUVYM1FWUEl6OUxZNWFxb1lLMTYwVWQ3UE43SlBCcXNDZWU4UlFUeFpScV85UjhIWGVCUjkxdWRjcDFYVmxNaWprbkVlUlBrb0pjOFI2ZW9kM3VrUzhPU01xc3h0LXRjNFl5ekNwaE1Od3dqUTM5UW12cjYtRXNXU1o2UTRtb2NTbXZBMk1hUVQtNWxxdzB6Z2pZNnFIWl9LNldlbWJYQV9YRlI2bFhHeVVyc2dLR3VBNGQwZzRWMkY2aERrWkNfVQ?oc=5\" target=\"_blank\" rel=\"nofollow noopener\">Tennis : rep\u00each\u00e9 \u00e0 l\u2019ATP 500 de Washington, Corentin Moutet gifle Alexandre M\u00fcller et se qualifie en huiti\u00e8mes<\/a>&nbsp;&nbsp;Sud Ouest<\/li>\n<\/ol>\n","protected":false},"excerpt":{"rendered":"Lucky-loser, Corentin Moutet domine Dan Evans et affrontera Daniil Medvedev en quarts \u00e0 Washington&nbsp;&nbsp;L&rsquo;\u00c9quipe ATP Washington &#8211; Le&hellip;\n","protected":false},"author":2,"featured_media":271247,"comment_status":"","ping_status":"","sticky":false,"template":"","format":"standard","meta":{"footnotes":""},"categories":[1415],"tags":[1011,27,60,1467],"class_list":{"0":"post-271246","1":"post","2":"type-post","3":"status-publish","4":"format-standard","5":"has-post-thumbnail","7":"category-tennis","8":"tag-fr","9":"tag-france","10":"tag-sports","11":"tag-tennis"},"share_on_mastodon":{"url":"https:\/\/pubeurope.com\/@fr\/114910082001054013","error":""},"_links":{"self":[{"href":"https:\/\/www.europesays.com\/fr\/wp-json\/wp\/v2\/posts\/271246","targetHints":{"allow":["GET"]}}],"collection":[{"href":"https:\/\/www.europesays.com\/fr\/wp-json\/wp\/v2\/posts"}],"about":[{"href":"https:\/\/www.europesays.com\/fr\/wp-json\/wp\/v2\/types\/post"}],"author":[{"embeddable":true,"href":"https:\/\/www.europesays.com\/fr\/wp-json\/wp\/v2\/users\/2"}],"replies":[{"embeddable":true,"href":"https:\/\/www.europesays.com\/fr\/wp-json\/wp\/v2\/comments?post=271246"}],"version-history":[{"count":0,"href":"https:\/\/www.europesays.com\/fr\/wp-json\/wp\/v2\/posts\/271246\/revisions"}],"wp:featuredmedia":[{"embeddable":true,"href":"https:\/\/www.europesays.com\/fr\/wp-json\/wp\/v2\/media\/271247"}],"wp:attachment":[{"href":"https:\/\/www.europesays.com\/fr\/wp-json\/wp\/v2\/media?parent=271246"}],"wp:term":[{"taxonomy":"category","embeddable":true,"href":"https:\/\/www.europesays.com\/fr\/wp-json\/wp\/v2\/categories?post=271246"},{"taxonomy":"post_tag","embeddable":true,"href":"https:\/\/www.europesays.com\/fr\/wp-json\/wp\/v2\/tags?post=271246"}],"curies":[{"name":"wp","href":"https:\/\/api.w.org\/{rel}","templated":true}]}}