{"id":271256,"date":"2025-07-24T20:29:17","date_gmt":"2025-07-24T20:29:17","guid":{"rendered":"https:\/\/www.europesays.com\/fr\/271256\/"},"modified":"2025-07-24T20:29:17","modified_gmt":"2025-07-24T20:29:17","slug":"trop-heureux-de-pouvoir-vous-le-presenter-philippe-lacheau-et-elodie-fontan-sur-un-nuage-premiere-photo-de-leur-bebe","status":"publish","type":"post","link":"https:\/\/www.europesays.com\/fr\/271256\/","title":{"rendered":"Trop heureux de pouvoir vous le pr\u00e9senter\u00a0\u00bb : Philippe Lacheau et \u00c9lodie Fontan sur un nuage, premi\u00e8re photo de leur \u00ab\u00a0b\u00e9b\u00e9"},"content":{"rendered":"<p>Heureux de pouvoir pr\u00e9senter <strong>une premi\u00e8re photo<\/strong> \u00e0 leurs fans. Ce jeudi 24 juillet 2025, Philippe Lacheau et ses acolytes, <a href=\"https:\/\/www.public.fr\/philippe-lacheau-en-couple-avec-elodie-fontan-mais-saoule\" target=\"_blank\" rel=\"noopener\">sa compagne \u00c9lodie Fontan<\/a> et <a href=\"https:\/\/www.public.fr\/personne-n-en-voulait-tarek-boudali-explique-pourquoi-babysitting-a-failli-ne-jamais-voir-le-jour\" target=\"_blank\" rel=\"noopener\">ses amis Tarek Boudali et Julien Arruti<\/a>, ont partag\u00e9 une grande nouvelle. L\u2019affiche officielle de <a href=\"https:\/\/www.public.fr\/philippe-lacheau-debut-du-tournage-pour-son-marsupilami-jamel-debbouze-et-jean-reno-au-casting-avec-leternelle-bande-a-fifi\" target=\"_blank\" rel=\"noopener\">leur futur film<\/a>, <strong>\u00ab\u00a0Marsupilami\u00a0\u00bb<\/strong>, vient d\u2019\u00eatre d\u00e9voil\u00e9e.<\/p>\n<p>Les membres de \u00ab\u00a0la Bande \u00e0 Fifi\u00a0\u00bb ont chacun publi\u00e9 une photo de ladite affiche sur leurs r\u00e9seaux sociaux pour d\u00e9voiler le rendu final. Par cette publication, les com\u00e9diens ont, par la m\u00eame occasion, d\u00e9voil\u00e9 <strong>la date de sortie<\/strong> de cette nouvelle com\u00e9die tant attendue par les fans.\u00a0<\/p>\n<p>La nouvelle adaptation du Marsupilami sign\u00e9e Philippe Lacheau<\/p>\n<p>Presque un an jour pour jour apr\u00e8s le d\u00e9but du tournage, le nouveau \u00ab\u00a0b\u00e9b\u00e9\u00a0\u00bb de <a href=\"https:\/\/vsd.fr\/tag\/philippe-lacheau\/\" target=\"_blank\" rel=\"noopener\">Philippe Lacheau<\/a> et ses acolytes serait visiblement en bo\u00eete. D\u00e9sormais, il va falloir patienter jusqu\u2019en 2026 pour d\u00e9couvrir cette nouvelle adaptation de la c\u00e9l\u00e8bre BD d\u2019Andr\u00e9 Franquin.<\/p>\n<p>Apr\u00e8s l\u2019adaptation d\u2019Alain Chabat en 2012, les membres de la <strong>\u00ab\u00a0bande \u00e0 Fifi\u00a0\u00bb<\/strong> s\u2019appr\u00eatent donc \u00e0 d\u00e9voiler <strong>une nouvelle version de cet animal imaginaire<\/strong> vivant dans la jungle. En ce qui concerne le synopsis de cette nouvelle version, nos confr\u00e8res d\u2019Allocin\u00e9 ont r\u00e9v\u00e9l\u00e9 \u00e0 quoi les spectateurs pouvaient s\u2019attendre.\u00a0<\/p>\n<p>\u00ab\u00a0Pour sauver son emploi, David accepte un plan foireux : ramener un myst\u00e9rieux colis d\u2019Am\u00e9rique du Sud. Il se retrouve \u00e0 bord d\u2019une croisi\u00e8re avec son ex Tess, son fils L\u00e9o, et son coll\u00e8gue St\u00e9phane, aussi ben\u00eat que maladroit, dont David se sert pour transporter le colis \u00e0 sa place. Tout d\u00e9rape lorsque ce dernier l\u2019ouvre accidentellement : <strong>un adorable b\u00e9b\u00e9<\/strong> Marsupilami appara\u00eet et le voyage vire au chaos !\u00a0\u00bb, indique le m\u00e9dia au sujet du nouveau film de Philippe Lacheau.<\/p>\n<p>La \u00ab\u00a0Bande \u00e0 Fifi\u00a0\u00bb d\u00e9voile la premi\u00e8re photo de leur \u00ab\u00a0b\u00e9b\u00e9\u00a0\u00bb<\/p>\n<p>S\u2019il va falloir encore patienter quelques mois avant de d\u00e9couvrir cette nouvelle adaptation de la c\u00e9l\u00e8bre BD, Philippe Lacheau, \u00c9lodie Fontan, Julien Arruti, ou encore Tarek Boudali, ont souhait\u00e9 partager ensemble <strong>la premi\u00e8re affiche officielle<\/strong> du film, ce jeudi 24 juillet 2025.<\/p>\n<p>Sur ladite affiche, nous pouvons retrouver le com\u00e9dien de 45 ans, la mine \u00e9tonn\u00e9e, avec un Marsupilami sortant de son oeuf. <strong>\u00ab\u00a0Les amis, on est trop heureux de pouvoir enfin vous pr\u00e9senter notre nouveau copain\u2026\u00a0\u00bb<\/strong>, a indiqu\u00e9 Philippe Lacheau en l\u00e9gende sa publication.<\/p>\n<p>Par la suite, l\u2019acteur et r\u00e9alisateur, qui a cl\u00f4tur\u00e9 le tournage en novembre dernier, a r\u00e9v\u00e9l\u00e9 que l\u2019animal imaginaire se nommait \u00ab\u00a0Bibi\u00a0\u00bb. \u00ab\u00a0Marsupilami sort au cin\u00e9ma le 4 f\u00e9vrier et vous ne pouvez pas imaginer \u00e0 quel point on a h\u00e2te de vous faire d\u00e9couvrir le film\u00a0\u00bb, a-t-il fi\u00e8rement annonc\u00e9.\u00a0<\/p>\n<p>      Mentionn\u00e9s dans cet article<\/p>\n<p>\u00c0 lire aussi<\/p>\n","protected":false},"excerpt":{"rendered":"Heureux de pouvoir pr\u00e9senter une premi\u00e8re photo \u00e0 leurs fans. Ce jeudi 24 juillet 2025, Philippe Lacheau et&hellip;\n","protected":false},"author":2,"featured_media":271257,"comment_status":"","ping_status":"","sticky":false,"template":"","format":"standard","meta":{"footnotes":""},"categories":[1359],"tags":[16223,58,14438,59,1011,27,973,10922,41083,26509],"class_list":{"0":"post-271256","1":"post","2":"type-post","3":"status-publish","4":"format-standard","5":"has-post-thumbnail","7":"category-people","8":"tag-alain-chabat","9":"tag-divertissement","10":"tag-elodie-fontan","11":"tag-entertainment","12":"tag-fr","13":"tag-france","14":"tag-people","15":"tag-philippe-lacheau","16":"tag-sur-la-piste-du-marsupilami","17":"tag-tarek-boudali"},"share_on_mastodon":{"url":"https:\/\/pubeurope.com\/@fr\/114910105589940383","error":""},"_links":{"self":[{"href":"https:\/\/www.europesays.com\/fr\/wp-json\/wp\/v2\/posts\/271256","targetHints":{"allow":["GET"]}}],"collection":[{"href":"https:\/\/www.europesays.com\/fr\/wp-json\/wp\/v2\/posts"}],"about":[{"href":"https:\/\/www.europesays.com\/fr\/wp-json\/wp\/v2\/types\/post"}],"author":[{"embeddable":true,"href":"https:\/\/www.europesays.com\/fr\/wp-json\/wp\/v2\/users\/2"}],"replies":[{"embeddable":true,"href":"https:\/\/www.europesays.com\/fr\/wp-json\/wp\/v2\/comments?post=271256"}],"version-history":[{"count":0,"href":"https:\/\/www.europesays.com\/fr\/wp-json\/wp\/v2\/posts\/271256\/revisions"}],"wp:featuredmedia":[{"embeddable":true,"href":"https:\/\/www.europesays.com\/fr\/wp-json\/wp\/v2\/media\/271257"}],"wp:attachment":[{"href":"https:\/\/www.europesays.com\/fr\/wp-json\/wp\/v2\/media?parent=271256"}],"wp:term":[{"taxonomy":"category","embeddable":true,"href":"https:\/\/www.europesays.com\/fr\/wp-json\/wp\/v2\/categories?post=271256"},{"taxonomy":"post_tag","embeddable":true,"href":"https:\/\/www.europesays.com\/fr\/wp-json\/wp\/v2\/tags?post=271256"}],"curies":[{"name":"wp","href":"https:\/\/api.w.org\/{rel}","templated":true}]}}