{"id":271262,"date":"2025-07-24T20:33:11","date_gmt":"2025-07-24T20:33:11","guid":{"rendered":"https:\/\/www.europesays.com\/fr\/271262\/"},"modified":"2025-07-24T20:33:11","modified_gmt":"2025-07-24T20:33:11","slug":"soupconnee-de-fraude-lagence-du-groupe-de-k-pop-bts-perquisitionnee","status":"publish","type":"post","link":"https:\/\/www.europesays.com\/fr\/271262\/","title":{"rendered":"Soup\u00e7onn\u00e9e de fraude, l\u2019agence du groupe de K-pop BTS perquisitionn\u00e9e"},"content":{"rendered":"<p>Bang Si-hyuk, le fondateur de l\u2019agence HYBE fait l\u2019objet d\u2019une enqu\u00eate sur des all\u00e9gations de fraude lors de l\u2019introduction en Bourse de l\u2019entreprise en 2020.<\/p>\n<p class=\"fig-paragraph\">L&rsquo;agence du c\u00e9l\u00e8bre groupe de K-pop BTS, HYBE, a \u00e9t\u00e9 perquisitionn\u00e9e par la police jeudi dans le cadre d&rsquo;une enqu\u00eate pour fraude impliquant son fondateur Bang Si-hyuk, ont d\u00e9clar\u00e9 les enqu\u00eateurs. \u00abNous effectuons une perquisition et une saisie au si\u00e8ge de HYBE, dans le district de Yongsan,\u00bb a indiqu\u00e9 l&rsquo;unit\u00e9 d&rsquo;investigation des crimes financiers de l&rsquo;agence de la police m\u00e9tropolitaine de S\u00e9oul dans un bref communiqu\u00e9.<\/p>\n<p class=\"fig-paragraph\">Bang Si-hyuk, le cerveau derri\u00e8re le boys band sud-cor\u00e9en, fait l&rsquo;objet d&rsquo;une enqu\u00eate sur des all\u00e9gations de fraude lors de l&rsquo;introduction en Bourse de l&rsquo;entreprise en 2020. Il aurait induit en erreur les premiers investisseurs et est accus\u00e9 d&rsquo;avoir gagn\u00e9 environ 200 milliards de wons (146 millions de dollars am\u00e9ricains) au cours du processus, selon des m\u00e9dias locaux. L\u2019agence HYBE a ni\u00e9 les faits. \u00abNous clarifierons d\u00fbment que l&rsquo;introduction en Bourse \u00e0 l&rsquo;\u00e9poque a \u00e9t\u00e9 r\u00e9alis\u00e9e conform\u00e9ment \u00e0 toutes les lois et r\u00e9glementations pertinentes,\u00bb a d\u00e9clar\u00e9 la soci\u00e9t\u00e9 dans un communiqu\u00e9 d\u00e9but juillet, en promettant une \u00abcoop\u00e9ration active\u00bb avec les autorit\u00e9s pour faire la lumi\u00e8re sur l&rsquo;affaire.<\/p>\n<p>                                    <a class=\"fig-a11y-skip a11y-hidden\" href=\"#fig-a11y-skip-main-inarticle\"><br \/>\n        Passer la publicit\u00e9<br \/>\n    <\/a><\/p>\n<p class=\"fig-paragraph\">L&rsquo;enqu\u00eate intervient alors que les sept membres de BTS accomplissent leur service militaire obligatoire et se pr\u00e9parent pour leur retour l&rsquo;ann\u00e9e prochaine. L\u2019agence a annonc\u00e9 r\u00e9cemment qu&rsquo;un nouvel album et une tourn\u00e9e mondiale \u00e9taient pr\u00e9vus pour 2026. BTS, connu pour d\u00e9fendre des causes progressistes, d\u00e9tient le record du groupe le plus \u00e9cout\u00e9 sur Spotify. Il est le premier groupe de K-pop \u00e0 dominer \u00e0 la fois le Billboard 200 et le Billboard Artist 100 aux \u00c9tats-Unis. Avant leur service militaire, les membres de BTS avaient g\u00e9n\u00e9r\u00e9 plus de 5,5 trillions de wons (4 milliards de dollars) d&rsquo;impact \u00e9conomique annuel, selon l&rsquo;Institut cor\u00e9en de la culture et du tourisme. Cela repr\u00e9sente environ 0,2% du PIB total de la Cor\u00e9e du Sud, selon les donn\u00e9es officielles.<\/p>\n","protected":false},"excerpt":{"rendered":"Bang Si-hyuk, le fondateur de l\u2019agence HYBE fait l\u2019objet d\u2019une enqu\u00eate sur des all\u00e9gations de fraude lors de&hellip;\n","protected":false},"author":2,"featured_media":271263,"comment_status":"","ping_status":"","sticky":false,"template":"","format":"standard","meta":{"footnotes":""},"categories":[1355],"tags":[29687,58,1067,59,1011,27,7594,1361,873,36588],"class_list":{"0":"post-271262","1":"post","2":"type-post","3":"status-publish","4":"format-standard","5":"has-post-thumbnail","7":"category-musique","8":"tag-bts","9":"tag-divertissement","10":"tag-enquete","11":"tag-entertainment","12":"tag-fr","13":"tag-france","14":"tag-k-pop","15":"tag-music","16":"tag-musique","17":"tag-seoul"},"share_on_mastodon":{"url":"https:\/\/pubeurope.com\/@fr\/114910121411591291","error":""},"_links":{"self":[{"href":"https:\/\/www.europesays.com\/fr\/wp-json\/wp\/v2\/posts\/271262","targetHints":{"allow":["GET"]}}],"collection":[{"href":"https:\/\/www.europesays.com\/fr\/wp-json\/wp\/v2\/posts"}],"about":[{"href":"https:\/\/www.europesays.com\/fr\/wp-json\/wp\/v2\/types\/post"}],"author":[{"embeddable":true,"href":"https:\/\/www.europesays.com\/fr\/wp-json\/wp\/v2\/users\/2"}],"replies":[{"embeddable":true,"href":"https:\/\/www.europesays.com\/fr\/wp-json\/wp\/v2\/comments?post=271262"}],"version-history":[{"count":0,"href":"https:\/\/www.europesays.com\/fr\/wp-json\/wp\/v2\/posts\/271262\/revisions"}],"wp:featuredmedia":[{"embeddable":true,"href":"https:\/\/www.europesays.com\/fr\/wp-json\/wp\/v2\/media\/271263"}],"wp:attachment":[{"href":"https:\/\/www.europesays.com\/fr\/wp-json\/wp\/v2\/media?parent=271262"}],"wp:term":[{"taxonomy":"category","embeddable":true,"href":"https:\/\/www.europesays.com\/fr\/wp-json\/wp\/v2\/categories?post=271262"},{"taxonomy":"post_tag","embeddable":true,"href":"https:\/\/www.europesays.com\/fr\/wp-json\/wp\/v2\/tags?post=271262"}],"curies":[{"name":"wp","href":"https:\/\/api.w.org\/{rel}","templated":true}]}}