{"id":271264,"date":"2025-07-24T20:34:35","date_gmt":"2025-07-24T20:34:35","guid":{"rendered":"https:\/\/www.europesays.com\/fr\/271264\/"},"modified":"2025-07-24T20:34:35","modified_gmt":"2025-07-24T20:34:35","slug":"meryl-streep-ressuscite-miranda-priestly-decouvrez-les-premieres-images-deja-iconiques-du-tournage-photos","status":"publish","type":"post","link":"https:\/\/www.europesays.com\/fr\/271264\/","title":{"rendered":"Meryl Streep ressuscite Miranda Priestly, d\u00e9couvrez les premi\u00e8res images d\u00e9j\u00e0 iconiques du tournage (PHOTOS)"},"content":{"rendered":"<p>Le tournage du second volet du Diable s&rsquo;habille en Prada a d\u00e9but\u00e9 \u00e0 New York. Apr\u00e8s avoir vu Anne Hathaway reprendre son r\u00f4le d&rsquo;Andy, c&rsquo;est au tour de Meryl Streep de faire sensation. D\u00e9couvrez les premi\u00e8res images de tournage de cette suite tant attendue.<\/p>\n<p>Les <a href=\"https:\/\/www.programme-tv.net\/news\/cinema\/346620-le-diable-shabille-en-prada-pourquoi-les-acteurs-ne-veulent-pas-voir-de-suite\/\" data-api-deeplink=\"teleloisirs:\/\/news\/346620\" target=\"_blank\" rel=\"noopener\">acteurs \u00e9taient nombreux \u00e0 ne pas vouloir une suite au film Le Diable s&rsquo;habille en Prada<\/a>. Quelques mois plus tard, <a href=\"https:\/\/www.programme-tv.net\/news\/evenement\/disney-plus-streaming\/316829-le-diable-shabille-en-prada-ou-en-est-le-projet-de-suite-du-film\/\" data-api-deeplink=\"teleloisirs:\/\/news\/316829\" target=\"_blank\" rel=\"noopener\">Walt Disney Pictures confirmait bien le tournage d&rsquo;un second volet<\/a>. Sorti en 2006, le long-m\u00e9trage a tr\u00e8s vite connu un beau succ\u00e8s, gr\u00e2ce \u00e0 la force des personnages jou\u00e9s par Meryl Streep et Anne Hathaway. Fra\u00eechement dipl\u00f4m\u00e9e, Andrea arrivait \u00e0 New York et d\u00e9crochait un job de r\u00eave : devenir l&rsquo;assistante de la r\u00e9dactrice en chef d&rsquo;un prestigieux magazine de Haute couture. Mais les exigences de cette femme d&rsquo;affaires allaient rendre dingue la jeune employ\u00e9e. \u00c0 l&rsquo;\u00e9poque, <a href=\"https:\/\/www.programme-tv.net\/news\/evenement\/disney-plus-streaming\/330008-seule-et-deprimee-meryl-streep-a-tres-mal-vecu-le-tournage-du-diable-s-habille-en-prada\/\" data-api-deeplink=\"teleloisirs:\/\/news\/330008\" target=\"_blank\" rel=\"noopener\">le tournage a sembl\u00e9 \u00eatre difficile \u00e0 l&rsquo;actrice de Mamma Mia !, qui se sentait \u00ab\u00a0seule et d\u00e9prim\u00e9e\u00a0\u00bb<\/a>. Elle a pourtant d\u00e9cid\u00e9 de reprendre son r\u00f4le et le tournage a d&rsquo;ores et d\u00e9j\u00e0 commenc\u00e9 !<\/p>\n<p>                        Meryl Streep dans les rues de New York pour le tournage du Diable s&rsquo;habille en Prada 2<\/p>\n<p>Depuis quelques jours, les \u00e9quipes du Diable s&rsquo;habille en Prada 2 se sont install\u00e9es dans les rues de New York pour tourner le long m\u00e9trage. D\u00e8s le 21 juillet 2025, quelques curieux ont pu d\u00e9couvrir <a href=\"https:\/\/www.programme-tv.net\/news\/cinema\/383797-le-diable-s-habille-en-prada-2-photos-de-tournages-devoilees-nouvel-amoureux-d-andy-sachs-revele-les-infos-excitantes-de-la-suite-du-film-culte\/\" data-api-deeplink=\"teleloisirs:\/\/news\/383797\" target=\"_blank\" rel=\"noopener\">Anne Hathaway dans son r\u00f4le d&rsquo;Andrea en train de traverser les rues<\/a>, ainsi que <a href=\"https:\/\/www.programme-tv.net\/biographie\/3347-tucci-stanley\/\" data-link-people=\"b09d38c2-6fea-428c-b092-354388199e13\" target=\"_blank\" rel=\"noopener\">Stanley Tucci<\/a> dans son r\u00f4le de Nigel, d\u00e9j\u00e0 pr\u00e9sent dans le premier volet. Mais tous attendaient de d\u00e9couvrir Meryl Streep dans son r\u00f4le de Miranda Priestly. A-t-elle chang\u00e9 de look ? La r\u00e9ponse est arriv\u00e9e ce mercredi 23 juillet 2025 et les fans n&rsquo;ont pas \u00e9t\u00e9 d\u00e9\u00e7us. Cheveux courts, lunettes de soleil sur le nez, jupe tailleur&#8230; l&rsquo;actrice r\u00e9cup\u00e8re son costume d&rsquo;experte de la mode, ce qui annonce d\u00e9j\u00e0 d&rsquo;amusantes s\u00e9quences. \u00ab\u00a0<b>Je voulais un croisement entre la mannequin Carmen Dell&rsquo;Orefice et l&rsquo;\u00e9l\u00e9gance et l&rsquo;autorit\u00e9 inattaquable de <\/b><a href=\"https:\/\/www.programme-tv.net\/biographie\/27918-lagarde-christine\/\" data-link-people=\"5cb6db58-910b-47d0-897d-b11804d5b3df\" target=\"_blank\" rel=\"noopener\"><b>Christine Lagarde<\/b><\/a>\u00ab\u00a0, avait-elle confi\u00e9 \u00e0 nos confr\u00e8res de <a href=\"https:\/\/variety.com\/\" target=\"_blank\" rel=\"noopener\">Variety<\/a>, en 2016.<\/p>\n<p>            Dates, intrigues, casting&#8230; Ce qu&rsquo;il faut savoir sur Le Diable s&rsquo;habille en Prada 2<\/p>\n<p>La date de sortie de ce second volet a \u00e9t\u00e9 d\u00e9voil\u00e9e et les fans fran\u00e7ais pourront <b>d\u00e9couvrir cette suite \u00e0 partir du 29 avril 2026<\/b>. Pour le moment, rien n&rsquo;a fuit\u00e9 sur l&rsquo;intrigue, mais le casting semble peu \u00e0 peu se d\u00e9voiler. Si d&rsquo;autres acteurs reprennent leur r\u00f4le comme Emily Blunt, d&rsquo;autres rejoignent le casting. Selon les informations d&rsquo;<a href=\"https:\/\/ew.com\/\" target=\"_blank\" rel=\"noopener\">EW<\/a>, Patrick Brammall est le nouvel amoureux d&rsquo;Andrea, \u00e0 la place d&rsquo;Adrian Grenier. Il est rejoint par <a href=\"https:\/\/www.programme-tv.net\/biographie\/217-liu-lucy\/\" data-link-people=\"c72ba104-6439-4838-af07-8a5950b1a41c\" target=\"_blank\" rel=\"noopener\">Lucy Liu<\/a> ou encore <a href=\"https:\/\/www.programme-tv.net\/biographie\/429234-ashley-simone\/\" data-link-people=\"e99da470-4eb5-44b4-8def-2e9d4772c060\" target=\"_blank\" rel=\"noopener\">Simone Ashley<\/a>. Place aux surprises.<\/p>\n","protected":false},"excerpt":{"rendered":"Le tournage du second volet du Diable s&rsquo;habille en Prada a d\u00e9but\u00e9 \u00e0 New York. Apr\u00e8s avoir vu&hellip;\n","protected":false},"author":2,"featured_media":271265,"comment_status":"","ping_status":"","sticky":false,"template":"","format":"standard","meta":{"footnotes":""},"categories":[1354],"tags":[11607,244,58,40529,59,1346,1011,27,40528,1360,36266],"class_list":{"0":"post-271264","1":"post","2":"type-post","3":"status-publish","4":"format-standard","5":"has-post-thumbnail","7":"category-films","8":"tag-anne-hathaway","9":"tag-commentaire","10":"tag-divertissement","11":"tag-emily-blunt","12":"tag-entertainment","13":"tag-films","14":"tag-fr","15":"tag-france","16":"tag-meryl-streep","17":"tag-movies","18":"tag-sorties-cinu00e9ma"},"share_on_mastodon":{"url":"https:\/\/pubeurope.com\/@fr\/114910125359442656","error":""},"_links":{"self":[{"href":"https:\/\/www.europesays.com\/fr\/wp-json\/wp\/v2\/posts\/271264","targetHints":{"allow":["GET"]}}],"collection":[{"href":"https:\/\/www.europesays.com\/fr\/wp-json\/wp\/v2\/posts"}],"about":[{"href":"https:\/\/www.europesays.com\/fr\/wp-json\/wp\/v2\/types\/post"}],"author":[{"embeddable":true,"href":"https:\/\/www.europesays.com\/fr\/wp-json\/wp\/v2\/users\/2"}],"replies":[{"embeddable":true,"href":"https:\/\/www.europesays.com\/fr\/wp-json\/wp\/v2\/comments?post=271264"}],"version-history":[{"count":0,"href":"https:\/\/www.europesays.com\/fr\/wp-json\/wp\/v2\/posts\/271264\/revisions"}],"wp:featuredmedia":[{"embeddable":true,"href":"https:\/\/www.europesays.com\/fr\/wp-json\/wp\/v2\/media\/271265"}],"wp:attachment":[{"href":"https:\/\/www.europesays.com\/fr\/wp-json\/wp\/v2\/media?parent=271264"}],"wp:term":[{"taxonomy":"category","embeddable":true,"href":"https:\/\/www.europesays.com\/fr\/wp-json\/wp\/v2\/categories?post=271264"},{"taxonomy":"post_tag","embeddable":true,"href":"https:\/\/www.europesays.com\/fr\/wp-json\/wp\/v2\/tags?post=271264"}],"curies":[{"name":"wp","href":"https:\/\/api.w.org\/{rel}","templated":true}]}}