{"id":271266,"date":"2025-07-24T20:35:16","date_gmt":"2025-07-24T20:35:16","guid":{"rendered":"https:\/\/www.europesays.com\/fr\/271266\/"},"modified":"2025-07-24T20:35:16","modified_gmt":"2025-07-24T20:35:16","slug":"les-patients-invites-a-consulter-rapidement","status":"publish","type":"post","link":"https:\/\/www.europesays.com\/fr\/271266\/","title":{"rendered":"les patients invit\u00e9s \u00e0 consulter rapidement"},"content":{"rendered":"<p>\n                Face \u00e0 cet arr\u00eat, le laboratoire rassure\u00a0: des alternatives existent.            <\/p>\n<p>Le laboratoire AstraZeneca annonce\u00a0l&rsquo;arr\u00eat de la commercialisation de son <a href=\"https:\/\/sante.journaldesfemmes.fr\/fiches-medicaments\/2844264-antidiabetiques-oraux-liste-mecanisme-effets-secondaires\/\" title=\"Antidiab\u00e9tiques oraux\" rel=\"nofollow noopener\" target=\"_blank\">antidiab\u00e9tique oral<\/a> dans les pharmacies fran\u00e7aises.\u00a0Cette d\u00e9cision, motiv\u00e9e par des \u00ab\u00a0consid\u00e9rations commerciales\u00a0\u00bb, ne remet absolument pas en cause l&rsquo;efficacit\u00e9, la tol\u00e9rance ou la qualit\u00e9 de fabrication du m\u00e9dicament, selon le courrier adress\u00e9 aux professionnels de sant\u00e9 le 15\u00a0juillet par le laboratoire, cit\u00e9 par le <a href=\"https:\/\/www.lequotidiendupharmacien.fr\/exercice-pro\/komboglyze-un-arret-de-commercialisation-anticiper\" target=\"_blank\" rel=\"nofollow noopener\">Quotidien du Pharmacien<\/a>.\u00a0C&rsquo;est une information importante pour les patients atteints de diab\u00e8te de type 2\u00a0actuellement sous ce traitement.<\/p>\n<p>Les patients concern\u00e9s sont vivement encourag\u00e9s \u00e0 consulter leur m\u00e9decin traitant sans tarder. Cette d\u00e9marche permettra de discuter des options th\u00e9rapeutiques alternatives et d&rsquo;assurer une transition en douceur vers un nouveau traitement adapt\u00e9 \u00e0 leur situation individuelle. L&rsquo;objectif est de garantir la continuit\u00e9 et l&rsquo;efficacit\u00e9 de la prise en charge de leur diab\u00e8te. Cet arr\u00eat de commercialisation est pr\u00e9vu \u00e0 partir du 30 janvier 2026 : il faut donc l&rsquo;anticiper d\u00e8s maintenant.<\/p>\n<p>Il s&rsquo;agit du m\u00e9dicament\u00a0Komboglyze\u00a02,5\u00a0mg\/1\u00a0000\u00a0mg (saxagliptine\/chlorhydrate de metformine)\u00a0prescrit aux adultes diab\u00e9tiques de type 2\u00a0dont la maladie n&rsquo;est pas suffisamment contr\u00f4l\u00e9e par la metformine seule ou en association avec d&rsquo;autres antidiab\u00e9tiques. Face \u00e0 cet arr\u00eat, le laboratoire rassure\u00a0: des alternatives existent. La saxagliptine seule, pr\u00e9sente dans Komboglyze, reste disponible sous les noms d&rsquo;Onglyza et ses g\u00e9n\u00e9riques. Cette solution pourrait \u00eatre envisag\u00e9e par certains patients, en ajustant potentiellement leur traitement.<\/p>\n<p>Bien que le nombre exact de personnes sous Komboglyze en France ne soit pas publiquement connu, cette annonce impacte directement une fraction des millions de Fran\u00e7ais vivant avec un <a href=\"https:\/\/sante.journaldesfemmes.fr\/fiches-maladies\/2550782-diabete-de-type-2-def-cause-symptomes-traitement-alimentation\/\" title=\"Diab\u00e8te non insulino-d\u00e9pendant\" rel=\"nofollow noopener\" target=\"_blank\">diab\u00e8te de type 2<\/a>. Il est crucial pour le grand public de comprendre que cette d\u00e9cision est d&rsquo;ordre commercial et non li\u00e9e \u00e0 un probl\u00e8me de s\u00e9curit\u00e9, afin d&rsquo;\u00e9viter toute inqui\u00e9tude inutile.<\/p>\n","protected":false},"excerpt":{"rendered":"Face \u00e0 cet arr\u00eat, le laboratoire rassure\u00a0: des alternatives existent. Le laboratoire AstraZeneca annonce\u00a0l&rsquo;arr\u00eat de la commercialisation de&hellip;\n","protected":false},"author":2,"featured_media":271267,"comment_status":"","ping_status":"","sticky":false,"template":"","format":"standard","meta":{"footnotes":""},"categories":[10],"tags":[1011,27,72,71],"class_list":{"0":"post-271266","1":"post","2":"type-post","3":"status-publish","4":"format-standard","5":"has-post-thumbnail","7":"category-sante","8":"tag-fr","9":"tag-france","10":"tag-health","11":"tag-sante"},"share_on_mastodon":{"url":"https:\/\/pubeurope.com\/@fr\/114910129294266412","error":""},"_links":{"self":[{"href":"https:\/\/www.europesays.com\/fr\/wp-json\/wp\/v2\/posts\/271266","targetHints":{"allow":["GET"]}}],"collection":[{"href":"https:\/\/www.europesays.com\/fr\/wp-json\/wp\/v2\/posts"}],"about":[{"href":"https:\/\/www.europesays.com\/fr\/wp-json\/wp\/v2\/types\/post"}],"author":[{"embeddable":true,"href":"https:\/\/www.europesays.com\/fr\/wp-json\/wp\/v2\/users\/2"}],"replies":[{"embeddable":true,"href":"https:\/\/www.europesays.com\/fr\/wp-json\/wp\/v2\/comments?post=271266"}],"version-history":[{"count":0,"href":"https:\/\/www.europesays.com\/fr\/wp-json\/wp\/v2\/posts\/271266\/revisions"}],"wp:featuredmedia":[{"embeddable":true,"href":"https:\/\/www.europesays.com\/fr\/wp-json\/wp\/v2\/media\/271267"}],"wp:attachment":[{"href":"https:\/\/www.europesays.com\/fr\/wp-json\/wp\/v2\/media?parent=271266"}],"wp:term":[{"taxonomy":"category","embeddable":true,"href":"https:\/\/www.europesays.com\/fr\/wp-json\/wp\/v2\/categories?post=271266"},{"taxonomy":"post_tag","embeddable":true,"href":"https:\/\/www.europesays.com\/fr\/wp-json\/wp\/v2\/tags?post=271266"}],"curies":[{"name":"wp","href":"https:\/\/api.w.org\/{rel}","templated":true}]}}