{"id":271272,"date":"2025-07-24T20:38:22","date_gmt":"2025-07-24T20:38:22","guid":{"rendered":"https:\/\/www.europesays.com\/fr\/271272\/"},"modified":"2025-07-24T20:38:22","modified_gmt":"2025-07-24T20:38:22","slug":"apple-lache-enfin-ses-betas-publiques-ios-26-macos-26-et-ipados-26-voici-comment-les-installer","status":"publish","type":"post","link":"https:\/\/www.europesays.com\/fr\/271272\/","title":{"rendered":"Apple l\u00e2che enfin ses b\u00eatas publiques iOS 26, macOS 26 et iPadOS 26 : voici comment les installer"},"content":{"rendered":"<p>Les b\u00eatas publiques Apple sont l\u00e0 ! iOS 26, macOS Tahoe 26 avec le fameux Liquid Glass transparent. On vous explique comment les installer (attention aux bugs).<\/p>\n<p><a target=\"_blank\" href=\"https:\/\/images.frandroid.com\/wp-content\/uploads\/2025\/07\/image-73-7.jpg\" class=\"article-content__figure\" rel=\"nofollow noopener\"><img fetchpriority=\"high\" decoding=\"async\" loading=\"eager\" width=\"1200\" height=\"675\" src=\"https:\/\/www.europesays.com\/fr\/wp-content\/uploads\/2025\/07\/image-73-7.jpg\" alt=\"\" class=\"wp-image-2744395 wp-image wp-image\"  \/><\/a><\/p>\n<p><a href=\"https:\/\/www.frandroid.com\/guide-dachat\/smartphones\/705312_meilleur-iphone\" rel=\"nofollow noopener\" target=\"_blank\">iPhone<\/a>,\u00a0<a href=\"https:\/\/www.frandroid.com\/marques\/apple\/692786_meilleur-ipad-selection\" rel=\"nofollow noopener\" target=\"_blank\">iPad<\/a>,\u00a0<a href=\"https:\/\/www.frandroid.com\/guide-dachat\/guides-dachat-ordinateurs\/981469_macbook-air-macbook-pro-macbook-m1-quel-portable-apple-choisir\" rel=\"nofollow noopener\" target=\"_blank\">Mac<\/a>, ou encore\u00a0<a href=\"https:\/\/www.frandroid.com\/guide-dachat\/1674555_apple-watch-les-meilleures-montres-connectees-dapple-en-2023\" rel=\"nofollow noopener\" target=\"_blank\">Watch<\/a>\u2026\u00a0Enfin, Apple vient de lib\u00e9rer ses b\u00eatas publiques pour iOS 26, iPadOS 26, macOS Tahoe 26, watchOS 26 et tvOS 26. Apr\u00e8s des semaines de versions d\u00e9veloppeurs, Monsieur et Madame Tout-le-monde peuvent enfin tester le fameux Liquid Glass qui fait tant parler. <\/p>\n<p class=\"bottom-text\">                <a href=\"https:\/\/youtu.be\/46duTjSBexM\" target=\"_blank\" rel=\"nofollow noopener\">Lien YouTube<\/a>                                    <a href=\"https:\/\/www.youtube.com\/subscription_center?add_user=FrAndroidTube\" target=\"_blank\" rel=\"nofollow noopener\">S\u2019abonner \u00e0 Frandroid<\/a>                            <\/p>\n<p>                Ce contenu est bloqu\u00e9 car vous n\u2019avez pas accept\u00e9 les cookies et autres traceurs. Ce contenu est fourni par YouTube.<br \/>Pour pouvoir le visualiser, vous devez accepter l\u2019usage \u00e9tant op\u00e9r\u00e9 par YouTube avec vos donn\u00e9es qui pourront \u00eatre utilis\u00e9es pour les finalit\u00e9s suivantes : vous permettre de visualiser et de partager des contenus avec des m\u00e9dias sociaux, favoriser le d\u00e9veloppement et l\u2019am\u00e9lioration des produits d\u2019Humanoid et de ses partenaires, vous afficher des publicit\u00e9s personnalis\u00e9es par rapport \u00e0 votre profil et activit\u00e9, vous d\u00e9finir un profil publicitaire personnalis\u00e9, mesurer la performance des publicit\u00e9s et du contenu de ce site et mesurer l\u2019audience de ce site <a href=\"#\" class=\"js-privacy\" target=\"_blank\">(en savoir plus)<\/a>            <\/p>\n<p>                En cliquant sur \u00ab J\u2019accepte tout \u00bb, vous consentez aux finalit\u00e9s susmentionn\u00e9es pour l\u2019ensemble des cookies et autres traceurs d\u00e9pos\u00e9s par Humanoid et <a class=\"embed-consent-overlay-vendors-link\" href=\"#preferences-vendeurs\">ses partenaires<\/a>.            <\/p>\n<p>                Vous gardez la possibilit\u00e9 de retirer votre consentement \u00e0 tout moment. Pour plus d\u2019informations, nous vous invitons \u00e0 prendre connaissance de notre <a href=\"https:\/\/www.frandroid.com\/politique-cookies\" rel=\"nofollow noopener\" target=\"_blank\">Politique cookies<\/a>.            <\/p>\n<p>            J\u2019accepte tout        <\/p>\n<p class=\"embed-consent-overlay-manage-choices\">            <a href=\"#preferences-publicitaires\">G\u00e9rer mes choix<\/a>        <\/p>\n<p>Ce nouveau langage de design inspir\u00e9 de visionOS mise tout sur la transparence, avec des r\u00e9sultats qui divisent encore. Apple a d\u2019ailleurs d\u00e9j\u00e0 d\u00fb ajuster le tir apr\u00e8s les retours mitig\u00e9s des premi\u00e8res b\u00eatas. Une chose est s\u00fbre : ces versions 26 sont un vrai changement visuel chez Apple.<\/p>\n<p><a target=\"_blank\" href=\"https:\/\/www.europesays.com\/fr\/wp-content\/uploads\/2025\/07\/image-73-8.jpg\" class=\"article-content__figure\"><img loading=\"lazy\" decoding=\"async\" width=\"980\" height=\"653\" src=\"https:\/\/www.europesays.com\/fr\/wp-content\/uploads\/2025\/07\/image-73-8.jpg\" alt=\"\" class=\"wp-image-2744397 wp-image\"  \/><\/a><\/p>\n<p>La star de ces nouvelles b\u00eatas, c\u2019est \u00e9videmment le <a href=\"https:\/\/www.frandroid.com\/marques\/apple\/2641769_apple-revolutionne-linterface-de-liphone-et-du-mac-voici-les-premieres-images\" rel=\"nofollow noopener\" target=\"_blank\">Liquid Glass<\/a>. Cette refonte compl\u00e8te de l\u2019interface iOS\/macOS pousse la transparence \u00e0 l\u2019extr\u00eame, avec des \u00e9l\u00e9ments qui semblent litt\u00e9ralement flotter sur l\u2019\u00e9cran. Apple s\u2019inspire directement de <a href=\"https:\/\/www.frandroid.com\/os\/visionos\" rel=\"nofollow noopener\" target=\"_blank\">visionOS<\/a>, son syst\u00e8me pour <a href=\"https:\/\/www.frandroid.com\/marques\/apple\/1955674_test-apple-vision-pro\" rel=\"nofollow noopener\" target=\"_blank\">Vision Pro<\/a>, pour cr\u00e9er cette esth\u00e9tique \u00ab\u00a0verre liquide\u00a0\u00bb qui tranche avec l\u2019approche plus opaque des versions pr\u00e9c\u00e9dentes.<\/p>\n<p><a target=\"_blank\" href=\"https:\/\/images.frandroid.com\/wp-content\/uploads\/2025\/07\/image-73-11.jpg\" class=\"article-content__figure\" rel=\"nofollow noopener\"><img loading=\"lazy\" decoding=\"async\" width=\"1200\" height=\"668\" src=\"https:\/\/www.europesays.com\/fr\/wp-content\/uploads\/2025\/07\/image-73-11-1200x668.jpg\" alt=\"\" class=\"wp-image-2744403 wp-image\"  \/><\/a><\/p>\n<p>Probl\u00e8me : les premiers retours ont \u00e9t\u00e9 plut\u00f4t ti\u00e8des. Beaucoup d\u2019utilisateurs trouvaient l\u2019interface illisible dans certaines conditions, notamment sur fonds clairs ou avec des wallpapers charg\u00e9s. Apple a r\u00e9agi en cours de route, ajustant la transparence et repensant le Centre de contr\u00f4le dans les b\u00eatas suivantes. Cette r\u00e9activit\u00e9 montre que m\u00eame Cupertino n\u2019\u00e9tait pas totalement s\u00fbr de son coup.<\/p>\n<p>La num\u00e9rotation 26 : comme les bagnoles<\/p>\n<p>Apple profite de ces nouvelles versions pour changer sa logique de num\u00e9rotation. Fini les iOS 18, macOS 15\u2026 place aux versions 26 qui correspondent \u00e0 l\u2019ann\u00e9e 2026 de sortie finale. Un syst\u00e8me inspir\u00e9 de l\u2019industrie automobile qui nomme ses mod\u00e8les selon l\u2019ann\u00e9e. Plus simple et plus logique : on sait directement si on a la derni\u00e8re version ou pas.<\/p>\n<p><a target=\"_blank\" href=\"https:\/\/images.frandroid.com\/wp-content\/uploads\/2025\/07\/image-73-9.jpg\" class=\"article-content__figure\" rel=\"nofollow noopener\"><img loading=\"lazy\" decoding=\"async\" width=\"1200\" height=\"675\" src=\"https:\/\/www.europesays.com\/fr\/wp-content\/uploads\/2025\/07\/image-73-9-1200x675.jpg\" alt=\"\" class=\"wp-image-2744399 wp-image\"  \/><\/a><\/p>\n<p>Ce changement facilite aussi la communication Apple. Au lieu de jongler entre iOS 18, macOS 15, watchOS 11 et autres num\u00e9rotations disparates, tout passe en 26. Coh\u00e9rence visuelle et marketing assur\u00e9e, m\u00eame si \u00e7a va demander un temps d\u2019adaptation aux habitu\u00e9s des anciennes versions.<\/p>\n<p>L\u2019id\u00e9e n\u2019est pas r\u00e9volutionnaire \u2013 Microsoft fait pareil avec Windows \u2013 mais elle simplifie la vie. Plus besoin de retenir que macOS Big Sur correspond \u00e0 la version 11, Monterey \u00e0 la 12\u2026 Avec Tahoe 26, pas de confusion possible.<\/p>\n<p>Comment installer les b\u00eatas publiques<\/p>\n<p>Attention : installer une b\u00eata, c\u2019est accepter bugs, plantages et dysfonctionnements. Ne le faites JAMAIS sur votre appareil principal. Prenez un iPhone\/Mac\/iPad secondaire ou attendez la version finale. Et surtout, effectuez une sauvegarde au pr\u00e9alable.<\/p>\n<p><strong>Pour iOS 26\/iPadOS 26 :<\/strong><\/p>\n<ol class=\"wp-block-list\">\n<li>Rendez-vous sur beta.apple.com depuis votre iPhone\/iPad<\/li>\n<li>Connectez-vous avec votre Apple ID<\/li>\n<li>Inscrivez votre appareil au programme<\/li>\n<li>Allez dans R\u00e9glages &gt; G\u00e9n\u00e9ral &gt; Mise \u00e0 jour logicielle<\/li>\n<li>Touchez \u00ab\u00a0Mises \u00e0 jour b\u00eata\u00a0\u00bb et s\u00e9lectionnez \u00ab\u00a0B\u00eata publique iOS 26\u00a0\u00bb<\/li>\n<li>Red\u00e9marrez et t\u00e9l\u00e9chargez la mise \u00e0 jour<\/li>\n<\/ol>\n<p><strong>Pour macOS Tahoe 26 :<\/strong><\/p>\n<ol class=\"wp-block-list\">\n<li>Allez sur beta.apple.com depuis votre Mac<\/li>\n<li>Connectez-vous et inscrivez votre Mac<\/li>\n<li>T\u00e9l\u00e9chargez macOS Beta Access Utility<\/li>\n<li>Installez l\u2019utilitaire et red\u00e9marrez<\/li>\n<li>Ouvrez Pr\u00e9f\u00e9rences Syst\u00e8me &gt; Mise \u00e0 jour logicielle<\/li>\n<li>La b\u00eata appara\u00eetra automatiquement<\/li>\n<\/ol>\n<p><strong>Pour watchOS 26 :<\/strong><\/p>\n<ol class=\"wp-block-list\">\n<li>Votre iPhone doit \u00eatre sur iOS 26 b\u00eata<\/li>\n<li>Ouvrez l\u2019app Watch sur iPhone<\/li>\n<li>Allez dans G\u00e9n\u00e9ral &gt; Mise \u00e0 jour logicielle<\/li>\n<li>Activez les mises \u00e0 jour b\u00eata<\/li>\n<li>T\u00e9l\u00e9chargez watchOS 26 (Watch sur chargeur obligatoire)<\/li>\n<\/ol>\n<p><strong>Pour sortir des b\u00eatas :<\/strong><\/p>\n<ul class=\"wp-block-list\">\n<li>iOS\/iPadOS : R\u00e9glages &gt; G\u00e9n\u00e9ral &gt; VPN et gestion d\u2019appareils &gt; Supprimer le profil b\u00eata<\/li>\n<li>macOS : Pr\u00e9f\u00e9rences Syst\u00e8me &gt; Mise \u00e0 jour logicielle &gt; D\u00e9tails &gt; Restaurer les valeurs par d\u00e9faut<\/li>\n<li>watchOS : Plus compliqu\u00e9, n\u00e9cessite souvent une restauration compl\u00e8te<\/li>\n<\/ul>\n<p>Ces b\u00eatas publiques ciblent les curieux et les early adopters. Si vous voulez d\u00e9couvrir l\u2019avenir d\u2019Apple en avant-premi\u00e8re, c\u2019est le moment. Mais gardez en t\u00eate que vous servez de b\u00eata-testeur gratuit pour Apple. Bugs, lenteurs et plantages font partie du package.<\/p>\n<p>Notre conseil : attendez au moins la b\u00eata publique 2 ou 3 pour que \u00e7a se stabilise. Les premi\u00e8res b\u00eatas publiques sont souvent instables.<\/p>\n","protected":false},"excerpt":{"rendered":"Les b\u00eatas publiques Apple sont l\u00e0 ! iOS 26, macOS Tahoe 26 avec le fameux Liquid Glass transparent.&hellip;\n","protected":false},"author":2,"featured_media":271273,"comment_status":"","ping_status":"","sticky":false,"template":"","format":"standard","meta":{"footnotes":""},"categories":[7],"tags":[41084,270,1011,27,28923,29693,28922,43,40,41,39,42,44,29738],"class_list":{"0":"post-271272","1":"post","2":"type-post","3":"status-publish","4":"format-standard","5":"has-post-thumbnail","7":"category-sciences-et-technologies","8":"tag-apple-tvos-26","9":"tag-breaking","10":"tag-fr","11":"tag-france","12":"tag-ios-26","13":"tag-ipados-26","14":"tag-macos-26","15":"tag-science","16":"tag-science-and-technology","17":"tag-sciences","18":"tag-sciences-et-technologies","19":"tag-technologies","20":"tag-technology","21":"tag-watchos-26"},"share_on_mastodon":{"url":"https:\/\/pubeurope.com\/@fr\/114910141201489352","error":""},"_links":{"self":[{"href":"https:\/\/www.europesays.com\/fr\/wp-json\/wp\/v2\/posts\/271272","targetHints":{"allow":["GET"]}}],"collection":[{"href":"https:\/\/www.europesays.com\/fr\/wp-json\/wp\/v2\/posts"}],"about":[{"href":"https:\/\/www.europesays.com\/fr\/wp-json\/wp\/v2\/types\/post"}],"author":[{"embeddable":true,"href":"https:\/\/www.europesays.com\/fr\/wp-json\/wp\/v2\/users\/2"}],"replies":[{"embeddable":true,"href":"https:\/\/www.europesays.com\/fr\/wp-json\/wp\/v2\/comments?post=271272"}],"version-history":[{"count":0,"href":"https:\/\/www.europesays.com\/fr\/wp-json\/wp\/v2\/posts\/271272\/revisions"}],"wp:featuredmedia":[{"embeddable":true,"href":"https:\/\/www.europesays.com\/fr\/wp-json\/wp\/v2\/media\/271273"}],"wp:attachment":[{"href":"https:\/\/www.europesays.com\/fr\/wp-json\/wp\/v2\/media?parent=271272"}],"wp:term":[{"taxonomy":"category","embeddable":true,"href":"https:\/\/www.europesays.com\/fr\/wp-json\/wp\/v2\/categories?post=271272"},{"taxonomy":"post_tag","embeddable":true,"href":"https:\/\/www.europesays.com\/fr\/wp-json\/wp\/v2\/tags?post=271272"}],"curies":[{"name":"wp","href":"https:\/\/api.w.org\/{rel}","templated":true}]}}