{"id":271274,"date":"2025-07-24T20:39:12","date_gmt":"2025-07-24T20:39:12","guid":{"rendered":"https:\/\/www.europesays.com\/fr\/271274\/"},"modified":"2025-07-24T20:39:12","modified_gmt":"2025-07-24T20:39:12","slug":"droits-de-douane-le-pdg-de-lvmh-juge-indispensable-un-accord-amiable-entre-ue-et-usa-24-07-2025-a-1941","status":"publish","type":"post","link":"https:\/\/www.europesays.com\/fr\/271274\/","title":{"rendered":"Droits de douane: le PDG de LVMH juge \u00ab\u00a0indispensable\u00a0\u00bb un accord amiable entre UE et USA &#8211; 24\/07\/2025 \u00e0 19:41"},"content":{"rendered":"<p>        <img fetchpriority=\"high\" decoding=\"async\" src=\"https:\/\/www.europesays.com\/fr\/wp-content\/uploads\/2025\/07\/8b53f95b1e93afae9256a45f168aae87-760x519.jpg\" alt=\"Le patron du num\u00e9ro un mondial du luxe LVMH Bernard Arnault  ( AFP \/ STEFANO RELLANDINI )\" loading=\"eager\" width=\"760\" height=\"519\" style=\"max-width: 100%!important; height: auto;\"\/><\/p>\n<p class=\"c-image-news__legend\">Le patron du num\u00e9ro un mondial du luxe LVMH Bernard Arnault  ( AFP \/ STEFANO RELLANDINI )<\/p>\n<p>\n Le PDG du num\u00e9ro un mondial du luxe<br \/>\n <a href=\"https:\/\/www.boursorama.com\/cours\/1rPMC\/\" rel=\"nofollow noopener\" target=\"_blank\"><br \/>\n  LVMH<br \/>\n <\/a><br \/>\n Bernard Arnault estime \u00ab\u00a0indispensable\u00a0\u00bb que l&rsquo;Union europ\u00e9enne (UE) trouve \u00ab\u00a0un accord (commercial) \u00e0 l&rsquo;amiable avec les \u00c9tats-Unis\u00a0\u00bb, sous peine de lourdement p\u00e9naliser les entreprises fran\u00e7aises et europ\u00e9ennes, jeudi dans un entretien au Figaro.\n<\/p>\n<p>\n \u00ab\u00a0Nous ne pouvons pas nous permettre de nous brouiller avec les \u00c9tats-Unis et de nous lancer dans une guerre commerciale avec le principal march\u00e9 de nos entreprises\u00a0\u00bb, met-il en garde, pr\u00e9venant que cela serait \u00ab\u00a0tr\u00e8s nuisible aux industriels europ\u00e9ens, et en particulier aux entrepreneurs fran\u00e7ais\u00a0\u00bb, selon les propos publi\u00e9s.\n<\/p>\n<p>\n \u00ab\u00a0M\u00eame si cela peut para\u00eetre facialement d\u00e9s\u00e9quilibr\u00e9, ce sera pr\u00e9f\u00e9rable au bras de fer\u00a0\u00bb, insiste M. Arnault dans cet entretien publi\u00e9 apr\u00e8s qu&rsquo;un porte-parole de la Commission europ\u00e9enne a assur\u00e9 jeudi qu&rsquo;un accord \u00e9tait \u00e0 \u00ab\u00a0port\u00e9e de main\u00a0\u00bb.\n<\/p>\n<p>\n Bernard Arnault dit tabler sur une issue \u00ab\u00a0pragmatique, efficace et amicale\u00a0\u00bb des discussions entre Europ\u00e9ens et Am\u00e9ricains.\n<\/p>\n<p>\n Emmanuel Macron et les dirigeants allemand Friedrich Merz et italienne Giorgia Meloni semblent \u00ab\u00a0tr\u00e8s conscients de cela\u00a0\u00bb, observe le patron de LVMH.\n<\/p>\n<p>\n Son fils Antoine s&rsquo;est r\u00e9cemment amus\u00e9 de la relation privil\u00e9gi\u00e9e de Bernard Arnault  avec le pr\u00e9sident am\u00e9ricain Donald Trump. \u00ab\u00a0Vous avez peut-\u00eatre remarqu\u00e9 qu&rsquo;en plus de ses multiples casquettes, il est r\u00e9cemment devenu diplomate\u00a0\u00bb, avait-il soulign\u00e9 en juin alors qu&rsquo;il rempla\u00e7ait son p\u00e8re au pied lev\u00e9 au salon Vivatech.\n<\/p>\n<p>\n Concernant la Chine, autre march\u00e9 crucial pour LVMH, Bernard Arnault a salu\u00e9 le fait que les principaux exportateurs de cognac avaient finalement \u00e9chapp\u00e9 au d\u00e9but du mois \u00e0 une augmentation des droits de douanes en contrepartie d&rsquo;une hausse de leurs prix d&rsquo;environ 10%.\n<\/p>\n<p>\n \u00ab\u00a0C&rsquo;est tr\u00e8s important car les \u00c9tats-Unis et la Chine repr\u00e9sentent 80% des d\u00e9bouch\u00e9s pour le cognac\u00a0\u00bb, observe-t-il, en soulignant que le pr\u00e9sident Emmanuel Macron avait \u00ab\u00a0beaucoup \u0153uvr\u00e9\u00a0\u00bb pour concr\u00e9tiser cet accord \u00ab\u00a0port\u00e9 par la fili\u00e8re\u00a0\u00bb.<\/p>\n","protected":false},"excerpt":{"rendered":"Le patron du num\u00e9ro un mondial du luxe LVMH Bernard Arnault ( AFP \/ STEFANO RELLANDINI ) Le&hellip;\n","protected":false},"author":2,"featured_media":271275,"comment_status":"","ping_status":"","sticky":false,"template":"","format":"standard","meta":{"footnotes":""},"categories":[6],"tags":[400,398,408,35,405,33,34,1011,27,403,402,399,404,401,406,407],"class_list":{"0":"post-271274","1":"post","2":"type-post","3":"status-publish","4":"format-standard","5":"has-post-thumbnail","7":"category-economie","8":"tag-action-cac-40","9":"tag-bourse-de-paris","10":"tag-boursorama","11":"tag-business","12":"tag-cotations","13":"tag-economie","14":"tag-economy","15":"tag-fr","16":"tag-france","17":"tag-indices-devises","18":"tag-investir","19":"tag-investissement","20":"tag-marche-boursier","21":"tag-sicav","22":"tag-trackers","23":"tag-warrants"},"share_on_mastodon":{"url":"https:\/\/pubeurope.com\/@fr\/114910145020819905","error":""},"_links":{"self":[{"href":"https:\/\/www.europesays.com\/fr\/wp-json\/wp\/v2\/posts\/271274","targetHints":{"allow":["GET"]}}],"collection":[{"href":"https:\/\/www.europesays.com\/fr\/wp-json\/wp\/v2\/posts"}],"about":[{"href":"https:\/\/www.europesays.com\/fr\/wp-json\/wp\/v2\/types\/post"}],"author":[{"embeddable":true,"href":"https:\/\/www.europesays.com\/fr\/wp-json\/wp\/v2\/users\/2"}],"replies":[{"embeddable":true,"href":"https:\/\/www.europesays.com\/fr\/wp-json\/wp\/v2\/comments?post=271274"}],"version-history":[{"count":0,"href":"https:\/\/www.europesays.com\/fr\/wp-json\/wp\/v2\/posts\/271274\/revisions"}],"wp:featuredmedia":[{"embeddable":true,"href":"https:\/\/www.europesays.com\/fr\/wp-json\/wp\/v2\/media\/271275"}],"wp:attachment":[{"href":"https:\/\/www.europesays.com\/fr\/wp-json\/wp\/v2\/media?parent=271274"}],"wp:term":[{"taxonomy":"category","embeddable":true,"href":"https:\/\/www.europesays.com\/fr\/wp-json\/wp\/v2\/categories?post=271274"},{"taxonomy":"post_tag","embeddable":true,"href":"https:\/\/www.europesays.com\/fr\/wp-json\/wp\/v2\/tags?post=271274"}],"curies":[{"name":"wp","href":"https:\/\/api.w.org\/{rel}","templated":true}]}}