{"id":271277,"date":"2025-07-24T20:41:11","date_gmt":"2025-07-24T20:41:11","guid":{"rendered":"https:\/\/www.europesays.com\/fr\/271277\/"},"modified":"2025-07-24T20:41:11","modified_gmt":"2025-07-24T20:41:11","slug":"lalgerie-replique-a-la-france-et-prend-des-mesures-restrictives-contre-des-diplomates-francais","status":"publish","type":"post","link":"https:\/\/www.europesays.com\/fr\/271277\/","title":{"rendered":"L\u2019Alg\u00e9rie r\u00e9plique \u00e0 la France et prend des mesures restrictives contre des diplomates fran\u00e7ais"},"content":{"rendered":"<p>Les services du ministre de l\u2019int\u00e9rieur fran\u00e7ais avaient confirm\u00e9 au Figaro que plusieurs dizaines de responsables politiques, \u00e9conomiques ou militaires alg\u00e9riens allaient perdre leurs privil\u00e8ges diplomatiques, rendant plus complexes leurs visites et leur circulation en France.<\/p>\n<p class=\"fig-paragraph\">La riposte d\u2019<a href=\"http:\/\/www.lefigaro.fr\/vox\/monde\/algerie-israel-comment-nos-faiblesses-interieures-empoisonnent-notre-politique-etrangere-20250720\" target=\"_blank\" data-fig-type=\"Article\" rel=\"noopener\" data-gtm-custom-categorie=\"navigation\" data-gtm-custom-action=\"crossclick\" data-gtm-custom-label=\"Contextuel\" data-gtm-event=\"customEventSPE\" data-fig-domain=\"LEFIGARO\">Alger<\/a>. Le minist\u00e8re des Affaires \u00e9trang\u00e8res alg\u00e9rien a annonc\u00e9, dans un communiqu\u00e9 publi\u00e9 ce 24 juillet, appliquer \u00abavec rigueur et sans d\u00e9lai, le principe de la r\u00e9ciprocit\u00e9\u00bb face aux mesures restrictives prises lundi soir par\u00a0<a href=\"http:\/\/www.lefigaro.fr\/faits-divers\/bruno-retailleau-prend-des-mesures-contre-de-hauts-responsables-algeriens-20250722\" target=\"_blank\" data-fig-type=\"NewsFlash\" rel=\"noopener\" data-gtm-custom-categorie=\"navigation\" data-gtm-custom-action=\"crossclick\" data-gtm-custom-label=\"Contextuel\" data-gtm-event=\"customEventSPE\" data-fig-domain=\"LEFIGARO\">Bruno Retailleau \u00e0 l\u2019encontre de hauts responsables alg\u00e9riens<\/a>.<\/p>\n<p class=\"fig-paragraph\">Les services du ministre de l\u2019int\u00e9rieur fran\u00e7ais avaient confirm\u00e9 au Figaro que plusieurs dizaines de responsables politiques, \u00e9conomiques ou militaires alg\u00e9riens allaient perdre leurs privil\u00e8ges diplomatiques, rendant plus complexes leurs visites et leur circulation en France. Ils n\u2019auraient plus de facilit\u00e9 pour circuler, s\u2019installer, ou pour acc\u00e9der aux soins m\u00e9dicaux en France. \u00abCe n\u2019est que le d\u00e9but, nous pouvons aller encore plus loin\u00bb, avait averti l\u2019entourage de Bruno Retailleau.<\/p>\n<p>                                    <a class=\"fig-a11y-skip a11y-hidden\" href=\"#fig-a11y-skip-main-inarticle\"><br \/>\n        Passer la publicit\u00e9<br \/>\n    <\/a><\/p>\n<p>\u00abDans l\u2019opacit\u00e9 totale et sans la moindre notification officielle\u00bb<\/p>\n<p class=\"fig-paragraph\">Ce jeudi 24 juillet, l\u2019Alg\u00e9rie a \u00abpris connaissance, avec \u00e9tonnement, de la mesure prise pour entraver l\u2019acc\u00e8s des agents accr\u00e9dit\u00e9s d l\u2019Ambassade d\u2019Alg\u00e9rie en France aux zones r\u00e9serv\u00e9es des a\u00e9roports parisiens aux fins de prise en charge des valises diplomatiques\u00bb, peut-on lire dans le communiqu\u00e9 de minist\u00e8re des Affaires \u00e9trang\u00e8res alg\u00e9rien, qui minimise les mesures du pr\u00e9sident des\u00a0<a href=\"http:\/\/www.lefigaro.fr\/politique\/les-republicains-encouragent-bruno-retailleau-a-maintenir-la-pression-sur-emmanuel-macron-20250724\" target=\"_blank\" data-fig-type=\"Article\" rel=\"noopener\" data-gtm-custom-categorie=\"navigation\" data-gtm-custom-action=\"crossclick\" data-gtm-custom-label=\"Contextuel\" data-gtm-event=\"customEventSPE\" data-fig-domain=\"LEFIGARO\">R\u00e9publicains<\/a>.<\/p>\n<p class=\"fig-paragraph\">\u00abLe charg\u00e9 d\u2019affaires de l\u2019ambassade de France en Alg\u00e9rie a \u00e9t\u00e9 re\u00e7u ce jour au si\u00e8ge du minist\u00e8re des Affaires \u00e9trang\u00e8res, afin de lui demander des clarifications \u00e0 ce sujet. De m\u00eame, le charg\u00e9 d\u2019affaires de l\u2019ambassade d\u2019Alg\u00e9rie en France a pris attache avec les services comp\u00e9tents du minist\u00e8re fran\u00e7ais de l\u2019Europe et des Affaires \u00e9trang\u00e8res\u00bb, poursuit le minist\u00e8re.<\/p>\n<p class=\"fig-paragraph\">Et de continuer, dans l\u2019optique d\u2019isoler Bruno Retailleau: \u00abLes d\u00e9marches entreprises (&#8230;) ont permis d\u2019\u00e9tablir que ladite mesure a \u00e9t\u00e9 prise par le minist\u00e8re fran\u00e7ais de l\u2019Int\u00e9rieur, \u00e0 l\u2019insu du minist\u00e8re de l\u2019Europe et des Affaires \u00e9trang\u00e8res, dans l\u2019opacit\u00e9 totale et sans la moindre notification officielle comme le veulent les r\u00e8gles \u00e9l\u00e9mentaires de la pratique diplomatique\u00bb. \u00abCette mesure constitue une atteinte grave au bon fonctionnement de la mission diplomatique alg\u00e9rienne en France, ainsi qu\u2019une violation manifeste\u00bb de la Convention de Vienne, qui stipule que toute mission diplomatique a le droit \u00abd\u2019envoyer un de ses membres accr\u00e9dit\u00e9s pour prendre livraison, directement et librement, de la valise diplomatique aupr\u00e8s du commandant de l\u2019a\u00e9ronef\u00bb.<\/p>\n<p class=\"fig-paragraph\">L\u2019Alg\u00e9rie a donc \u00abd\u00e9cid\u00e9 d\u2019appliquer avec rigueur et sans d\u00e9lai, le principe de la r\u00e9ciprocit\u00e9. Elle se r\u00e9serve \u00e9galement le droit de recourir \u00e0 toutes les voies l\u00e9gales appropri\u00e9es, y compris la saisine des Nations Unies, afin de faire valoir ses droits\u00bb.<\/p>\n<p>La France \u00abMacronito-sioniste\u00bb<\/p>\n<p class=\"fig-paragraph\">La France et l\u2019Alg\u00e9rie sont emp\u00eatr\u00e9s, depuis juillet 2024 et la reconnaissance par Emmanuel Macron de la \u00absouverainet\u00e9 marocaine\u00bb sur le\u00a0<a href=\"http:\/\/www.lefigaro.fr\/international\/sahara-occidental-que-contient-le-plan-d-autonomie-du-maroc-desormais-soutenu-par-le-royaume-uni-20250602\" target=\"_blank\" data-fig-type=\"Article\" rel=\"noopener\" data-gtm-custom-categorie=\"navigation\" data-gtm-custom-action=\"crossclick\" data-gtm-custom-label=\"Contextuel\" data-gtm-event=\"customEventSPE\" data-fig-domain=\"LEFIGARO\">Sahara occidental,<\/a>\u00a0dans une profonde crise diplomatique. Les services de presse alg\u00e9riens n\u2019ont cess\u00e9 de mener la charge contre la\u00a0<a href=\"http:\/\/www.lefigaro.fr\/international\/boualem-sansal-l-algerie-confirme-l-arrestation-de-l-ecrivain-et-etrille-la-france-macronito-sioniste-20241122\" target=\"_blank\" data-fig-type=\"NewsFlash\" rel=\"noopener\" data-gtm-custom-categorie=\"navigation\" data-gtm-custom-action=\"crossclick\" data-gtm-custom-label=\"Contextuel\" data-gtm-event=\"customEventSPE\" data-fig-domain=\"LEFIGARO\">France \u00abMacronito-sioniste\u00bb<\/a>, tout en gardant le silence sur l\u2019affaire des \u00ab<a href=\"http:\/\/www.lefigaro.fr\/actualite-france\/au-proces-de-l-influenceur-algerien-imadtintin-l-epineuse-question-de-la-traduction-20250523\" target=\"_blank\" data-fig-type=\"NewsFlash\" rel=\"noopener\" data-gtm-custom-categorie=\"navigation\" data-gtm-custom-action=\"crossclick\" data-gtm-custom-label=\"Contextuel\" data-gtm-event=\"customEventSPE\" data-fig-domain=\"LEFIGARO\">influenceurs alg\u00e9riens<\/a> \u00bb, qui ont appel\u00e9 \u00e0 commettre des violences et des attentats en France en soutien au r\u00e9gime d\u2019Abdelmadjid Tebboune.<\/p>\n<p>                                    <a class=\"fig-a11y-skip a11y-hidden\" href=\"#fig-a11y-skip-main-inarticle_mtf\"><br \/>\n        Passer la publicit\u00e9<br \/>\n    <\/a><\/p>\n<p class=\"fig-paragraph\">Bruno Retailleau a, apr\u00e8s l\u2019<a href=\"http:\/\/www.lefigaro.fr\/flash-actu\/il-n-y-aurait-pas-eu-d-attentat-a-mulhouse-si-l-algerie-avait-respecte-le-droit-et-ses-obligations-assene-bruno-retailleau-a-orleans-20250307\" target=\"_blank\" data-fig-type=\"NewsFlash\" rel=\"noopener\" data-gtm-custom-categorie=\"navigation\" data-gtm-custom-action=\"crossclick\" data-gtm-custom-label=\"Contextuel\" data-gtm-event=\"customEventSPE\" data-fig-domain=\"LEFIGARO\">attentat d\u2019un Alg\u00e9rien sous OQTF \u00e0 Mulhouse<\/a>, promis de mettre en place une \u00ab<a href=\"http:\/\/www.lefigaro.fr\/international\/tensions-entre-la-france-et-l-algerie-ou-en-est-la-riposte-graduee-promise-par-bruno-retailleau-20250415\" target=\"_blank\" data-fig-type=\"Article\" rel=\"noopener\" data-gtm-custom-categorie=\"navigation\" data-gtm-custom-action=\"crossclick\" data-gtm-custom-label=\"Contextuel\" data-gtm-event=\"customEventSPE\" data-fig-domain=\"LEFIGARO\">riposte gradu\u00e9e<\/a> \u00bb ordonnant le renvoi de plusieurs diplomates et envoyant en mars \u00e0 Alger une liste de ressortissants \u00abdangereux\u00bb \u00e0 expulser de France.<\/p>\n<p class=\"fig-paragraph\">Le dialogue entre les deux pays avait finalement repris apr\u00e8s un appel t\u00e9l\u00e9phonique entre Emmanuel Macron et Abdelmadjid Tebboune fin mars. Mais,\u00a0<a href=\"http:\/\/www.lefigaro.fr\/actualite-france\/islamiste-sous-oqtf-l-algerie-continue-de-refuser-ses-citoyens-expulses-de-france-20250722\" target=\"_blank\" data-fig-type=\"NewsFlash\" rel=\"noopener\" data-gtm-custom-categorie=\"navigation\" data-gtm-custom-action=\"crossclick\" data-gtm-custom-label=\"Contextuel\" data-gtm-event=\"customEventSPE\" data-fig-domain=\"LEFIGARO\">comme l\u2019a r\u00e9v\u00e9l\u00e9 Le Figaro jeudi<\/a>, l\u2019Alg\u00e9rie a continu\u00e9 dans l\u2019ombre \u00e0 refuser ses ressortissants pourtant expuls\u00e9s par la France, car sous\u00a0<a href=\"http:\/\/www.lefigaro.fr\/actualite-france\/grenoble-l-oqtf-prononcee-contre-l-influenceur-algerien-imad-tintin-annulee-20250723\" target=\"_blank\" data-fig-type=\"NewsFlash\" rel=\"noopener\" data-gtm-custom-categorie=\"navigation\" data-gtm-custom-action=\"crossclick\" data-gtm-custom-label=\"Contextuel\" data-gtm-event=\"customEventSPE\" data-fig-domain=\"LEFIGARO\">OQTF<\/a>\u00a0ou irr\u00e9guliers. 53 individus expuls\u00e9s ont \u00e9t\u00e9 renvoy\u00e9s en France entre mars et le 22 juillet.<\/p>\n","protected":false},"excerpt":{"rendered":"Les services du ministre de l\u2019int\u00e9rieur fran\u00e7ais avaient confirm\u00e9 au Figaro que plusieurs dizaines de responsables politiques, \u00e9conomiques&hellip;\n","protected":false},"author":2,"featured_media":271278,"comment_status":"","ping_status":"","sticky":false,"template":"","format":"standard","meta":{"footnotes":""},"categories":[4],"tags":[11,15,1013,1011,27,12,25],"class_list":{"0":"post-271277","1":"post","2":"type-post","3":"status-publish","4":"format-standard","5":"has-post-thumbnail","7":"category-france","8":"tag-actualites","9":"tag-algerie","10":"tag-bruno-retailleau","11":"tag-fr","12":"tag-france","13":"tag-news","14":"tag-republique-francaise"},"share_on_mastodon":{"url":"https:\/\/pubeurope.com\/@fr\/114910152865866249","error":""},"_links":{"self":[{"href":"https:\/\/www.europesays.com\/fr\/wp-json\/wp\/v2\/posts\/271277","targetHints":{"allow":["GET"]}}],"collection":[{"href":"https:\/\/www.europesays.com\/fr\/wp-json\/wp\/v2\/posts"}],"about":[{"href":"https:\/\/www.europesays.com\/fr\/wp-json\/wp\/v2\/types\/post"}],"author":[{"embeddable":true,"href":"https:\/\/www.europesays.com\/fr\/wp-json\/wp\/v2\/users\/2"}],"replies":[{"embeddable":true,"href":"https:\/\/www.europesays.com\/fr\/wp-json\/wp\/v2\/comments?post=271277"}],"version-history":[{"count":0,"href":"https:\/\/www.europesays.com\/fr\/wp-json\/wp\/v2\/posts\/271277\/revisions"}],"wp:featuredmedia":[{"embeddable":true,"href":"https:\/\/www.europesays.com\/fr\/wp-json\/wp\/v2\/media\/271278"}],"wp:attachment":[{"href":"https:\/\/www.europesays.com\/fr\/wp-json\/wp\/v2\/media?parent=271277"}],"wp:term":[{"taxonomy":"category","embeddable":true,"href":"https:\/\/www.europesays.com\/fr\/wp-json\/wp\/v2\/categories?post=271277"},{"taxonomy":"post_tag","embeddable":true,"href":"https:\/\/www.europesays.com\/fr\/wp-json\/wp\/v2\/tags?post=271277"}],"curies":[{"name":"wp","href":"https:\/\/api.w.org\/{rel}","templated":true}]}}