{"id":271281,"date":"2025-07-24T20:43:38","date_gmt":"2025-07-24T20:43:38","guid":{"rendered":"https:\/\/www.europesays.com\/fr\/271281\/"},"modified":"2025-07-24T20:43:38","modified_gmt":"2025-07-24T20:43:38","slug":"un-avion-100-electrique-sest-pose-a-laeroport-de-saint-etienne","status":"publish","type":"post","link":"https:\/\/www.europesays.com\/fr\/271281\/","title":{"rendered":"Un avion 100% \u00e9lectrique s&rsquo;est pos\u00e9 \u00e0 l&rsquo;a\u00e9roport de Saint-Etienne"},"content":{"rendered":"<p><img decoding=\"async\" class=\"\" style=\"width:100%\" src=\"https:\/\/www.europesays.com\/fr\/wp-content\/uploads\/2025\/07\/Avion1753247655165.jpg\" alt=\"Hertzy, l'avion 100% \u00e9lectrique, s'est pos\u00e9 pour la premi\u00e8re fois \u00e0 l'a\u00e9roport de Saint-Etienne\"\/><\/p>\n<p>Hertzy, l&rsquo;avion 100% \u00e9lectrique, s&rsquo;est pos\u00e9 pour la premi\u00e8re fois \u00e0 l&rsquo;a\u00e9roport de Saint-Etienne<\/p>\n<p>Cr\u00e9dit : Facebook &#8211; Elektro Tour<\/p>\n<p>Hertzy, l&rsquo;avion 100% \u00e9lectrique de l&rsquo;Elektro Tour s&rsquo;est pos\u00e9 tranquillement et sans encombre sur le tarmac de l&rsquo;a\u00e9roport de Saint-Etienne. C&rsquo;est la premi\u00e8re fois que le lieu accueille un avion 100% \u00e9lectrique et cela donnes des id\u00e9es : selon <a href=\"https:\/\/c.leprogres.fr\/economie\/2025\/07\/22\/le-premier-avion-100-electrique-s-est-pose-a-l-aeroport-de-saint-etienne\" rel=\"noopener\" target=\"_blank\">Le Progr\u00e8s<\/a>, l&rsquo;a\u00e9roport songe a installer une borne \u00e9lectrique pour ce type d&rsquo;avion et ainsi devenir un lieu privil\u00e9gier pour l&rsquo;aviation \u00e9lectrique.<\/p>\n<p>Le projet Elektro Tour<\/p>\n<p>En attendant, c&rsquo;est Hertzy qui s&rsquo;est pos\u00e9 en premier ce mardi 22 juillet. Il est dans les derni\u00e8res \u00e9tapes de son tour de France, d\u00e9but\u00e9 le 1er juillet \u00e0 Lyon. L&rsquo;avion a \u00e9galement travers\u00e9 la Manche pour se poser \u00e0 Londres. En tout, c&rsquo;est un parcours d&rsquo;environ 2800km qui a \u00e9t\u00e9 suivi par les quatre jeunes pilotes. Le but de l&rsquo;Elektro Tour : tester cette nouvelle technologie et informer le grand public du projet pour <a href=\"https:\/\/www.helloasso.com\/associations\/elektro-tour\/collectes\/elektro-tour-1ere-traversee-de-la-manche-en-avion-electrique-certifiee\" rel=\"noopener\" target=\"_blank\">r\u00e9colter des fonds<\/a>.<\/p>\n<p>L&rsquo;aviation \u00e9l\u00e9ctrique se d\u00e9veloppe de plus en plus. Rien qu&rsquo;\u00e0 Saint-Etienne, des entreprises projettent elles aussi de construire leur propre avion. Eenuee a pour projet de construire un avion \u00e9lectrique pouvant transporter 19 passager et avec 500 km d&rsquo;autonomie. Le premier vol est pr\u00e9vu en 2029.<\/p>\n","protected":false},"excerpt":{"rendered":"Hertzy, l&rsquo;avion 100% \u00e9lectrique, s&rsquo;est pos\u00e9 pour la premi\u00e8re fois \u00e0 l&rsquo;a\u00e9roport de Saint-Etienne Cr\u00e9dit : Facebook &#8211;&hellip;\n","protected":false},"author":2,"featured_media":271282,"comment_status":"","ping_status":"","sticky":false,"template":"","format":"standard","meta":{"footnotes":""},"categories":[9653],"tags":[1111,11,41085,2430,7182,37,579,8722,1777,674,1011,27,28698,12,25,4001],"class_list":{"0":"post-271281","1":"post","2":"type-post","3":"status-publish","4":"format-standard","5":"has-post-thumbnail","7":"category-saint-etienne","8":"tag-actu","9":"tag-actualites","10":"tag-aeroport-de-saint-etienne","11":"tag-auvergne-rhone-alpes","12":"tag-aviation","13":"tag-avion","14":"tag-electricite","15":"tag-electrique","16":"tag-eu","17":"tag-europe","18":"tag-fr","19":"tag-france","20":"tag-mobilite-durable","21":"tag-news","22":"tag-republique-francaise","23":"tag-saint-etienne"},"share_on_mastodon":{"url":"https:\/\/pubeurope.com\/@fr\/114910160964582958","error":""},"_links":{"self":[{"href":"https:\/\/www.europesays.com\/fr\/wp-json\/wp\/v2\/posts\/271281","targetHints":{"allow":["GET"]}}],"collection":[{"href":"https:\/\/www.europesays.com\/fr\/wp-json\/wp\/v2\/posts"}],"about":[{"href":"https:\/\/www.europesays.com\/fr\/wp-json\/wp\/v2\/types\/post"}],"author":[{"embeddable":true,"href":"https:\/\/www.europesays.com\/fr\/wp-json\/wp\/v2\/users\/2"}],"replies":[{"embeddable":true,"href":"https:\/\/www.europesays.com\/fr\/wp-json\/wp\/v2\/comments?post=271281"}],"version-history":[{"count":0,"href":"https:\/\/www.europesays.com\/fr\/wp-json\/wp\/v2\/posts\/271281\/revisions"}],"wp:featuredmedia":[{"embeddable":true,"href":"https:\/\/www.europesays.com\/fr\/wp-json\/wp\/v2\/media\/271282"}],"wp:attachment":[{"href":"https:\/\/www.europesays.com\/fr\/wp-json\/wp\/v2\/media?parent=271281"}],"wp:term":[{"taxonomy":"category","embeddable":true,"href":"https:\/\/www.europesays.com\/fr\/wp-json\/wp\/v2\/categories?post=271281"},{"taxonomy":"post_tag","embeddable":true,"href":"https:\/\/www.europesays.com\/fr\/wp-json\/wp\/v2\/tags?post=271281"}],"curies":[{"name":"wp","href":"https:\/\/api.w.org\/{rel}","templated":true}]}}