{"id":271283,"date":"2025-07-24T20:44:30","date_gmt":"2025-07-24T20:44:30","guid":{"rendered":"https:\/\/www.europesays.com\/fr\/271283\/"},"modified":"2025-07-24T20:44:30","modified_gmt":"2025-07-24T20:44:30","slug":"asse-les-premiers-enseignements-des-matchs-amicaux","status":"publish","type":"post","link":"https:\/\/www.europesays.com\/fr\/271283\/","title":{"rendered":"ASSE : les premiers enseignements des matchs amicaux"},"content":{"rendered":"<p><strong>Supporters st\u00e9phanois, c\u2019est l\u2019heure de votre traditionnelle vid\u00e9o de la semaine. <\/strong><\/p>\n<p>Cette semaine, on a d\u00e9cid\u00e9 de revenir sur les trois premiers matchs amicaux de <a href=\"https:\/\/www.butfootballclub.fr\/actualites\/ligue-1\/asse\/\" data-type=\"link\" data-id=\"https:\/\/www.butfootballclub.fr\/actualites\/ligue-1\/asse\/\" rel=\"nofollow noopener\" target=\"_blank\">l\u2019AS Saint-\u00c9tienne<\/a> (deux victoires face \u00e0 l\u2019\u00c9toile Carouge (3-1) et Troyes (1-1) et une d\u00e9faite face au Servette Gen\u00e8ve). Laurent Hess, notre correspondant \u00e0 Saint-\u00c9tienne, et Fabien Chorlet donnent leurs satisfactions et leurs d\u00e9ceptions de trois premiers matchs de pr\u00e9paration.<\/p>\n<p>Dans ce talkshow, nos journalistes parlent aussi mercato et s\u2019attardent aussi sur les d\u00e9parts imminents d\u2019Yvann Ma\u00e7on, Benjamin Bouchouari, l\u2019arriv\u00e9e imminente de Paul Joly (AJ Auxerre ) et les rumeurs Giorgi Gocholeishvili (Shakhtar Donetsk) et Max Johnston (Strum Graz).<\/p>\n","protected":false},"excerpt":{"rendered":"Supporters st\u00e9phanois, c\u2019est l\u2019heure de votre traditionnelle vid\u00e9o de la semaine. Cette semaine, on a d\u00e9cid\u00e9 de revenir&hellip;\n","protected":false},"author":2,"featured_media":271284,"comment_status":"","ping_status":"","sticky":false,"template":"","format":"standard","meta":{"footnotes":""},"categories":[9653],"tags":[1111,11,2430,448,1777,674,63,1011,27,66,3388,12,25,4001,10662],"class_list":{"0":"post-271283","1":"post","2":"type-post","3":"status-publish","4":"format-standard","5":"has-post-thumbnail","7":"category-saint-etienne","8":"tag-actu","9":"tag-actualites","10":"tag-auvergne-rhone-alpes","11":"tag-champions-league","12":"tag-eu","13":"tag-europe","14":"tag-football","15":"tag-fr","16":"tag-france","17":"tag-ligue-1","18":"tag-matchs","19":"tag-news","20":"tag-republique-francaise","21":"tag-saint-etienne","22":"tag-transferts"},"share_on_mastodon":{"url":"https:\/\/pubeurope.com\/@fr\/114910164605026184","error":""},"_links":{"self":[{"href":"https:\/\/www.europesays.com\/fr\/wp-json\/wp\/v2\/posts\/271283","targetHints":{"allow":["GET"]}}],"collection":[{"href":"https:\/\/www.europesays.com\/fr\/wp-json\/wp\/v2\/posts"}],"about":[{"href":"https:\/\/www.europesays.com\/fr\/wp-json\/wp\/v2\/types\/post"}],"author":[{"embeddable":true,"href":"https:\/\/www.europesays.com\/fr\/wp-json\/wp\/v2\/users\/2"}],"replies":[{"embeddable":true,"href":"https:\/\/www.europesays.com\/fr\/wp-json\/wp\/v2\/comments?post=271283"}],"version-history":[{"count":0,"href":"https:\/\/www.europesays.com\/fr\/wp-json\/wp\/v2\/posts\/271283\/revisions"}],"wp:featuredmedia":[{"embeddable":true,"href":"https:\/\/www.europesays.com\/fr\/wp-json\/wp\/v2\/media\/271284"}],"wp:attachment":[{"href":"https:\/\/www.europesays.com\/fr\/wp-json\/wp\/v2\/media?parent=271283"}],"wp:term":[{"taxonomy":"category","embeddable":true,"href":"https:\/\/www.europesays.com\/fr\/wp-json\/wp\/v2\/categories?post=271283"},{"taxonomy":"post_tag","embeddable":true,"href":"https:\/\/www.europesays.com\/fr\/wp-json\/wp\/v2\/tags?post=271283"}],"curies":[{"name":"wp","href":"https:\/\/api.w.org\/{rel}","templated":true}]}}