{"id":271298,"date":"2025-07-24T20:55:12","date_gmt":"2025-07-24T20:55:12","guid":{"rendered":"https:\/\/www.europesays.com\/fr\/271298\/"},"modified":"2025-07-24T20:55:12","modified_gmt":"2025-07-24T20:55:12","slug":"un-media-belge-victime-de-cambriolages-a-grenoble","status":"publish","type":"post","link":"https:\/\/www.europesays.com\/fr\/271298\/","title":{"rendered":"un m\u00e9dia belge victime de cambriolages \u00e0 Grenoble"},"content":{"rendered":"<p>\u00c0 la veille de la 18e \u00e9tape, la moto et le mat\u00e9riel de cam\u00e9ra du m\u00e9dia belge sportif Sporza ont \u00e9t\u00e9 vol\u00e9s dans la nuit de mercredi \u00e0 jeudi.<\/p>\n<p class=\"fig-paragraph\">La moto gar\u00e9e devant l\u2019h\u00f4tel du m\u00e9dia belge a disparu dans la nuit de mercredi \u00e0 jeudi. Le v\u00e9hicule a \u00e9galement \u00e9t\u00e9 vandalis\u00e9 et des cam\u00e9ras ont \u00e9t\u00e9 vol\u00e9es. \u00abLa moto sur laquelle Maarten Vangramberen devait faire son reportage en direction du Col de la Loze a \u00e9t\u00e9 vol\u00e9e. Il n\u2019y aura donc pas de reportage \u00e0 moto aujourd\u2019hui lors des \u00e9missions sur VRT 1 et Radio 1\u00bb, a indiqu\u00e9 Sporza ce jeudi sur son site internet. Sporza couvre le Tour de France pour VRT 1, une cha\u00eene de t\u00e9l\u00e9vision flamande et Radio 1. Avec des moyens limit\u00e9s&#8230; \u00abNos \u00e9quipes en France restent op\u00e9rationnelles, mais elles doivent malheureusement continuer leur travail avec des moyens limit\u00e9s (&#8230;) Ils ont tout pris: cam\u00e9ras, \u00e9crans, mat\u00e9riel de sonorisation. Ils n\u2019ont laiss\u00e9 que mon s\u00e8che-cheveux. Heureusement, il restait aussi une cam\u00e9ra sous la plage arri\u00e8re, donc on peut encore en utiliser une\u00bb.<\/p>\n","protected":false},"excerpt":{"rendered":"\u00c0 la veille de la 18e \u00e9tape, la moto et le mat\u00e9riel de cam\u00e9ra du m\u00e9dia belge sportif&hellip;\n","protected":false},"author":2,"featured_media":271299,"comment_status":"","ping_status":"","sticky":false,"template":"","format":"standard","meta":{"footnotes":""},"categories":[9566],"tags":[1111,11,2430,1777,674,1011,27,2731,12,25,210],"class_list":{"0":"post-271298","1":"post","2":"type-post","3":"status-publish","4":"format-standard","5":"has-post-thumbnail","7":"category-grenoble","8":"tag-actu","9":"tag-actualites","10":"tag-auvergne-rhone-alpes","11":"tag-eu","12":"tag-europe","13":"tag-fr","14":"tag-france","15":"tag-grenoble","16":"tag-news","17":"tag-republique-francaise","18":"tag-tour-de-france"},"share_on_mastodon":{"url":"https:\/\/pubeurope.com\/@fr\/114910207916758763","error":""},"_links":{"self":[{"href":"https:\/\/www.europesays.com\/fr\/wp-json\/wp\/v2\/posts\/271298","targetHints":{"allow":["GET"]}}],"collection":[{"href":"https:\/\/www.europesays.com\/fr\/wp-json\/wp\/v2\/posts"}],"about":[{"href":"https:\/\/www.europesays.com\/fr\/wp-json\/wp\/v2\/types\/post"}],"author":[{"embeddable":true,"href":"https:\/\/www.europesays.com\/fr\/wp-json\/wp\/v2\/users\/2"}],"replies":[{"embeddable":true,"href":"https:\/\/www.europesays.com\/fr\/wp-json\/wp\/v2\/comments?post=271298"}],"version-history":[{"count":0,"href":"https:\/\/www.europesays.com\/fr\/wp-json\/wp\/v2\/posts\/271298\/revisions"}],"wp:featuredmedia":[{"embeddable":true,"href":"https:\/\/www.europesays.com\/fr\/wp-json\/wp\/v2\/media\/271299"}],"wp:attachment":[{"href":"https:\/\/www.europesays.com\/fr\/wp-json\/wp\/v2\/media?parent=271298"}],"wp:term":[{"taxonomy":"category","embeddable":true,"href":"https:\/\/www.europesays.com\/fr\/wp-json\/wp\/v2\/categories?post=271298"},{"taxonomy":"post_tag","embeddable":true,"href":"https:\/\/www.europesays.com\/fr\/wp-json\/wp\/v2\/tags?post=271298"}],"curies":[{"name":"wp","href":"https:\/\/api.w.org\/{rel}","templated":true}]}}