{"id":271300,"date":"2025-07-24T20:56:24","date_gmt":"2025-07-24T20:56:24","guid":{"rendered":"https:\/\/www.europesays.com\/fr\/271300\/"},"modified":"2025-07-24T20:56:24","modified_gmt":"2025-07-24T20:56:24","slug":"lancien-prefet-dille-et-vilaine-et-de-bretagne-nomme-a-la-cour-des-comptes-maville","status":"publish","type":"post","link":"https:\/\/www.europesays.com\/fr\/271300\/","title":{"rendered":"L\u2019ancien pr\u00e9fet d\u2019Ille-et-Vilaine et de Bretagne nomm\u00e9 \u00e0 la Cour des comptes &#8211; Maville"},"content":{"rendered":"<ol>\n<li><a href=\"https:\/\/news.google.com\/rss\/articles\/CBMi1AFBVV95cUxNRWtwczlwT3N0a053QVBQYW16ZVAyLXc1RVB6SXdpOUx3M242SXpvMVYtZThLb1NPR042UHBMTHdRN0Jma1FyRHY4VHBFUjk2OXltcEExRlBfYVNmc1dxR2wxXzNFOC1vTzRTUFk5RGJCdjJJWkVEMjlxZzE1cnBfOS0zTGVxUG5VbVhuVDY5RjktYm9xa1VTYkFOUERxVjM0Q1lobDBQWEd0Zk9DcXBnMTlDcVVLb05ESHU5OVh4dkJmOTRpVlNFdEtlc1hpalBha3g4YQ?oc=5\" target=\"_blank\" rel=\"nofollow noopener\">L\u2019ancien pr\u00e9fet d\u2019Ille-et-Vilaine et de Bretagne nomm\u00e9 \u00e0 la Cour des comptes<\/a>&nbsp;&nbsp;Maville<\/li>\n<li><a href=\"https:\/\/news.google.com\/rss\/articles\/CBMi3gFBVV95cUxOVEc0LXdiYzEzTHRrTnhRcHBReW93Z3FzdkJBUXhJeW1DZlZNZFgxZUxXS3lkLVlGRVF2dW1BN290bUFhVERmZU84UXBOczVCa3NGbVozSjh2U3VScklPQ0JvN3RnMzJLR3RGMEdpdC1zN2ZwbHljdWQ4S3BpTWRKemxDbW1aODJzSDZZV0liTjhBMmswUzFaWDBxU3JvWnJGMDJCbFprcWNocm9kN0RlbExEQVNaZjV5SDNXTlBlVjVSOE5SM3ptUmVvSlRrMzZXXy1Gcndfdy1JdFcyUnc?oc=5\" target=\"_blank\" rel=\"nofollow noopener\">Apr\u00e8s avoir \u00e9t\u00e9 rattrap\u00e9 par la Cour des comptes, un proche de Lecornu finit\u2026 \u00e0 la Cour des comptes<\/a>&nbsp;&nbsp;Marianne<\/li>\n<li><a href=\"https:\/\/news.google.com\/rss\/articles\/CBMi9wFBVV95cUxQc2dtX2loWmFvdDRINFo2Qk9xWm9XNnNHNGtmTHJCTjdNUFZ4S0ZkN0FNLW1vQWVtVnJtWFYxN1dvQzRCd3BMZWl1RmprRGpEOXN3V25RenR0Mm1uOWZqeWlwT1ZsSGZtamdzOU52aFZtWTUtcDZoR3drODQ3YTd4d2xvLWgzY0YxY0dubkdkUEcwclFTdVdmV3VjMm9XVWhvYjZ1Y0NuWlQ0Z3dmV2x6ZDQzcmNvTUp1cWlCbnlBU1VaTk5BSmw0Nml4ekROanlFcnNIY2p6NEtVaE9pVW9ySEo2QmtNeHMzdXpIbVQ3RkdCWWNCNGs0?oc=5\" target=\"_blank\" rel=\"nofollow noopener\">Epingl\u00e9 par cette derni\u00e8re, l\u2019ex pr\u00e9fet d\u2019Ille-et-Vilaine et Bretagne&#8230; nomm\u00e9 \u00e0 la Cour des comptes<\/a>&nbsp;&nbsp;Ouest-France<\/li>\n<li><a href=\"https:\/\/news.google.com\/rss\/articles\/CBMixwFBVV95cUxNcFl1SXpRRjhVY29SekFoNU5sY1VmZHVuQldTNmZaRzFsNi1sWFppQXNYNnFwQUVORjQ4YmI1ZUdZTFdwY0J2NGJOdXRodXRTTlBUZDNhQXhtc3NGZUJGby00VVJMaHcxZDhEYmhPUXY2WFVITVk4Z2ZMZEI2MUNtd21PemJZdXFQTldXV1ZTNzkzbVdTZDc0X0Zyc0xXQTF6Uk5xOHQ4dmJ3YnJqOXdqQndNcEpaQUZMdVdVNzhOb1h3bnh1TDIw?oc=5\" target=\"_blank\" rel=\"nofollow noopener\">\u00c9pingl\u00e9 par la Cour des comptes, un proche de Lecornu atterrit\u2026 \u00e0 la Cour des comptes<\/a>&nbsp;&nbsp;Mediapart<\/li>\n<li><a href=\"https:\/\/news.google.com\/rss\/articles\/CBMisgFBVV95cUxNTWg0MGE3YlRTdkI3eGVMWjhRZnBqSXgtdGlGZmNfdmQ2dEhlWjd1Zm8yM2RDclllUll0b1h0dEVMWVJjTTdmM0o3ZE1vWmMtOVBNd1N4Tm00a2RvNkR2eHk2TFpTSnktYXhZLWU4QnFiMnlKZzM1cXIwcTNZdTVTeGFOemltZFpTVmpvZTl5RDFVei16YU5LTkdaMVp2aVBTVGtmUENnQzFiNlZuaDg2TUh3?oc=5\" target=\"_blank\" rel=\"nofollow noopener\">Philippe Gustin, un proche de Lecornu nomm\u00e9 \u00e0 la Cour des Comptes : Pierre Moscovici (notre photo) va encore devoir justifier ce recrutement controvers\u00e9<\/a>&nbsp;&nbsp;Free Dom<\/li>\n<\/ol>\n","protected":false},"excerpt":{"rendered":"L\u2019ancien pr\u00e9fet d\u2019Ille-et-Vilaine et de Bretagne nomm\u00e9 \u00e0 la Cour des comptes&nbsp;&nbsp;Maville Apr\u00e8s avoir \u00e9t\u00e9 rattrap\u00e9 par la&hellip;\n","protected":false},"author":2,"featured_media":271301,"comment_status":"","ping_status":"","sticky":false,"template":"","format":"standard","meta":{"footnotes":""},"categories":[2821],"tags":[1111,11,4255,829,30749,8663,1777,674,1011,27,848,12,3870,14583,3086,584,25],"class_list":{"0":"post-271300","1":"post","2":"type-post","3":"status-publish","4":"format-standard","5":"has-post-thumbnail","7":"category-rennes","8":"tag-actu","9":"tag-actualites","10":"tag-ancien","11":"tag-bretagne","12":"tag-comptes","13":"tag-cour","14":"tag-eu","15":"tag-europe","16":"tag-fr","17":"tag-france","18":"tag-ille-et-vilaine","19":"tag-news","20":"tag-nomme","21":"tag-prefet","22":"tag-redon","23":"tag-rennes","24":"tag-republique-francaise"},"share_on_mastodon":{"url":"https:\/\/pubeurope.com\/@fr\/114910211846933509","error":""},"_links":{"self":[{"href":"https:\/\/www.europesays.com\/fr\/wp-json\/wp\/v2\/posts\/271300","targetHints":{"allow":["GET"]}}],"collection":[{"href":"https:\/\/www.europesays.com\/fr\/wp-json\/wp\/v2\/posts"}],"about":[{"href":"https:\/\/www.europesays.com\/fr\/wp-json\/wp\/v2\/types\/post"}],"author":[{"embeddable":true,"href":"https:\/\/www.europesays.com\/fr\/wp-json\/wp\/v2\/users\/2"}],"replies":[{"embeddable":true,"href":"https:\/\/www.europesays.com\/fr\/wp-json\/wp\/v2\/comments?post=271300"}],"version-history":[{"count":0,"href":"https:\/\/www.europesays.com\/fr\/wp-json\/wp\/v2\/posts\/271300\/revisions"}],"wp:featuredmedia":[{"embeddable":true,"href":"https:\/\/www.europesays.com\/fr\/wp-json\/wp\/v2\/media\/271301"}],"wp:attachment":[{"href":"https:\/\/www.europesays.com\/fr\/wp-json\/wp\/v2\/media?parent=271300"}],"wp:term":[{"taxonomy":"category","embeddable":true,"href":"https:\/\/www.europesays.com\/fr\/wp-json\/wp\/v2\/categories?post=271300"},{"taxonomy":"post_tag","embeddable":true,"href":"https:\/\/www.europesays.com\/fr\/wp-json\/wp\/v2\/tags?post=271300"}],"curies":[{"name":"wp","href":"https:\/\/api.w.org\/{rel}","templated":true}]}}