{"id":271308,"date":"2025-07-24T21:00:12","date_gmt":"2025-07-24T21:00:12","guid":{"rendered":"https:\/\/www.europesays.com\/fr\/271308\/"},"modified":"2025-07-24T21:00:12","modified_gmt":"2025-07-24T21:00:12","slug":"concerts-animations-et-feu-dartifice-gratuit-ce-samedi-26-juillet-a-cagnes-sur-mer","status":"publish","type":"post","link":"https:\/\/www.europesays.com\/fr\/271308\/","title":{"rendered":"Concerts, animations et feu d\u2019artifice gratuit ce samedi 26 juillet \u00e0 Cagnes-sur-Mer"},"content":{"rendered":"<p>L\u2019\u00e9dition 2024 avait \u00e9t\u00e9 r\u00e9duite \u00e0 une seule date, la faute au manque de forces de l\u2019ordre, notamment d\u00e9ploy\u00e9es sur la s\u00e9curisation des Jeux Olympiques de Paris. Pour ce cru 2025, les promenades en f\u00eate de Cagnes-sur-Mer reviennent en force. Ce samedi soir (mais aussi le 16 ao\u00fbt) des milliers de personnes sont attendues sur le bord de mer, qui devient pi\u00e9ton pour l\u2019occasion. Le stationnement sera interdit \u00e0 partir de 16h et la circulation interrompue dans les deux sens de la Promenade de la Plage (entre le boulevard Kennedy et l\u2019avenue Jean Jaur\u00e8s) et sur la partie sud de l\u2019avenue des Oliviers, de 18h jusqu\u2019\u00e0 4h.<\/p>\n<p>Des animations gratuites<\/p>\n<p>Musiciens et chanteurs feront danser le public sur pas moins de cinq sc\u00e8nes, de 20h30\u00e0 minuit. En parall\u00e8le, les enfants pourront s\u2019amuser sur des trampolines et structures gonflables pendant que les plus grands rel\u00e8veront le d\u00e9fi du ninja parc. Toutes les animations sont enti\u00e8rement gratuites.<\/p>\n<p>Et pour clore ce rendez-vous familial et festif: le feu d\u2019artifice sera tir\u00e9 \u00e0 22h15.<\/p>\n<p>En raison du grand nombre de visiteurs attendus, les terrasses des restaurants seront \u00e9largies. Il est tout de m\u00eame fortement conseill\u00e9 de r\u00e9server.<\/p>\n","protected":false},"excerpt":{"rendered":"L\u2019\u00e9dition 2024 avait \u00e9t\u00e9 r\u00e9duite \u00e0 une seule date, la faute au manque de forces de l\u2019ordre, notamment&hellip;\n","protected":false},"author":2,"featured_media":271309,"comment_status":"","ping_status":"","sticky":false,"template":"","format":"standard","meta":{"footnotes":""},"categories":[2819],"tags":[1111,11,1777,674,7186,1011,27,12,2401,882,25],"class_list":{"0":"post-271308","1":"post","2":"type-post","3":"status-publish","4":"format-standard","5":"has-post-thumbnail","7":"category-nice","8":"tag-actu","9":"tag-actualites","10":"tag-eu","11":"tag-europe","12":"tag-festivites","13":"tag-fr","14":"tag-france","15":"tag-news","16":"tag-nice","17":"tag-provence-alpes-cote-dazur","18":"tag-republique-francaise"},"share_on_mastodon":{"url":"https:\/\/pubeurope.com\/@fr\/114910227579277661","error":""},"_links":{"self":[{"href":"https:\/\/www.europesays.com\/fr\/wp-json\/wp\/v2\/posts\/271308","targetHints":{"allow":["GET"]}}],"collection":[{"href":"https:\/\/www.europesays.com\/fr\/wp-json\/wp\/v2\/posts"}],"about":[{"href":"https:\/\/www.europesays.com\/fr\/wp-json\/wp\/v2\/types\/post"}],"author":[{"embeddable":true,"href":"https:\/\/www.europesays.com\/fr\/wp-json\/wp\/v2\/users\/2"}],"replies":[{"embeddable":true,"href":"https:\/\/www.europesays.com\/fr\/wp-json\/wp\/v2\/comments?post=271308"}],"version-history":[{"count":0,"href":"https:\/\/www.europesays.com\/fr\/wp-json\/wp\/v2\/posts\/271308\/revisions"}],"wp:featuredmedia":[{"embeddable":true,"href":"https:\/\/www.europesays.com\/fr\/wp-json\/wp\/v2\/media\/271309"}],"wp:attachment":[{"href":"https:\/\/www.europesays.com\/fr\/wp-json\/wp\/v2\/media?parent=271308"}],"wp:term":[{"taxonomy":"category","embeddable":true,"href":"https:\/\/www.europesays.com\/fr\/wp-json\/wp\/v2\/categories?post=271308"},{"taxonomy":"post_tag","embeddable":true,"href":"https:\/\/www.europesays.com\/fr\/wp-json\/wp\/v2\/tags?post=271308"}],"curies":[{"name":"wp","href":"https:\/\/api.w.org\/{rel}","templated":true}]}}