{"id":27131,"date":"2025-04-15T17:56:19","date_gmt":"2025-04-15T17:56:19","guid":{"rendered":"https:\/\/www.europesays.com\/fr\/27131\/"},"modified":"2025-04-15T17:56:19","modified_gmt":"2025-04-15T17:56:19","slug":"sncf-un-appel-a-la-greve-lance-pour-le-5-mai-une-semaine-noire-redoutee-en-ile-de-france","status":"publish","type":"post","link":"https:\/\/www.europesays.com\/fr\/27131\/","title":{"rendered":"SNCF. Un appel \u00e0 la gr\u00e8ve lanc\u00e9 pour le 5 mai, une \u00ab\u00a0semaine noire\u00a0\u00bb redout\u00e9e en \u00cele-de-France"},"content":{"rendered":"<p>            Par<br \/>\n        <strong><br \/>\n            <a href=\"https:\/\/actu.fr\/auteur\/redaction-paris\" title=\"Consulter tous les articles de R\u00e9daction Paris\" target=\"_blank\" rel=\"noopener\">R\u00e9daction Paris<\/a><br \/>\n        <\/strong><\/p>\n<p>        Publi\u00e9 le<\/p>\n<p>            14 avr. 2025 \u00e0 16h32        <\/p>\n<p>Le pont du 8\u00a0mai sera-t-il synonyme de cauchemar pour tous ceux qui souhaitent prendre le train\u2009? C\u2019est en tout cas ce que laisse envisager l\u2019appel \u00e0 la gr\u00e8ve lanc\u00e9 par la <strong>CGT-Cheminots<\/strong> \u00e0 compter du 5\u00a0mai 2025, a fait savoir <a href=\"https:\/\/actu.fr\/tag\/syndicats\" target=\"_blank\" rel=\"noopener\">l\u2019organisation syndicale<\/a> majoritaire de la <a href=\"https:\/\/actu.fr\/tag\/sncf\" target=\"_blank\" rel=\"noopener\">SNCF<\/a>.<\/p>\n<p>\u00ab\u2009Agir conjointement par la gr\u00e8ve\u2009\u00bb<\/p>\n<p class=\" wall-content\">\u00ab\u2009La f\u00e9d\u00e9ration CGT appelle de nouveau\u2009\u00bb les contr\u00f4leurs comme les conducteurs \u00ab\u2009\u00e0 <strong>agir conjointement<\/strong> par la gr\u00e8ve d\u00e8s le 5 mai\u2009\u00bb, a-t-elle \u00e9crit dans un communiqu\u00e9. En \u00cele-de-France, des sections ont \u00e9voqu\u00e9 ce lundi 14 avril 2025, une \u00ab\u2009semaine noire\u2009\u00bb dans la r\u00e9gion \u00e0 partir du 5 mai. Un appel \u00e0 la gr\u00e8ve avait d\u00e9j\u00e0 \u00e9t\u00e9 lanc\u00e9 par SUD-Rail et un important collectif de contr\u00f4leurs pour les 7, 9, 10 et 11\u00a0mai, en plein pont du 8-Mai.<\/p>\n<p class=\" wall-content\">La CGT demande, pour les contr\u00f4leurs, une \u00ab\u2009revalorisation\u2009\u00bb de la <strong>\u00ab\u2009prime de travail\u2009\u00bb<\/strong> ainsi que la revue des \u00ab\u2009param\u00e8tres\u2009\u00bb des logiciels d\u2019organisation du travail qui provoquent \u00ab\u2009d\u2019importants d\u00e9sagr\u00e9ments dans le quotidien\u2009\u00bb des agents.<\/p>\n<p class=\" wall-content\">Pour les conducteurs, le syndicat souhaite la \u00ab\u2009r\u00e9ouverture des <strong>n\u00e9gociations<\/strong> sur la refonte de la prime traction\u2009\u00bb, un \u00ab\u2009\u00e9l\u00e9ment de r\u00e9mun\u00e9ration important chez les conducteurs.\u2009\u00bb<\/p>\n<p class=\" wall-content\">\u00c0 ce sujet, des <strong>sections franciliennes<\/strong> de la CGT ont pr\u00e9cis\u00e9 souhaiter que cette prime ne soit plus \u00ab\u2009amput\u00e9e en cas de maladie\u2009\u00bb ou \u00ab\u2009inaptitude\u2009\u00bb ou que soit vers\u00e9e \u00ab\u2009une prime de technicit\u00e9 en fonction des trains conduits.\u2009\u00bb<\/p>\n<p>Vid\u00e9os : en ce moment sur Actu<\/p>\n<p class=\" wall-content\">La CGT envisage \u00ab\u2009d\u2019ores et d\u00e9j\u00e0 [\u2026] une <strong>journ\u00e9e d\u2019action nationale<\/strong> tous services d\u00e8s d\u00e9but juin\u2009\u00bb, ont \u00e9galement rapport\u00e9 les sections franciliennes.<\/p>\n<p>Le temps est au \u00ab\u2009dialogue social\u2009\u00bb<\/p>\n<p class=\" wall-content\">Sollicit\u00e9e par l\u2019AFP, la direction de <strong>SNCF Voyageurs<\/strong> a estim\u00e9 que \u00ab\u2009le temps (\u00e9tait) au dialogue social, c\u2019est la seule voie possible\u2009\u00bb, ajoutant que les organisations syndicales avaient \u00e9t\u00e9 re\u00e7ues ces derniers jours.<\/p>\n<p class=\" wall-content\">De son c\u00f4t\u00e9, le PDG de SNCF Voyageurs, <strong>Christophe Fanichet<\/strong>, confiait sur sur <a href=\"https:\/\/www.radiofrance.fr\/franceinter\" target=\"_blank\" rel=\"noopener\">France Inter<\/a> d\u00e9but avril \u00eatre \u00ab\u2009tr\u00e8s confiant\u2009\u00bb dans le fait que le \u00ab\u2009dialogue social\u2009\u00bb allait \u00ab\u2009permettre \u00e0 tous les Fran\u00e7ais de voyager en s\u00e9r\u00e9nit\u00e9 dans les prochaines semaines\u2009\u00bb.\u00a0\u00ab\u2009On change un peu de contexte, on est maintenant en concurrence [\u2026] et on ne peut vraiment <strong>pas se permettre une gr\u00e8ve<\/strong>\u2009\u00bb, avait-il ajout\u00e9.<\/p>\n<p class=\" wall-content\">Avec AFP.<\/p>\n<p class=\" wall-content\">Suivez toute l\u2019actualit\u00e9 de vos villes et m\u00e9dias favoris en vous inscrivant \u00e0 <a href=\"https:\/\/moncompte.actu.fr\" title=\"D\u00e9couvez Mon Actu\" rel=\"nofollow noopener\" data-trk=\"{&quot;cta&quot;:{&quot;action&quot;:&quot;https:\\\/\\\/moncompte.actu.fr&quot;,&quot;category&quot;:&quot;mon compte&quot;,&quot;from&quot;:&quot;article footer&quot;,&quot;name&quot;:&quot;Mon actu&quot;,&quot;type&quot;:&quot;cta&quot;}}\" target=\"_blank\">Mon Actu<\/a>.<\/p>\n","protected":false},"excerpt":{"rendered":"Par R\u00e9daction Paris Publi\u00e9 le 14 avr. 2025 \u00e0 16h32 Le pont du 8\u00a0mai sera-t-il synonyme de cauchemar&hellip;\n","protected":false},"author":2,"featured_media":27132,"comment_status":"","ping_status":"","sticky":false,"template":"","format":"standard","meta":{"footnotes":""},"categories":[1592],"tags":[1111,11,1777,674,1011,27,6151,662,12,626,25,2215,104,3427],"class_list":{"0":"post-27131","1":"post","2":"type-post","3":"status-publish","4":"format-standard","5":"has-post-thumbnail","7":"category-ile-de-france","8":"tag-actu","9":"tag-actualites","10":"tag-eu","11":"tag-europe","12":"tag-fr","13":"tag-france","14":"tag-greve","15":"tag-ile-de-france","16":"tag-news","17":"tag-paris","18":"tag-republique-francaise","19":"tag-sncf","20":"tag-societe","21":"tag-syndicats"},"share_on_mastodon":{"url":"https:\/\/pubeurope.com\/@fr\/114343273082654342","error":""},"_links":{"self":[{"href":"https:\/\/www.europesays.com\/fr\/wp-json\/wp\/v2\/posts\/27131","targetHints":{"allow":["GET"]}}],"collection":[{"href":"https:\/\/www.europesays.com\/fr\/wp-json\/wp\/v2\/posts"}],"about":[{"href":"https:\/\/www.europesays.com\/fr\/wp-json\/wp\/v2\/types\/post"}],"author":[{"embeddable":true,"href":"https:\/\/www.europesays.com\/fr\/wp-json\/wp\/v2\/users\/2"}],"replies":[{"embeddable":true,"href":"https:\/\/www.europesays.com\/fr\/wp-json\/wp\/v2\/comments?post=27131"}],"version-history":[{"count":0,"href":"https:\/\/www.europesays.com\/fr\/wp-json\/wp\/v2\/posts\/27131\/revisions"}],"wp:featuredmedia":[{"embeddable":true,"href":"https:\/\/www.europesays.com\/fr\/wp-json\/wp\/v2\/media\/27132"}],"wp:attachment":[{"href":"https:\/\/www.europesays.com\/fr\/wp-json\/wp\/v2\/media?parent=27131"}],"wp:term":[{"taxonomy":"category","embeddable":true,"href":"https:\/\/www.europesays.com\/fr\/wp-json\/wp\/v2\/categories?post=27131"},{"taxonomy":"post_tag","embeddable":true,"href":"https:\/\/www.europesays.com\/fr\/wp-json\/wp\/v2\/tags?post=27131"}],"curies":[{"name":"wp","href":"https:\/\/api.w.org\/{rel}","templated":true}]}}