{"id":271310,"date":"2025-07-24T21:01:13","date_gmt":"2025-07-24T21:01:13","guid":{"rendered":"https:\/\/www.europesays.com\/fr\/271310\/"},"modified":"2025-07-24T21:01:13","modified_gmt":"2025-07-24T21:01:13","slug":"cetait-quoi-ce-bateau-de-combat-vu-au-large-de-la-prom-a-nice","status":"publish","type":"post","link":"https:\/\/www.europesays.com\/fr\/271310\/","title":{"rendered":"C\u2019\u00e9tait quoi ce bateau de combat vu au large de la Prom\u2019 \u00e0 Nice?"},"content":{"rendered":"<p>Plusieurs internautes et lecteurs se sont pos\u00e9 la question: quelle est cette fr\u00e9gate qui a fait des allers-retours au large de la promenade des Anglais, mercredi, aux alentours de 18h30?<\/p>\n<p>La sc\u00e8ne paraissait quelque peu incongrue aux touristes affal\u00e9s sur les galets de la baie des Anges: que fait un b\u00e2timent de combat au milieu des bateaux de plaisance et autres yachts de luxe, au c\u0153ur de la p\u00e9riode estivale, sur la C\u00f4te d\u2019Azur?<\/p>\n<p>Contact\u00e9e, la pr\u00e9fecture maritime de la M\u00e9diterran\u00e9e a confirm\u00e9 qu\u2019il s\u2019agissait bien d\u2019une fr\u00e9gate multimissions de la marine nationale, sans pour autant communiquer sur le nom du navire et la nature de sa pr\u00e9sence pour des raisons \u00e9videntes de s\u00e9curit\u00e9.<\/p>\n<p>Ce n\u2019est pas la premi\u00e8re fois qu\u2019une telle fr\u00e9gate est visible depuis la Prom\u2019. <a href=\"https:\/\/www.nicematin.com\/defense\/cetait-quoi-cette-imposante-fregate-apercue-au-large-de-nice-925629\" rel=\"nofollow noopener\" target=\"_blank\">En juin 2024, un b\u00e2timent similaire effectuait un entra\u00eenement au m\u00eame endroit. <\/a>La France compte huit fr\u00e9gates multimissions.<\/p>\n<p>\u00ab\u00a0Outil militaire de la haute mer, la fr\u00e9gate multimissions (FREMM) est un b\u00e2timent de combat polyvalent, disposant de capacit\u00e9s anti-sous-marines, antinavire et antia\u00e9rienne et d\u2019une capacit\u00e9 de frappe dans la profondeur avec le missile de croisi\u00e8re naval, explique le minist\u00e8re des Arm\u00e9es. La FREMM est ainsi un redoutable adversaire en mesure d\u2019atteindre des cibles en mer comme \u00e0 terre, alliant endurance, autonomie et haut niveau d\u2019automatisation.\u00a0\u00bb<\/p>\n<p>Lors de la Conf\u00e9rence des Nations Unies sur l\u2019Oc\u00e9an (Unoc 3), qui s\u2019est d\u00e9roul\u00e9 \u00e0 Nice du 9 au 13 juin \u00e0 Nice, une fr\u00e9gate multi-missions avait \u00e9t\u00e9 d\u00e9ploy\u00e9e pour s\u00e9curiser ce sommet mondial, bien visible au large de la Prom\u2019.<\/p>\n","protected":false},"excerpt":{"rendered":"Plusieurs internautes et lecteurs se sont pos\u00e9 la question: quelle est cette fr\u00e9gate qui a fait des allers-retours&hellip;\n","protected":false},"author":2,"featured_media":271311,"comment_status":"","ping_status":"","sticky":false,"template":"","format":"standard","meta":{"footnotes":""},"categories":[2819],"tags":[1111,11,1777,674,1011,27,12,2401,882,25,656],"class_list":{"0":"post-271310","1":"post","2":"type-post","3":"status-publish","4":"format-standard","5":"has-post-thumbnail","7":"category-nice","8":"tag-actu","9":"tag-actualites","10":"tag-eu","11":"tag-europe","12":"tag-fr","13":"tag-france","14":"tag-news","15":"tag-nice","16":"tag-provence-alpes-cote-dazur","17":"tag-republique-francaise","18":"tag-securite"},"share_on_mastodon":{"url":"https:\/\/pubeurope.com\/@fr\/114910231797359087","error":""},"_links":{"self":[{"href":"https:\/\/www.europesays.com\/fr\/wp-json\/wp\/v2\/posts\/271310","targetHints":{"allow":["GET"]}}],"collection":[{"href":"https:\/\/www.europesays.com\/fr\/wp-json\/wp\/v2\/posts"}],"about":[{"href":"https:\/\/www.europesays.com\/fr\/wp-json\/wp\/v2\/types\/post"}],"author":[{"embeddable":true,"href":"https:\/\/www.europesays.com\/fr\/wp-json\/wp\/v2\/users\/2"}],"replies":[{"embeddable":true,"href":"https:\/\/www.europesays.com\/fr\/wp-json\/wp\/v2\/comments?post=271310"}],"version-history":[{"count":0,"href":"https:\/\/www.europesays.com\/fr\/wp-json\/wp\/v2\/posts\/271310\/revisions"}],"wp:featuredmedia":[{"embeddable":true,"href":"https:\/\/www.europesays.com\/fr\/wp-json\/wp\/v2\/media\/271311"}],"wp:attachment":[{"href":"https:\/\/www.europesays.com\/fr\/wp-json\/wp\/v2\/media?parent=271310"}],"wp:term":[{"taxonomy":"category","embeddable":true,"href":"https:\/\/www.europesays.com\/fr\/wp-json\/wp\/v2\/categories?post=271310"},{"taxonomy":"post_tag","embeddable":true,"href":"https:\/\/www.europesays.com\/fr\/wp-json\/wp\/v2\/tags?post=271310"}],"curies":[{"name":"wp","href":"https:\/\/api.w.org\/{rel}","templated":true}]}}