{"id":271312,"date":"2025-07-24T21:02:30","date_gmt":"2025-07-24T21:02:30","guid":{"rendered":"https:\/\/www.europesays.com\/fr\/271312\/"},"modified":"2025-07-24T21:02:30","modified_gmt":"2025-07-24T21:02:30","slug":"lieu-unique-en-france-ces-cheminees-des-fee-offrent-un-spectacle-geologique-captivant","status":"publish","type":"post","link":"https:\/\/www.europesays.com\/fr\/271312\/","title":{"rendered":"Lieu unique en France, ces chemin\u00e9es des f\u00e9e offrent un spectacle g\u00e9ologique captivant"},"content":{"rendered":"<p>Le site des Orgues d\u2019Ille-sur-T\u00eat est un des joyaux naturels des Pyr\u00e9n\u00e9es-Orientales. Situ\u00e9 dans la r\u00e9gion du Rib\u00e9ral et\u00a0class\u00e9 depuis 1981, il se distingue par ses fragiles \u00ab\u00a0chemin\u00e9es de f\u00e9e\u00a0\u00bb, des colonnes model\u00e9es par l\u2019\u00e9rosion, faites\u00a0de sable et d\u2019argile. Ces \u00e9tonnantes formations g\u00e9ologiques se sont form\u00e9es pendant des millions d\u2019ann\u00e9es et donnent aujourd\u2019hui un paysage <strong>\u00ab\u00a0presque lunaire\u00a0\u00bb<\/strong>, d\u00e9crit <a href=\"https:\/\/www.tourisme-pyreneesorientales.com\/orgues-dille-sur-tet\" target=\"_blank\" rel=\"noopener\">l\u2019office du tourisme des Pyr\u00e9n\u00e9es-Orientales<\/a>.<\/p>\n<p>Entre \u00e9rosion et agriculture<\/p>\n<p>Elles ont\u00a0pour origine les mouvements de la mer M\u00e9diterran\u00e9e dans la plaine du Roussillon. Des couches de s\u00e9diments,\u00a0appel\u00e9s \u00ab\u00a0ar\u00e8ne granitique\u00a0\u00bb, de plusieurs teintes et m\u00ealant sable et argiles se sont progressivement empil\u00e9es, d\u00e9taille <a href=\"https:\/\/www.tourisme-roussillon-conflent.fr\/bons-moments\/site-des-orgues\/\" target=\"_blank\" rel=\"noopener\">l\u2019office de tourisme Roussillon Conflent<\/a>. De gros galets issus des Pyr\u00e9n\u00e9es se sont ensuite d\u00e9pos\u00e9s au-dessus du plateau originel, ce qui a partiellement prot\u00e9g\u00e9 ce lieu de l\u2019\u00e9rosion et particip\u00e9\u00a0\u00e0 la formation de ces chemin\u00e9es de f\u00e9e.<\/p>\n<p><strong>Lire aussi\u00a0:<\/strong> <a href=\"https:\/\/www.ouest-france.fr\/leditiondusoir\/2018-11-02\/les-paysages-meconnus-de-france-en-11-images-341e04db-1ad3-44eb-ac95-4f15c91ce5b2\" target=\"_self\" rel=\"noopener\">Les paysages m\u00e9connus de France en 11\u00a0images<\/a><\/p>\n<\/p>\n<p>De quoi nourrir son imagination<\/p>\n<p>Les Orgues d\u2019Ille-sur-T\u00eat offrent aujourd\u2019hui aux touristes un spectacle impressionnant. C\u2019est au c\u0153ur d\u2019un \u00e9crin de nature verdoyante que l\u2019on trouve ce tr\u00e9sor min\u00e9ral. Ces colonnes irr\u00e9guli\u00e8res form\u00e9es par la pluie et le vent peuvent atteindre une dizaine de m\u00e8tres.\u00a0Il est\u00a0cependant interdit de les escalader, les chemin\u00e9es \u00e9tant tr\u00e8s fragiles.<\/p>\n<p>Une visite guid\u00e9e permet d\u2019en savoir plus sur ce site et ses l\u00e9gendes, entre lutins et f\u00e9e. Pour compl\u00e9ter ce tableau pr\u00e9historique, un squelette de dinosaure a m\u00eame \u00e9t\u00e9 install\u00e9 sur place. Situ\u00e9\u00a0\u00e0 une trentaine de minutes de Perpignan, le parc des Orgues de l\u2019Ille-sur-T\u00eat est ouvert\u00a0toute l\u2019ann\u00e9e, \u00e0 l\u2019exception des f\u00eates de fin d\u2019ann\u00e9e. Le billet plein tarif est \u00e0 5\u00a0\u20ac. <a href=\"http:\/\/orgues.netinfo.pro\/informations\/tarifs\/\" target=\"_blank\" rel=\"noopener\">Toutes les informations pratiques sont \u00e0 retrouver sur le site des Orgues d\u2019Ille sur T\u00eat.<\/a><\/p>\n<p>\u00a0<\/p>\n","protected":false},"excerpt":{"rendered":"Le site des Orgues d\u2019Ille-sur-T\u00eat est un des joyaux naturels des Pyr\u00e9n\u00e9es-Orientales. Situ\u00e9 dans la r\u00e9gion du Rib\u00e9ral&hellip;\n","protected":false},"author":2,"featured_media":271313,"comment_status":"","ping_status":"","sticky":false,"template":"","format":"standard","meta":{"footnotes":""},"categories":[2818],"tags":[1111,11,41090,41086,1777,674,41087,1011,27,41089,7018,766,12,41088,2636,25,3272,3140,10336],"class_list":{"0":"post-271312","1":"post","2":"type-post","3":"status-publish","4":"format-standard","5":"has-post-thumbnail","7":"category-nantes","8":"tag-actu","9":"tag-actualites","10":"tag-captivant","11":"tag-cheminees","12":"tag-eu","13":"tag-europe","14":"tag-fee","15":"tag-fr","16":"tag-france","17":"tag-geologique","18":"tag-lieu","19":"tag-nantes","20":"tag-news","21":"tag-offrent","22":"tag-pays-de-la-loire","23":"tag-republique-francaise","24":"tag-saint-nazaire","25":"tag-spectacle","26":"tag-unique"},"share_on_mastodon":{"url":"https:\/\/pubeurope.com\/@fr\/114910235447702828","error":""},"_links":{"self":[{"href":"https:\/\/www.europesays.com\/fr\/wp-json\/wp\/v2\/posts\/271312","targetHints":{"allow":["GET"]}}],"collection":[{"href":"https:\/\/www.europesays.com\/fr\/wp-json\/wp\/v2\/posts"}],"about":[{"href":"https:\/\/www.europesays.com\/fr\/wp-json\/wp\/v2\/types\/post"}],"author":[{"embeddable":true,"href":"https:\/\/www.europesays.com\/fr\/wp-json\/wp\/v2\/users\/2"}],"replies":[{"embeddable":true,"href":"https:\/\/www.europesays.com\/fr\/wp-json\/wp\/v2\/comments?post=271312"}],"version-history":[{"count":0,"href":"https:\/\/www.europesays.com\/fr\/wp-json\/wp\/v2\/posts\/271312\/revisions"}],"wp:featuredmedia":[{"embeddable":true,"href":"https:\/\/www.europesays.com\/fr\/wp-json\/wp\/v2\/media\/271313"}],"wp:attachment":[{"href":"https:\/\/www.europesays.com\/fr\/wp-json\/wp\/v2\/media?parent=271312"}],"wp:term":[{"taxonomy":"category","embeddable":true,"href":"https:\/\/www.europesays.com\/fr\/wp-json\/wp\/v2\/categories?post=271312"},{"taxonomy":"post_tag","embeddable":true,"href":"https:\/\/www.europesays.com\/fr\/wp-json\/wp\/v2\/tags?post=271312"}],"curies":[{"name":"wp","href":"https:\/\/api.w.org\/{rel}","templated":true}]}}