{"id":271322,"date":"2025-07-24T21:07:31","date_gmt":"2025-07-24T21:07:31","guid":{"rendered":"https:\/\/www.europesays.com\/fr\/271322\/"},"modified":"2025-07-24T21:07:31","modified_gmt":"2025-07-24T21:07:31","slug":"municipales-2026-a-toulouse-les-ecolos-et-leurs-allies-veulent-un-binome-paritaire-entre-ville-et-metropole","status":"publish","type":"post","link":"https:\/\/www.europesays.com\/fr\/271322\/","title":{"rendered":"Municipales 2026 \u00e0 Toulouse. Les \u00e9colos et leurs alli\u00e9s veulent un bin\u00f4me paritaire entre Ville et M\u00e9tropole"},"content":{"rendered":"<p>            Par<br \/>\n        <strong><br \/>\n            <a href=\"https:\/\/actu.fr\/auteur\/guillaume-laurens\" title=\"Consulter tous les articles de Guillaume Laurens\" target=\"_blank\" rel=\"noopener\">Guillaume Laurens<\/a><br \/>\n        <\/strong><\/p>\n<p>        Publi\u00e9 le<\/p>\n<p>            24 juil. 2025 \u00e0 18h20<br \/>\n        ; mis \u00e0 jour le 24 juil. 2025 \u00e0 18h28    <\/p>\n<p>\u00ab\u00a0Pas une simple alliance \u00e9lectorale, mais une d\u00e9marche de fond\u00a0\u00bb. Main dans la main, les chefs de file des <strong>\u00c9cologistes<\/strong> pour les <a href=\"https:\/\/actu.fr\/toulouse\/politique\/elections-municipales\" target=\"_blank\" rel=\"noopener\"><strong>Municipales 2026<\/strong> <\/a>\u00e0 <strong>Toulouse<\/strong> et ceux du <a href=\"https:\/\/actu.fr\/occitanie\/toulouse_31555\/municipales-2026-a-toulouse-archipel-citoyen-devient-un-parti-politique_59704881.html\" target=\"_blank\" rel=\"noopener\">parti municipaliste<\/a> <strong>Archipel citoyen<\/strong> ont pr\u00e9sent\u00e9 jeudi 24 juillet 2025 \u00ab\u00a0le cap, la m\u00e9thode et le calendrier\u00a0\u00bb fix\u00e9s pour la prochaine course au Capitole. Une course qu\u2019ils <a href=\"https:\/\/actu.fr\/occitanie\/toulouse_31555\/municipales-2026-a-toulouse-archipel-citoyen-veut-s-allier-avec-les-ecologistes-pour-le-premier-tour_62906039.html\" target=\"_blank\" rel=\"noopener\">entendent mener de concert\u2026<\/a> et avec d\u2019autres partenaires ? Mais lesquels ? Alors que les diff\u00e9rentes forces politiques de gauche se sont engag\u00e9es dans une v\u00e9ritable <strong>partie de poker menteur<\/strong> ces derni\u00e8res heures, c\u2019est toute la question.\u00a0<\/p>\n<p>La t\u00eate de liste ? \u00ab\u00a0Pas la priorit\u00e9 du moment\u00a0\u00bb<\/p>\n<p class=\" wall-content\">\u00ab\u00a0Nous faisons le choix de <strong>mettre de c\u00f4t\u00e9 le bal des egos\u00a0\u00bb<\/strong>, claironne tout de go <strong>R\u00e9gis Godec<\/strong> ce jeudi matin, avant d\u2019\u00e9vacuer : \u00ab\u00a0Le choix de la t\u00eate de liste n\u2019est <strong>pas la priorit\u00e9<\/strong> du moment\u00a0\u00bb.<\/p>\n<p class=\" wall-content\"><a href=\"https:\/\/actu.fr\/occitanie\/toulouse_31555\/toulouse-les-ecologistes-ont-choisi-leur-chef-de-file-pour-les-municipales-2026_61851341.html\" target=\"_blank\" rel=\"noopener\">Le chef de file d\u00e9sign\u00e9 fin 2024 par les \u00e9cologistes<\/a> et ses nouveaux alli\u00e9s ont pr\u00e9sent\u00e9 \u00ab\u00a0la m\u00e9thode de constitution de la liste de rassemblement au premier tour\u00a0\u00bb.\u00a0Consid\u00e9rant que la gauche se retrouve \u00ab\u00a0face \u00e0 <strong>une situation bloqu\u00e9e\u00a0\u00bb,<\/strong> selon l\u2019aveu d\u2019<strong>H\u00e9l\u00e8ne Cabanes,<\/strong> ils misent en effet sur <strong>\u00ab\u00a0une autre m\u00e9thodologie\u00a0\u00bb<\/strong> pour parvenir \u00ab\u00a0au rassemblement des formations de gauche\u00a0\u00bb.<\/p>\n<p>Deux partis distincts pour la Mairie et la M\u00e9tropole (et en parit\u00e9)<\/p>\n<p class=\" wall-content\">Comme le d\u00e9taille <strong>Lola B\u00e9n\u00e9gui<\/strong>, porte-parole d\u2019Archipel citoyen, ils s\u2019engagent avant tout \u00e0 \u00ab\u00a0ce que les <strong>postes de maire<\/strong> et de<strong> pr\u00e9sidents la m\u00e9tropole<\/strong> soient attribu\u00e9s \u00e0 <strong>deux partis distincts\u00a0\u00bb<\/strong> et \u00ab\u00a0si possible <strong>un bin\u00f4me paritaire\u00a0\u00bb<\/strong>. \u00ab\u00a0Si possible\u00a0\u00bb, car ce dernier point ne para\u00eet pas une mince affaire tant la quasi-totalit\u00e9 des chefs de file d\u00e9sign\u00e9s par les partis de gauche sont des hommes\u2026 \u00e0 une exception pr\u00e8s, celle d\u2019<a href=\"https:\/\/actu.fr\/occitanie\/toulouse_31555\/municipales-2026-a-toulouse-trois-listes-a-gauche-ca-serait-suicidaire-s-alarme-isabelle-hardy_62923225.html\" target=\"_blank\" rel=\"noopener\"><strong>Isabelle Hardy<\/strong>, cheffe de file de G\u00e9n\u00e9ration\u00b7s,<\/a> qui a cosign\u00e9 mercredi soir avec les caciques d\u2019autres partis \u2014 notamment le PS \u2014 un courrier d\u2019appel \u00e0 l\u2019union de la gauche\u2026 sans LFI.<\/p>\n<p class=\" wall-content\">Autre pr\u00e9alable : \u00ab\u00a0Le parti dont sera issue la t\u00eate de liste ne pourra pas obtenir <strong>la majorit\u00e9 des postes\u00a0\u00bb,<\/strong> \u00e9num\u00e8re Lola B\u00e9n\u00e9gui, \u00ab\u00a0ni pour les places dans la liste (en position \u00e9ligible ou non, NDLR), ni parmi les adjoints\u00a0\u00bb.<\/p>\n<p>Vid\u00e9os : en ce moment sur Actu<\/p>\n<p class=\" wall-content\">Enfin, chaque formation int\u00e9grera parmi ses candidats \u00ab\u00a0des personnes qui n\u2019ont <strong>jamais \u00e9t\u00e9 \u00e9lus<\/strong> et des personnes <strong>discrimin\u00e9es<\/strong>, qui ne sont pas ou peu repr\u00e9sent\u00e9es\u00a0\u00bb.<\/p>\n<p>La main tendue aux autres partis jusqu\u2019au 15 septembre<\/p>\n<p class=\" wall-content\">\u00c9cologistes et archip\u00e9liens indiquent qu\u2019ils se laissent <strong>\u00ab\u00a0jusqu\u2019au 15 septembre\u00a0\u00bb<\/strong> pour <strong>\u00ab\u00a0\u00e9valuer le poids politique\u00a0\u00bb<\/strong> de chaque formation qui souhaiterait rejoindre la d\u00e9marche\u00a0\u00bb de rassemblement avant le premier tour\u00a0\u00bb, \u00e0 l\u2019issue de quoi chacun des partis engag\u00e9s devra proc\u00e9der, en octobre, au \u00ab\u00a0choix des colistiers\u00a0\u00bb.<\/p>\n<p class=\" wall-content\">En novembre, soit \u00e0 quatre mois du scrutin, les <strong>69 noms<\/strong> de la liste d\u2019union devront \u00eatre couch\u00e9s sur le papier. Ce sont eux \u00ab\u00a0qui voteront pour <strong>d\u00e9signer le bin\u00f4me\u00a0\u00bb<\/strong> qui repr\u00e9sentera leur collectif : l\u2019un pour \u00eatre maire, l\u2019autre pour \u00eatre pr\u00e9sident de la M\u00e9tropole.<\/p>\n<p>Un processus pour \u00ab\u00a0souder une \u00e9quipe\u00a0\u00bb<\/p>\n<p class=\" wall-content\">Aux yeux de <strong>Maxime Le Texier,<\/strong> qui a <a href=\"https:\/\/actu.fr\/occitanie\/toulouse_31555\/municipales-2026-a-toulouse-sans-tete-de-liste-conclue-a-gauche-archipel-citoyen-a-trouve-son-candidat_62633366.html\" target=\"_blank\" rel=\"noopener\">lui-m\u00eame \u00e9t\u00e9 d\u00e9sign\u00e9 chef de file d\u2019Archipel citoyen<\/a> et ne fait pas fi de ses <strong>vell\u00e9it\u00e9s<\/strong> pour \u00eatre t\u00eate de liste, \u00ab\u00a0c\u2019est un dispositif qui a pour but de <strong>souder une \u00e9quipe<\/strong> afin de conduire la campagne et gouverner la ville\u00a0\u00bb. C\u2019est aussi l\u2019occasion de b\u00e2tir \u00ab\u00a0une gouvernance partag\u00e9e\u00a0\u00bb, selon R\u00e9gis Godec, qui rappelle : \u00ab\u00a0Il n\u2019y a plus d\u2019h\u00e9g\u00e9monie de force politique de gauche \u00e0 Toulouse\u00a0\u00bb.<\/p>\n<p class=\" wall-content\">D\u2019autres formations les rejoindront-ils pour le premier tour\u2026 et avant la date butoir de \u00ab\u00a0mi-septembre\u00a0\u00bb ? \u00ab\u00a0Il n\u2019y a pas de d\u00e9saccord de fond\u00a0\u00bb aux yeux de R\u00e9gis Godec, qui esp\u00e8re encore faire de cette liste <strong>la maison commune de la gauche<\/strong>. Y compris avec les Insoumis ? \u00ab\u00a0Je si\u00e8ge avec LFI depuis cinq ans. Programmatiquement, on n\u2019a rien trouv\u00e9 de bloquant\u00a0\u00bb, appuie Maxime Le Texier.<\/p>\n<p>Pendant ce temps, six partis (dont le PS) r\u00e9clament l\u2019union\u2026 sans LFI<\/p>\n<p class=\" wall-content\">L\u2019annonce de cette conf\u00e9rence de presse des \u00e9cologistes a-t-elle pr\u00e9cipit\u00e9 les choses, \u00e0 gauche ? Mercredi soir, les chefs de file de six formations ont cosign\u00e9 un courrier dans lequel ils indiquent que \u00ab\u00a0le samedi 28 juin, \u00e0 la f\u00e9d\u00e9ration du PCF de Toulouse, <strong>huit partis de gauche<\/strong> se sont r\u00e9unis et ont affirm\u00e9 leur <strong>possible accord<\/strong> sur le projet pour Toulouse : Archipel, les \u00c9cologistes, G\u00e9n\u00e9ration\u00b7s, le MRC, le PCF, Place Publique, le PRG et le PS\u00a0\u00bb.<\/p>\n<p class=\" wall-content\">\u00c0 l\u2019issue de cette r\u00e9union, <strong>six de ces huit formations<\/strong> (toutes sauf les \u00c9cologistes et Archipel citoyen, NDLR) ont \u00e9crit cette lettre appelant \u00e0 faire <strong>liste commune d\u00e8s le premier tour<\/strong> \u00e0 Toulouse, car elles consid\u00e8rent que \u00ab\u00a0toutes les forces politiques (\u2026) \u0153uvrent \u00e0 un rassemblement, <strong>\u00e0 l\u2019exception de La France insoumise<\/strong>, qui a fait de la t\u00eate de liste un pr\u00e9alable\u00a0\u00bb.<\/p>\n<p class=\" wall-content\">Un courrier que n\u2019ont \u00ab\u00a0pas voulu signer\u00a0\u00bb les \u00e9cologistes et leurs alli\u00e9s municipalistes, \u00ab\u00a0\u00e0 cause du pr\u00e9alable sur l\u2019exclusion de LFI\u00a0\u00bb, r\u00e9torque R\u00e9gis Godec.<\/p>\n<p>Ils appellent Piquemal \u00e0 l\u00e2cher son \u00ab\u00a0exigence\u00a0\u00bb d\u2019\u00eatre t\u00eate de liste<\/p>\n<p class=\" wall-content\">Autre rebondissement : juste avant cette m\u00eame rencontre avec les journalistes, c\u2019est la France Insoumise de <strong>Fran\u00e7ois Piquemal<\/strong> qui s\u2019est fendue d\u2019un communiqu\u00e9 <a href=\"https:\/\/actu.fr\/occitanie\/toulouse_31555\/municipales-2026-a-toulouse-salah-amokrane-et-l-assemblee-des-quartiers-rejoignent-francois-piquemal-lfi_62834062.html\" target=\"_blank\" rel=\"noopener\">avec ses alli\u00e9s de l\u2019Assembl\u00e9e des quartiers<\/a>. Quelques lignes dans lesquelles ils \u00ab\u00a0r\u00e9it\u00e8rent\u00a0\u00bb leur<a href=\"https:\/\/actu.fr\/occitanie\/toulouse_31555\/municipales-2026-a-toulouse-francois-piquemal-lfi-propose-la-presidence-de-la-metropole-aux-ecologistes_62486593.html\" target=\"_blank\" rel=\"noopener\"> \u00ab\u00a0proposition de gouvernance partag\u00e9e\u00a0\u00bb adress\u00e9e quelques mois plus t\u00f4t aux \u00c9cologistes<\/a> : la t\u00eate de liste \u00e0 la mairie pour le candidat LFI et les r\u00eanes de la M\u00e9tropole pour eux. Une id\u00e9e <a href=\"https:\/\/actu.fr\/occitanie\/toulouse_31555\/municipales-2026-a-toulouse-les-ecologistes-balaient-l-idee-des-insoumis-qui-leur-promettaient-la-metropole_62498321.html\" target=\"_blank\" rel=\"noopener\">vite balay\u00e9e par R\u00e9gis Godec,<\/a> qui taxait le d\u00e9put\u00e9 de vouloir \u00ab\u00a0gouverner tout seul\u00a0\u00bb.<\/p>\n<p class=\" wall-content\">Dans ce communiqu\u00e9, la future liste Piquemal ajoute : \u00ab\u00a0La France insoumise et l\u2019Assembl\u00e9e des quartiers se r\u00e9jouissent du choix d\u2019Archipel citoyen de pl\u00e9bisciter une alliance d\u00e8s le premier tour avec nos deux mouvements ainsi qu\u2019avec les \u00c9cologistes\u00a0\u00bb. Une \u00ab\u00a0r\u00e9\u00e9criture de l\u2019histoire\u00a0\u00bb qui fait tousser chez Archipel, dont les militants ont en r\u00e9alit\u00e9\u2026 <a href=\"https:\/\/actu.fr\/occitanie\/toulouse_31555\/municipales-2026-a-toulouse-archipel-citoyen-veut-s-allier-avec-les-ecologistes-pour-le-premier-tour_62906039.html\" target=\"_blank\" rel=\"noopener\">pr\u00e9f\u00e9r\u00e9 les 10 et 11 juillet l\u2019union avec les \u00c9cologistes. <\/a>\u00ab\u00a0C\u2019est un effet de manche\u00a0\u00bb soupire Maxime Le Texier, qui demande directement \u00e0 <strong>Fran\u00e7ois Piquemal <\/strong>de <strong>l\u00e2cher la t\u00eate de liste<\/strong> :<\/p>\n<blockquote class=\"ac-article-quote wall-content\">\n<p>Aujourd\u2019hui, Fran\u00e7ois Piquemal pose un pr\u00e9alable \u00e0 ce que ce soit lui la t\u00eate de liste.\u00a0C\u2019est une posture. On lui demande de quitter cette exigence.<\/p>\n<p>    <strong>Maxime Le Texier<\/strong><br \/>\n        Conseiller municipal et m\u00e9tropolitain (Archipel citoyen) \u00e0 Toulouse    <\/p><\/blockquote>\n<p class=\" wall-content\">\u00c0 l\u2019unisson, R\u00e9gis Godec appelle \u00ab\u00a0Fran\u00e7ois Piquemal \u00e0 s\u2019interroger : est-ce qu\u2019il accepte d\u2019entrer dans un processus o\u00f9 la t\u00eate de liste ne lui est pas r\u00e9serv\u00e9e ? Si c\u2019est oui, on peut discuter. Mais si c\u2019est non, c\u2019est un refus\u00a0\u00bb.<\/p>\n<p class=\" wall-content\">\u00c0 huit mois du premier tour, dans cette Ville rose qui a le c\u0153ur \u00e0 gauche, mais dont le Capitole, \u00e9picentre de la vie politique, roule (bien souvent) \u00e0 droite, le <strong>chemin de l\u2019union<\/strong>\u00a0semble d\u00e9cid\u00e9ment plus long et sinueux que jamais\u2026<\/p>\n<p class=\" wall-content\">Suivez toute l\u2019actualit\u00e9 de vos villes et m\u00e9dias favoris en vous inscrivant \u00e0 <a href=\"https:\/\/moncompte.actu.fr\" title=\"D\u00e9couvez Mon Actu\" rel=\"nofollow noopener\" data-trk=\"{&quot;cta&quot;:{&quot;action&quot;:&quot;https:\\\/\\\/moncompte.actu.fr&quot;,&quot;category&quot;:&quot;mon compte&quot;,&quot;from&quot;:&quot;article footer&quot;,&quot;name&quot;:&quot;Mon actu&quot;,&quot;type&quot;:&quot;cta&quot;}}\" target=\"_blank\">Mon Actu<\/a>.<\/p>\n<ul class=\"ac-article-tag wall-content\">\n<li><a href=\"https:\/\/actu.fr\/tag\/europe-ecologie-les-verts-eelv\" data-trk=\"{&quot;cta&quot;:{&quot;action&quot;:&quot;Europe Ecologie Les Verts (EELV)&quot;,&quot;category&quot;:&quot;tag&quot;,&quot;from&quot;:&quot;article footer&quot;,&quot;name&quot;:&quot;Europe Ecologie Les Verts (EELV)&quot;,&quot;type&quot;:&quot;cta&quot;}}\" target=\"_blank\" rel=\"noopener\">#Europe Ecologie Les Verts (EELV)<\/a><\/li>\n<li><a href=\"https:\/\/actu.fr\/tag\/municipales-2026\" data-trk=\"{&quot;cta&quot;:{&quot;action&quot;:&quot;Municipales 2026&quot;,&quot;category&quot;:&quot;tag&quot;,&quot;from&quot;:&quot;article footer&quot;,&quot;name&quot;:&quot;Municipales 2026&quot;,&quot;type&quot;:&quot;cta&quot;}}\" target=\"_blank\" rel=\"noopener\">#Municipales 2026<\/a><\/li>\n<\/ul>\n","protected":false},"excerpt":{"rendered":"Par Guillaume Laurens Publi\u00e9 le 24 juil. 2025 \u00e0 18h20 ; mis \u00e0 jour le 24 juil. 2025&hellip;\n","protected":false},"author":2,"featured_media":271323,"comment_status":"","ping_status":"","sticky":false,"template":"","format":"standard","meta":{"footnotes":""},"categories":[2816],"tags":[1111,11,4188,1777,674,7430,1011,27,3434,12,2680,316,25,2312],"class_list":{"0":"post-271322","1":"post","2":"type-post","3":"status-publish","4":"format-standard","5":"has-post-thumbnail","7":"category-toulouse","8":"tag-actu","9":"tag-actualites","10":"tag-elections-municipales","11":"tag-eu","12":"tag-europe","13":"tag-europe-ecologie-les-verts-eelv","14":"tag-fr","15":"tag-france","16":"tag-municipales-2026","17":"tag-news","18":"tag-occitanie","19":"tag-politique","20":"tag-republique-francaise","21":"tag-toulouse"},"share_on_mastodon":{"url":"https:\/\/pubeurope.com\/@fr\/114910255087223107","error":""},"_links":{"self":[{"href":"https:\/\/www.europesays.com\/fr\/wp-json\/wp\/v2\/posts\/271322","targetHints":{"allow":["GET"]}}],"collection":[{"href":"https:\/\/www.europesays.com\/fr\/wp-json\/wp\/v2\/posts"}],"about":[{"href":"https:\/\/www.europesays.com\/fr\/wp-json\/wp\/v2\/types\/post"}],"author":[{"embeddable":true,"href":"https:\/\/www.europesays.com\/fr\/wp-json\/wp\/v2\/users\/2"}],"replies":[{"embeddable":true,"href":"https:\/\/www.europesays.com\/fr\/wp-json\/wp\/v2\/comments?post=271322"}],"version-history":[{"count":0,"href":"https:\/\/www.europesays.com\/fr\/wp-json\/wp\/v2\/posts\/271322\/revisions"}],"wp:featuredmedia":[{"embeddable":true,"href":"https:\/\/www.europesays.com\/fr\/wp-json\/wp\/v2\/media\/271323"}],"wp:attachment":[{"href":"https:\/\/www.europesays.com\/fr\/wp-json\/wp\/v2\/media?parent=271322"}],"wp:term":[{"taxonomy":"category","embeddable":true,"href":"https:\/\/www.europesays.com\/fr\/wp-json\/wp\/v2\/categories?post=271322"},{"taxonomy":"post_tag","embeddable":true,"href":"https:\/\/www.europesays.com\/fr\/wp-json\/wp\/v2\/tags?post=271322"}],"curies":[{"name":"wp","href":"https:\/\/api.w.org\/{rel}","templated":true}]}}