{"id":271328,"date":"2025-07-24T21:10:10","date_gmt":"2025-07-24T21:10:10","guid":{"rendered":"https:\/\/www.europesays.com\/fr\/271328\/"},"modified":"2025-07-24T21:10:10","modified_gmt":"2025-07-24T21:10:10","slug":"un-ancien-braqueur-retrouve-mort-dans-un-parking-de-marseille","status":"publish","type":"post","link":"https:\/\/www.europesays.com\/fr\/271328\/","title":{"rendered":"Un ancien braqueur retrouv\u00e9 mort dans un parking de Marseille"},"content":{"rendered":"<p class=\"paragraph text_align_left lp-f-body-02\">Un nouveau drame \u00e0 Marseille (Bouches-du-Rh\u00f4ne). Le corps d\u2019un homme, \u00e2g\u00e9 d\u2019une quarantaine d\u2019ann\u00e9es, a \u00e9t\u00e9 retrouv\u00e9 ce jeudi 24 juillet, en d\u00e9but d\u2019apr\u00e8s-midi, dans un parking souterrain \u00e0 Marseille, a indiqu\u00e9 le parquet \u00e0 l\u2019AFP, confirmant une information de <a href=\"https:\/\/www.laprovence.com\/article\/faits-divers-justice\/96715151236419\/info-la-provence-marseille-un-corps-retrouve-dans-un-parking-souterrain-a-air-bel\" target=\"_blank\" rel=\"noreferrer noopener\">La Provence<\/a>.<\/p>\n<p class=\"paragraph text_align_left lp-f-body-02\">Le cadavre a \u00e9t\u00e9 d\u00e9couvert dans un parking souterrain de la cit\u00e9 Air Bel, situ\u00e9e \u00e0 l\u2019est de Marseille, dans le XIe arrondissement.<\/p>\n<p>Une autopsie va avoir lieu<\/p>\n<p class=\"paragraph text_align_left lp-f-body-02\">Cet homme \u00e9tait \u00ab anciennement connu pour des faits de braquage \u00bb, a pr\u00e9cis\u00e9 le parquet de Marseille, ajoutant qu\u2019une enqu\u00eate pour assassinat, confi\u00e9e \u00e0 la Division de la criminalit\u00e9 organis\u00e9e et sp\u00e9cialis\u00e9e de la police judiciaire, \u00e9tait ouverte.<\/p>\n<p class=\"paragraph text_align_left lp-f-body-02\">Une autopsie doit avoir lieu afin de d\u00e9terminer les circonstances du d\u00e9c\u00e8s de la victime, rien n\u2019indiquant \u00e0 ce stade qu\u2019une arme \u00e0 feu ait \u00e9t\u00e9 utilis\u00e9e, selon le parquet.<\/p>\n<p class=\"paragraph text_align_left lp-f-body-02\">Mercredi soir, un homme avait \u00e9t\u00e9 retrouv\u00e9 mort d\u2019une balle dans la t\u00eate dans le coffre d\u2019une voiture vol\u00e9e dans les quartiers nord de Marseille. Dans le m\u00eame temps, un homme a mortellement poignard\u00e9 un autre dans le Ve arrondissement de la cit\u00e9 phoc\u00e9enne.<\/p>\n","protected":false},"excerpt":{"rendered":"Un nouveau drame \u00e0 Marseille (Bouches-du-Rh\u00f4ne). Le corps d\u2019un homme, \u00e2g\u00e9 d\u2019une quarantaine d\u2019ann\u00e9es, a \u00e9t\u00e9 retrouv\u00e9 ce&hellip;\n","protected":false},"author":2,"featured_media":271329,"comment_status":"","ping_status":"","sticky":false,"template":"","format":"standard","meta":{"footnotes":""},"categories":[2814],"tags":[1111,11,11004,459,1777,674,1011,27,884,12,882,25],"class_list":{"0":"post-271328","1":"post","2":"type-post","3":"status-publish","4":"format-standard","5":"has-post-thumbnail","7":"category-marseille","8":"tag-actu","9":"tag-actualites","10":"tag-bouches-du-rhone-13","11":"tag-departements-horsidfo","12":"tag-eu","13":"tag-europe","14":"tag-fr","15":"tag-france","16":"tag-marseille","17":"tag-news","18":"tag-provence-alpes-cote-dazur","19":"tag-republique-francaise"},"share_on_mastodon":{"url":"https:\/\/pubeurope.com\/@fr\/114910266858886894","error":""},"_links":{"self":[{"href":"https:\/\/www.europesays.com\/fr\/wp-json\/wp\/v2\/posts\/271328","targetHints":{"allow":["GET"]}}],"collection":[{"href":"https:\/\/www.europesays.com\/fr\/wp-json\/wp\/v2\/posts"}],"about":[{"href":"https:\/\/www.europesays.com\/fr\/wp-json\/wp\/v2\/types\/post"}],"author":[{"embeddable":true,"href":"https:\/\/www.europesays.com\/fr\/wp-json\/wp\/v2\/users\/2"}],"replies":[{"embeddable":true,"href":"https:\/\/www.europesays.com\/fr\/wp-json\/wp\/v2\/comments?post=271328"}],"version-history":[{"count":0,"href":"https:\/\/www.europesays.com\/fr\/wp-json\/wp\/v2\/posts\/271328\/revisions"}],"wp:featuredmedia":[{"embeddable":true,"href":"https:\/\/www.europesays.com\/fr\/wp-json\/wp\/v2\/media\/271329"}],"wp:attachment":[{"href":"https:\/\/www.europesays.com\/fr\/wp-json\/wp\/v2\/media?parent=271328"}],"wp:term":[{"taxonomy":"category","embeddable":true,"href":"https:\/\/www.europesays.com\/fr\/wp-json\/wp\/v2\/categories?post=271328"},{"taxonomy":"post_tag","embeddable":true,"href":"https:\/\/www.europesays.com\/fr\/wp-json\/wp\/v2\/tags?post=271328"}],"curies":[{"name":"wp","href":"https:\/\/api.w.org\/{rel}","templated":true}]}}