{"id":27133,"date":"2025-04-15T17:57:16","date_gmt":"2025-04-15T17:57:16","guid":{"rendered":"https:\/\/www.europesays.com\/fr\/27133\/"},"modified":"2025-04-15T17:57:16","modified_gmt":"2025-04-15T17:57:16","slug":"le-trafic-du-tram-t12-une-fois-de-plus-perturbe","status":"publish","type":"post","link":"https:\/\/www.europesays.com\/fr\/27133\/","title":{"rendered":"Le trafic du tram T12 une fois de plus perturb\u00e9"},"content":{"rendered":"\n<p style=\"font-weight: 400;\">Cette fois, c\u2019est un acte de vandalisme qui a entra\u00een\u00e9 d\u2019importants retards sur la ligne ce matin. La circulation des trams a notamment \u00e9t\u00e9 interrompue \u00e0 partir de 6h45 entre les stations Evry-Courcouronnes et Epinay-sur-Orge, puis entre Evry et Ferme Neuve dans un deuxi\u00e8me temps. Le trafic a progressivement repris en d\u00e9but d\u2019apr\u00e8s-midi. Un petit rappel par ailleurs : les usagers du tram T12 ont jusqu\u2019\u00e0 ce soir seulement pour r\u00e9clamer le remboursement partiel de leur forfait Navigo sur la plateforme sp\u00e9cialement d\u00e9di\u00e9e sur le site <a href=\"https:\/\/www.iledefrance-mobilites.fr\/dedommagement\" rel=\"noopener\" target=\"_blank\" data-saferedirecturl=\"https:\/\/www.google.com\/url?q=https:\/\/www.iledefrance-mobilites.fr\/dedommagement&amp;source=gmail&amp;ust=1744805918603000&amp;usg=AOvVaw3CH1Zs68aMkJrmoBdnKQts\">https:\/\/www.iledefrance-mobilites.fr\/dedommagement<\/a><a href=\"http:\/\/iledefrance-mobilites.fr\/\" rel=\"noopener\" target=\"_blank\" data-saferedirecturl=\"https:\/\/www.google.com\/url?q=http:\/\/iledefrance-mobilites.fr&amp;source=gmail&amp;ust=1744805918603000&amp;usg=AOvVaw15Eos_qBnjiNpoCCjltul2\">.<\/p>\n<p style=\"font-weight: 400;\">\u00a0<\/p>\n<p style=\"font-weight: 400;\">Cr\u00e9dit : Olivier Doyen<\/p>\n<p>!function(f,b,e,v,n,t,s){if(f.fbq)return;n=f.fbq=function(){n.callMethod?<br \/>\nn.callMethod.apply(n,arguments):n.queue.push(arguments)};if(!f._fbq)f._fbq=n;<br \/>\nn.push=n;n.loaded=!0;n.version=&rsquo;2.0&prime;;n.queue=[];t=b.createElement(e);t.async=!0;<br \/>\nt.src=v;s=b.getElementsByTagName(e)[0];s.parentNode.insertBefore(t,s)}(window,<br \/>\ndocument,&rsquo;script&rsquo;,&rsquo;https:\/\/connect.facebook.net\/en_US\/fbevents.js&rsquo;);<br \/>\nfbq(&lsquo;init&rsquo;, &lsquo;278974969201861&rsquo;); \/\/ Insert your pixel ID here.<br \/>\nfbq(&lsquo;track&rsquo;, &lsquo;PageView&rsquo;);<\/p>\n","protected":false},"excerpt":{"rendered":"Cette fois, c\u2019est un acte de vandalisme qui a entra\u00een\u00e9 d\u2019importants retards sur la ligne ce matin. La&hellip;\n","protected":false},"author":2,"featured_media":27134,"comment_status":"","ping_status":"","sticky":false,"template":"","format":"standard","meta":{"footnotes":""},"categories":[1592],"tags":[1111,11,1933,1936,1777,1939,674,1011,27,662,1934,12,1940,626,1935,25,1937,1941,1938],"class_list":{"0":"post-27133","1":"post","2":"type-post","3":"status-publish","4":"format-standard","5":"has-post-thumbnail","7":"category-ile-de-france","8":"tag-actu","9":"tag-actualites","10":"tag-actualites-locales","11":"tag-essonne","12":"tag-eu","13":"tag-eure-et-loir","14":"tag-europe","15":"tag-fr","16":"tag-france","17":"tag-ile-de-france","18":"tag-infos-locales","19":"tag-news","20":"tag-oise","21":"tag-paris","22":"tag-pres-de-chez-vous","23":"tag-republique-francaise","24":"tag-seine-et-marne","25":"tag-somme","26":"tag-yvelines"},"share_on_mastodon":{"url":"https:\/\/pubeurope.com\/@fr\/114343277017154551","error":""},"_links":{"self":[{"href":"https:\/\/www.europesays.com\/fr\/wp-json\/wp\/v2\/posts\/27133","targetHints":{"allow":["GET"]}}],"collection":[{"href":"https:\/\/www.europesays.com\/fr\/wp-json\/wp\/v2\/posts"}],"about":[{"href":"https:\/\/www.europesays.com\/fr\/wp-json\/wp\/v2\/types\/post"}],"author":[{"embeddable":true,"href":"https:\/\/www.europesays.com\/fr\/wp-json\/wp\/v2\/users\/2"}],"replies":[{"embeddable":true,"href":"https:\/\/www.europesays.com\/fr\/wp-json\/wp\/v2\/comments?post=27133"}],"version-history":[{"count":0,"href":"https:\/\/www.europesays.com\/fr\/wp-json\/wp\/v2\/posts\/27133\/revisions"}],"wp:featuredmedia":[{"embeddable":true,"href":"https:\/\/www.europesays.com\/fr\/wp-json\/wp\/v2\/media\/27134"}],"wp:attachment":[{"href":"https:\/\/www.europesays.com\/fr\/wp-json\/wp\/v2\/media?parent=27133"}],"wp:term":[{"taxonomy":"category","embeddable":true,"href":"https:\/\/www.europesays.com\/fr\/wp-json\/wp\/v2\/categories?post=27133"},{"taxonomy":"post_tag","embeddable":true,"href":"https:\/\/www.europesays.com\/fr\/wp-json\/wp\/v2\/tags?post=27133"}],"curies":[{"name":"wp","href":"https:\/\/api.w.org\/{rel}","templated":true}]}}