{"id":271331,"date":"2025-07-24T21:12:15","date_gmt":"2025-07-24T21:12:15","guid":{"rendered":"https:\/\/www.europesays.com\/fr\/271331\/"},"modified":"2025-07-24T21:12:15","modified_gmt":"2025-07-24T21:12:15","slug":"metropole-de-lyon-la-prefete-accorde-un-permis-de-construire-pour-des-logements-sociaux-ville-et-proprietaires-reclament-le-retrait","status":"publish","type":"post","link":"https:\/\/www.europesays.com\/fr\/271331\/","title":{"rendered":"M\u00e9tropole de Lyon. La pr\u00e9f\u00e8te accorde un permis de construire pour des logements sociaux, Ville et propri\u00e9taires r\u00e9clament le retrait"},"content":{"rendered":"<p>Pour les riverains oppos\u00e9s au projet de construction de 20 logements, la r\u00e9ponse de la pr\u00e9f\u00e8te au recours gracieux d\u00e9pos\u00e9 par l\u2019association syndicale du lotissement\u00a0le Clos de Na\u00efve\u00a0et Amis de Na\u00efve, est lacunaire.<\/p>\n<p>\u00ab\u00a0Elle se limite \u00e0 dire dans sa lettre \u201cque les arguments utilis\u00e9s ne sont pas de nature \u00e0 [la] faire revenir sur [sa] d\u00e9cision d\u2019accorder ce permis de construire\u201d, d\u00e9voile Corinne Basset, pr\u00e9sidente de l\u2019association Amis de Na\u00efve. Ce permis semble avoir \u00e9t\u00e9 accord\u00e9 en d\u00e9pit du bon sens, uniquement pour r\u00e9pondre \u00e0 une carence de&#8230;<\/p>\n","protected":false},"excerpt":{"rendered":"Pour les riverains oppos\u00e9s au projet de construction de 20 logements, la r\u00e9ponse de la pr\u00e9f\u00e8te au recours&hellip;\n","protected":false},"author":2,"featured_media":271332,"comment_status":"","ping_status":"","sticky":false,"template":"","format":"standard","meta":{"footnotes":""},"categories":[1889],"tags":[1111,11,2430,3154,1777,674,1011,27,1908,2428,12,25,2429,5151,5152,104],"class_list":{"0":"post-271331","1":"post","2":"type-post","3":"status-publish","4":"format-standard","5":"has-post-thumbnail","7":"category-lyon","8":"tag-actu","9":"tag-actualites","10":"tag-auvergne-rhone-alpes","11":"tag-edition-sud-lyonnais","12":"tag-eu","13":"tag-europe","14":"tag-fr","15":"tag-france","16":"tag-logement","17":"tag-lyon","18":"tag-news","19":"tag-republique-francaise","20":"tag-rhone","21":"tag-saint-genis-laval","22":"tag-saint-genis-laval-ville","23":"tag-societe"},"share_on_mastodon":{"url":"https:\/\/pubeurope.com\/@fr\/114910274765860298","error":""},"_links":{"self":[{"href":"https:\/\/www.europesays.com\/fr\/wp-json\/wp\/v2\/posts\/271331","targetHints":{"allow":["GET"]}}],"collection":[{"href":"https:\/\/www.europesays.com\/fr\/wp-json\/wp\/v2\/posts"}],"about":[{"href":"https:\/\/www.europesays.com\/fr\/wp-json\/wp\/v2\/types\/post"}],"author":[{"embeddable":true,"href":"https:\/\/www.europesays.com\/fr\/wp-json\/wp\/v2\/users\/2"}],"replies":[{"embeddable":true,"href":"https:\/\/www.europesays.com\/fr\/wp-json\/wp\/v2\/comments?post=271331"}],"version-history":[{"count":0,"href":"https:\/\/www.europesays.com\/fr\/wp-json\/wp\/v2\/posts\/271331\/revisions"}],"wp:featuredmedia":[{"embeddable":true,"href":"https:\/\/www.europesays.com\/fr\/wp-json\/wp\/v2\/media\/271332"}],"wp:attachment":[{"href":"https:\/\/www.europesays.com\/fr\/wp-json\/wp\/v2\/media?parent=271331"}],"wp:term":[{"taxonomy":"category","embeddable":true,"href":"https:\/\/www.europesays.com\/fr\/wp-json\/wp\/v2\/categories?post=271331"},{"taxonomy":"post_tag","embeddable":true,"href":"https:\/\/www.europesays.com\/fr\/wp-json\/wp\/v2\/tags?post=271331"}],"curies":[{"name":"wp","href":"https:\/\/api.w.org\/{rel}","templated":true}]}}