{"id":271337,"date":"2025-07-24T21:16:21","date_gmt":"2025-07-24T21:16:21","guid":{"rendered":"https:\/\/www.europesays.com\/fr\/271337\/"},"modified":"2025-07-24T21:16:21","modified_gmt":"2025-07-24T21:16:21","slug":"les-spectacles-et-pieces-de-theatre-a-ne-pas-manquer-ce-week-end-du-25-au-27-juillet-2025-2","status":"publish","type":"post","link":"https:\/\/www.europesays.com\/fr\/271337\/","title":{"rendered":"Les spectacles et pi\u00e8ces de th\u00e9\u00e2tre \u00e0 ne pas manquer ce week-end du 25 au 27 juillet 2025"},"content":{"rendered":"<p><strong>Id\u00e9es de sorties &#8211; Envie de vous divertir ce week-end \u00e0 Paris\u00a0? Que vous aimiez le th\u00e9\u00e2tre, la danse ou le stand-up, voici une s\u00e9lection de spectacles incontournables \u00e0 ne pas manquer. D\u00e9couvrez notre top pour le week-end du 25 au 27\u00a0juillet 2025<\/strong><\/p>\n<p>Un week-end de spectacles \u00e0 prix mini\u00a0! Th\u00e9\u00e2tre, danse, stand-up\u2026 Il y en a pour tous les go\u00fbts, et gr\u00e2ce \u00e0 <a href=\"https:\/\/www.ticketnunc.com\/?utm_source=article&amp;utm_medium=20_minutes&amp;utm_campaign=article_20minutes&amp;at_medium=RSS%20feed&amp;at_campaign=ynews&amp;utm_source=yahoo&amp;utm_medium=rss&amp;utm_campaign=news_feed&amp;utm_content=in_article_link\" rel=\"nofollow noopener\" target=\"_blank\" data-ylk=\"slk:TicketNunc;elm:context_link;itc:0;sec:content-canvas\" class=\"link \">TicketNunc<\/a>, profitez d\u2019offres de derni\u00e8re minute, entre 24 et 72 heures avant le lever de rideau. Ne manquez pas notre s\u00e9lection des meilleurs spectacles pour un week-end culturel sans vous ruiner\u00a0!<\/p>\n<p>Attention, les quantit\u00e9s sont limit\u00e9es, r\u00e9servez vite votre place.<\/p>\n<p>Les Gros patinent bien<img decoding=\"async\" class=\"caas-img caas-lazy has-preview\" alt=\"[object Object]\" src=\"https:\/\/www.europesays.com\/fr\/wp-content\/uploads\/2025\/07\/52f7c2ee46f1383af6d12891d40e2001.jpeg\"\/><\/p>\n<p>[object Object]<\/p>\n<p>Un spectacle fait de bouts de cartons, de patins, de cornemuses et d\u2019un mec en costume immobile\u00a0? Oui, c\u2019est bizarre. Et c\u2019est g\u00e9nial. Apr\u00e8s \u00ab\u00a0Bigre\u00a0\u00bb, Pierre Guillois et Olivier Martin-Salvan signent un voyage visuel et compl\u00e8tement barr\u00e9. Une \u00e9pop\u00e9e burlesque \u00e0 mourir de rire, entre po\u00e9sie d\u00e9jant\u00e9e et cabaret anim\u00e9. Un conseil\u00a0: laissez-vous embarquer.<\/p>\n<p><a href=\"https:\/\/www.ticketnunc.com\/spectacles\/les-gros-patinent-bien?utm_source=20_minutes&amp;utm_medium=articles&amp;utm_campaign=article_20_minutes\" rel=\"nofollow noopener\" target=\"_blank\" data-ylk=\"slk:Je prends ma place;elm:context_link;itc:0;sec:content-canvas\" class=\"link \">Je prends ma place<\/a>Le radeau de la M\u00e9duse<img decoding=\"async\" class=\"caas-img caas-lazy has-preview\" alt=\"[object Object]\" src=\"https:\/\/www.europesays.com\/fr\/wp-content\/uploads\/2025\/05\/79f10784f63cee496951c685aad64598.jpeg\"\/><\/p>\n<p>[object Object]<\/p>\n<p>En\u00a01818, G\u00e9ricault peint \u00ab\u00a0Le Radeau de la M\u00e9duse\u00a0\u00bb et cr\u00e9e un toll\u00e9. \u00c0 la fois bombe artistique et pav\u00e9 politique, ce chef-d\u2019\u0153uvre du Louvre critique la monarchie post-Napol\u00e9on. Avec une conf\u00e9renci\u00e8re aussi dr\u00f4le qu\u2019\u00e9rudite, on plonge dans l\u2019histoire agit\u00e9e du tableau qui a secou\u00e9 le tr\u00f4ne de Louis XVIII. Une visite guid\u00e9e insolite entre art, scandale et Histoire.<\/p>\n<p>Lieu\u00a0: Com\u00e9die Bastille, 5 rue Nicolas Appert, 75011 Paris<\/p>\n<p><a href=\"https:\/\/www.ticketnunc.com\/spectacles\/le-radeau-de-la-meduse?utm_source=20_minutes&amp;utm_medium=article&amp;utm_campaign=article_20_minutes\" rel=\"nofollow noopener\" target=\"_blank\" data-ylk=\"slk:Je prends ma place;elm:context_link;itc:0;sec:content-canvas\" class=\"link \">Je prends ma place<\/a>Soleil<img decoding=\"async\" class=\"caas-img caas-lazy has-preview\" alt=\"[object Object]\" src=\"https:\/\/www.europesays.com\/fr\/wp-content\/uploads\/2025\/07\/afafc53639e342b97206cddd5d459537.jpeg\"\/><\/p>\n<p>[object Object]<\/p>\n<p>Raymond Carver, c\u2019est la classe moyenne am\u00e9ricaine, ses drames du quotidien, ses silences lourds et ses instants suspendus. Dans Soleil, le metteur en sc\u00e8ne Armel Roussel en fait un parcours sensible et immersif\u00a0: 12(&#8230;)<\/p>\n<p><a href=\"https:\/\/www.20minutes.fr\/arts-stars\/loisirs\/4165080-20250724-paris-spectacles-pieces-theatre-manquer-week-end-25-27-juillet-2025?at_medium=RSS%20feed&amp;at_campaign=ynews&amp;utm_source=yahoo&amp;utm_medium=rss&amp;utm_campaign=news_feed&amp;utm_content=read_more_link&quot;\" rel=\"nofollow noopener\" target=\"_blank\" data-ylk=\"slk:Lire la suite sur 20minutes;elm:context_link;itc:0;sec:content-canvas\" class=\"link \">Lire la suite sur 20minutes<\/a><\/p>\n<p>\u00c0 lire aussi :<br \/><a href=\"https:\/\/www.20minutes.fr\/arts-stars\/loisirs\/4164990-20250723-paris-decouvrez-selection-3-pieces-theatre-petit-prix-week-end-25-27-juillet-2025?at_medium=RSS%20feed&amp;at_campaign=ynews&amp;utm_source=yahoo&amp;utm_medium=rss&amp;utm_campaign=news_feed&amp;utm_content=related_content_link\" rel=\"nofollow noopener\" target=\"_blank\" data-ylk=\"slk:Paris\u00a0: D\u00e9couvrez une s\u00e9lection de 3 pi\u00e8ces de th\u00e9\u00e2tre \u00e0 petit prix ce week-end du 25 au 27\u00a0juillet 2025;elm:context_link;itc:0;sec:content-canvas\" class=\"link \">Paris\u00a0: D\u00e9couvrez une s\u00e9lection de 3 pi\u00e8ces de th\u00e9\u00e2tre \u00e0 petit prix ce week-end du 25 au 27\u00a0juillet 2025<\/a><br \/><a href=\"https:\/\/www.20minutes.fr\/arts-stars\/culture\/musique\/4165084-20250724-feat-trump-gims-assure-sortira-duo-belle-fille-president-americain?at_medium=RSS%20feed&amp;at_campaign=ynews&amp;utm_source=yahoo&amp;utm_medium=rss&amp;utm_campaign=news_feed&amp;utm_content=related_content_link\" rel=\"nofollow noopener\" target=\"_blank\" data-ylk=\"slk:\u00ab\u00a0Pas de feat avec Trump\u00a0\u00bb\u00a0: Gims assure qu\u2019il ne sortira pas de duo avec la belle-fille du pr\u00e9sident am\u00e9ricain;elm:context_link;itc:0;sec:content-canvas\" class=\"link \">\u00ab\u00a0Pas de feat avec Trump\u00a0\u00bb\u00a0: Gims assure qu\u2019il ne sortira pas de duo avec la belle-fille du pr\u00e9sident am\u00e9ricain<\/a><\/p>\n","protected":false},"excerpt":{"rendered":"Id\u00e9es de sorties &#8211; Envie de vous divertir ce week-end \u00e0 Paris\u00a0? Que vous aimiez le th\u00e9\u00e2tre, la&hellip;\n","protected":false},"author":2,"featured_media":271338,"comment_status":"","ping_status":"","sticky":false,"template":"","format":"standard","meta":{"footnotes":""},"categories":[1888],"tags":[1111,1928,11,1927,1777,674,1011,27,26316,26318,26319,12,1926,626,1925,41091,25,41092],"class_list":{"0":"post-271337","1":"post","2":"type-post","3":"status-publish","4":"format-standard","5":"has-post-thumbnail","7":"category-paris","8":"tag-actu","9":"tag-actu-paris","10":"tag-actualites","11":"tag-actualites-paris","12":"tag-eu","13":"tag-europe","14":"tag-fr","15":"tag-france","16":"tag-idees-de-sorties","17":"tag-le-radeau-de-la-meduse","18":"tag-lever-de-rideau","19":"tag-news","20":"tag-news-paris","21":"tag-paris","22":"tag-paris-news","23":"tag-pierre-guillois","24":"tag-republique-francaise","25":"tag-rue-louis-le-grand"},"share_on_mastodon":{"url":"https:\/\/pubeurope.com\/@fr\/114910290490799150","error":""},"_links":{"self":[{"href":"https:\/\/www.europesays.com\/fr\/wp-json\/wp\/v2\/posts\/271337","targetHints":{"allow":["GET"]}}],"collection":[{"href":"https:\/\/www.europesays.com\/fr\/wp-json\/wp\/v2\/posts"}],"about":[{"href":"https:\/\/www.europesays.com\/fr\/wp-json\/wp\/v2\/types\/post"}],"author":[{"embeddable":true,"href":"https:\/\/www.europesays.com\/fr\/wp-json\/wp\/v2\/users\/2"}],"replies":[{"embeddable":true,"href":"https:\/\/www.europesays.com\/fr\/wp-json\/wp\/v2\/comments?post=271337"}],"version-history":[{"count":0,"href":"https:\/\/www.europesays.com\/fr\/wp-json\/wp\/v2\/posts\/271337\/revisions"}],"wp:featuredmedia":[{"embeddable":true,"href":"https:\/\/www.europesays.com\/fr\/wp-json\/wp\/v2\/media\/271338"}],"wp:attachment":[{"href":"https:\/\/www.europesays.com\/fr\/wp-json\/wp\/v2\/media?parent=271337"}],"wp:term":[{"taxonomy":"category","embeddable":true,"href":"https:\/\/www.europesays.com\/fr\/wp-json\/wp\/v2\/categories?post=271337"},{"taxonomy":"post_tag","embeddable":true,"href":"https:\/\/www.europesays.com\/fr\/wp-json\/wp\/v2\/tags?post=271337"}],"curies":[{"name":"wp","href":"https:\/\/api.w.org\/{rel}","templated":true}]}}