{"id":271341,"date":"2025-07-24T21:18:15","date_gmt":"2025-07-24T21:18:15","guid":{"rendered":"https:\/\/www.europesays.com\/fr\/271341\/"},"modified":"2025-07-24T21:18:15","modified_gmt":"2025-07-24T21:18:15","slug":"la-saison-du-pret-a-porter-parisien-sannonce-exceptionnelle-avec-neuf-premiers-defiles-de-createurs-2","status":"publish","type":"post","link":"https:\/\/www.europesays.com\/fr\/271341\/","title":{"rendered":"La saison du pr\u00eat-\u00e0-porter parisien s\u2019annonce exceptionnelle avec neuf premiers d\u00e9fil\u00e9s de cr\u00e9ateurs"},"content":{"rendered":"<p>\n                                        <b>Traduit par<\/b><br \/>\n                                        <br \/>Cl\u00e9mentine Martin\n                                    <\/p>\n<p>\n                                    <b>Publi\u00e9 le<\/b><br \/>\n                                    <\/p>\n<p>                                        24 juillet 2025<\/p>\n<p class=\"article-content col-md-8 offset-md-1\">\n                                La F\u00e9d\u00e9ration de la haute couture et de la mode a d\u00e9voil\u00e9 jeudi une saison de d\u00e9fil\u00e9s de pr\u00eat-\u00e0-porter exceptionnelle, marqu\u00e9e par les d\u00e9buts de neuf cr\u00e9ateurs chez des poids lourds du secteur. La semaine de la mode parisienne s\u2019annonce comme la plus attendue de ce si\u00e8cle.<\/p>\n<p><img decoding=\"async\" class=\"news-image\" style=\"width:100%;max-width:645px;\" src=\"https:\/\/www.europesays.com\/fr\/wp-content\/uploads\/2025\/07\/e0fa.jpg\" alt=\"Christian Dior - Automne\/hiver 2025\/2026 - Pr\u00eat-\u00e0-porter femme - France - Paris\" loading=\"lazy\"\/>Christian Dior &#8211; Automne\/hiver 2025\/2026 &#8211; Pr\u00eat-\u00e0-porter femme &#8211; France &#8211; Paris &#8211; \u00a9Launchmetrics\/spotlight<\/p>\n<p class=\"col-md-8 offset-md-1 article-content--texte\">Les deux plus c\u00e9l\u00e8bres maisons de couture de la capitale fran\u00e7aise, <a class=\"fnwAddLinks\" href=\"https:\/\/ma.fashionnetwork.com\/tags-chanel\" title=\"Chanel\" target=\"_blank\" rel=\"noopener\">Chanel<\/a> et Christian <a class=\"fnwAddLinks\" href=\"https:\/\/ma.fashionnetwork.com\/tags-dior\" title=\"Dior\" target=\"_blank\" rel=\"noopener\">Dior<\/a>, pr\u00e9senteront toutes deux des d\u00e9fil\u00e9s de pr\u00eat-\u00e0-porter f\u00e9minin sous la houlette de leurs nouveaux directeurs artistiques, <a class=\"fnwAddLinks\" href=\"https:\/\/ma.fashionnetwork.com\/tags-matthieu-blazy\" title=\"Matthieu Blazy\" target=\"_blank\" rel=\"noopener\">Matthieu Blazy<\/a> et Jonathan Anderson. Ce dernier a d\u00e9j\u00e0 fait son bapt\u00eame de la mode masculine avec un premier d\u00e9fil\u00e9 Dior en juin dernier.<\/p>\n<p>Sept autres grandes marques pr\u00e9senteront les premiers d\u00e9fil\u00e9s de leurs nouveaux talents cr\u00e9atifs: le v\u00e9t\u00e9ran Mark Howard Thomas chez <a class=\"fnwAddLinks\" href=\"https:\/\/ma.fashionnetwork.com\/tags-carven\" title=\"Carven\" target=\"_blank\" rel=\"noopener\">Carven<\/a>, Michael Rider chez <a class=\"fnwAddLinks\" href=\"https:\/\/ma.fashionnetwork.com\/tags-celine\" title=\"Celine\" target=\"_blank\" rel=\"noopener\">Celine<\/a>, Lazaro Hernandez et Jack McCollough chez <a class=\"fnwAddLinks\" href=\"https:\/\/ma.fashionnetwork.com\/tags-loewe\" title=\"Loewe\" target=\"_blank\" rel=\"noopener\">Loewe<\/a>, Duran Lantink chez <a class=\"fnwAddLinks\" href=\"https:\/\/ma.fashionnetwork.com\/tags-jean-paul-gaultier\" title=\"Jean Paul Gaultier\" target=\"_blank\" rel=\"noopener\">Jean Paul Gaultier<\/a>, <a class=\"fnwAddLinks\" href=\"https:\/\/ma.fashionnetwork.com\/tags-glenn-martens\" title=\"Glenn Martens\" target=\"_blank\" rel=\"noopener\">Glenn Martens<\/a> chez <a class=\"fnwAddLinks\" href=\"https:\/\/ma.fashionnetwork.com\/tags-maison-margiela\" title=\"Maison Margiela\" target=\"_blank\" rel=\"noopener\">Maison Margiela<\/a>, Miguel Castro Freitas chez Mugler et le c\u00e9l\u00e8bre couturier italien Pier Paolo Piccioli chez <a class=\"fnwAddLinks\" href=\"https:\/\/ma.fashionnetwork.com\/tags-balenciaga\" title=\"Balenciaga\" target=\"_blank\" rel=\"noopener\">Balenciaga<\/a>. Michael Rider a pr\u00e9sent\u00e9 une collection mixte chez Celine pour le printemps 2026 \u00e0 la veille de la saison de la couture \u00e0 Paris, d\u00e9but juillet, suivi trois jours plus tard par Glenn Martens, qui a pr\u00e9sent\u00e9 sa premi\u00e8re collection haute couture pour Maison Margiela.<\/p>\n<p class=\"col-md-8 offset-md-1 article-content--texte\">Ces six premi\u00e8res maisons et quatre autres (Agn\u00e8s B, <a class=\"fnwAddLinks\" href=\"https:\/\/ma.fashionnetwork.com\/tags-lanvin\" title=\"Lanvin\" target=\"_blank\" rel=\"noopener\">Lanvin<\/a>, <a class=\"fnwAddLinks\" href=\"https:\/\/ma.fashionnetwork.com\/tags-thom-browne\" title=\"Thom Browne\" target=\"_blank\" rel=\"noopener\">Thom Browne<\/a> et <a class=\"fnwAddLinks\" href=\"https:\/\/ma.fashionnetwork.com\/tags-vetements\" title=\"Vetements\" target=\"_blank\" rel=\"noopener\">Vetements<\/a>) reviennent toutes au calendrier du pr\u00eat-\u00e0-porter parisien apr\u00e8s une interruption allant d&rsquo;une saison \u00e0 plus de cinq ans dans le cas de Gaultier, depuis que le fondateur Jean-Paul a quitt\u00e9 ses fonctions en 2020.<\/p>\n<p>Au total, il y aura 76 d\u00e9fil\u00e9s physiques et 36 pr\u00e9sentations sur rendez-vous pendant les neuf jours de la semaine de la mode \u00e0 Paris, qui se d\u00e9roulera du lundi 29 septembre au mardi 7 octobre. Les collections pr\u00e9sent\u00e9es seront celles du printemps-\u00e9t\u00e9 2026.<\/p>\n<p><img decoding=\"async\" class=\"news-image\" style=\"width:100%;max-width:645px;\" src=\"https:\/\/www.europesays.com\/fr\/wp-content\/uploads\/2025\/07\/e1a6.jpg\" alt=\"Chanel - Automne\/hiver 2025\/2026 - Pr\u00eat-\u00e0-porter femme - France - Paris\" loading=\"lazy\"\/>Chanel &#8211; Automne\/hiver 2025\/2026 &#8211; Pr\u00eat-\u00e0-porter femme &#8211; France &#8211; Paris &#8211; \u00a9Launchmetrics\/spotlight<\/p>\n<p class=\"col-md-8 offset-md-1 article-content--texte\">La FHCM peut \u00e9galement se targuer de trois nouvelles maisons tr\u00e8s en vogue \u00e0 son calendrier officiel. Mati\u00e8res F\u00e9cales, fond\u00e9e par Hannah Rose et Steven Raj, est connue pour son glamour extr\u00e9miste et son esth\u00e9tique post-humaine et pr\u00e9senteraapr\u00e8s le d\u00e9fil\u00e9 de <a class=\"fnwAddLinks\" href=\"https:\/\/ma.fashionnetwork.com\/tags-louis-vuitton\" title=\"Louis Vuitton\" target=\"_blank\" rel=\"noopener\">Louis Vuitton<\/a> le 30 septembre.<\/p>\n<p>Meryll Rogge, la tr\u00e8s populaire laur\u00e9ate du dernier prix de la mode de l&rsquo;ANDAM, cl\u00f4turera la saison charg\u00e9e avec un d\u00e9fil\u00e9 \u00e0 18 heures le 7 octobre. Elle vient \u00e9galement d&rsquo;\u00eatre nomm\u00e9e directrice de la cr\u00e9ation de <a class=\"fnwAddLinks\" href=\"https:\/\/ma.fashionnetwork.com\/tags-jil-sander\" title=\"Jil Sander\" target=\"_blank\" rel=\"noopener\">Jil Sander<\/a>, qui d\u00e9file \u00e0 Milan.<br \/>\u00a0<br \/>Quant \u00e0 Julie Kegels, ancienne \u00e9l\u00e8ve d&rsquo;Alaia, elle pr\u00e9sentera un d\u00e9fil\u00e9 \u00e0 ne pas manquer le lundi d&rsquo;ouverture.<\/p>\n<p>L&rsquo;entr\u00e9e dans le calendrier officiel de la F\u00e9d\u00e9ration est r\u00e9put\u00e9 pour \u00eatre tr\u00e8s difficile, \u00e9tant donn\u00e9 l&rsquo;insistance de la France \u00e0 maintenir un niveau unique de cr\u00e9ativit\u00e9, de qualit\u00e9, de production et de mise en sc\u00e8ne \u00e0 Paris.<\/p>\n<p>C&rsquo;est pourquoi il est important de souligner que trois autres maisons ont \u00e9t\u00e9 autoris\u00e9es \u00e0 y figurer: Fa\u00e7on Jacmin, la marque \u00e9cologique des s\u0153urs Alexandra et S\u00e9gol\u00e8ne Jacmin, <a class=\"fnwAddLinks\" href=\"https:\/\/ma.fashionnetwork.com\/tags-ganni\" title=\"Ganni\" target=\"_blank\" rel=\"noopener\">Ganni<\/a>, la marque danoise branch\u00e9e du couple Nicklas et Ditte Reffstrup.<\/p>\n<p>Cette semaine de la mode exceptionnelle, dont les d\u00e9fil\u00e9s s\u2019\u00e9taleront tous les jours de 10 heures \u00e0 20 heures, mettra \u00e9galement \u00e0 l&rsquo;honneur des marques internationales comme Louis Vuitton, Schiaparelli, Balenciaga et <a class=\"fnwAddLinks\" href=\"https:\/\/ma.fashionnetwork.com\/tags-hermes\" title=\"Herm\u00e8s\" target=\"_blank\" rel=\"noopener\">Herm\u00e8s<\/a>, ainsi que des maisons ind\u00e9pendantes dirig\u00e9es par de grands talents, comme <a class=\"fnwAddLinks\" href=\"https:\/\/ma.fashionnetwork.com\/tags-courreges\" title=\"Courr\u00e8ges\" target=\"_blank\" rel=\"noopener\">Courr\u00e8ges<\/a>, <a class=\"fnwAddLinks\" href=\"https:\/\/ma.fashionnetwork.com\/tags-dries-van-noten\" title=\"Dries Van Noten\" target=\"_blank\" rel=\"noopener\">Dries Van Noten<\/a> ou <a class=\"fnwAddLinks\" href=\"https:\/\/ma.fashionnetwork.com\/tags-tom-ford\" title=\"Tom Ford\" target=\"_blank\" rel=\"noopener\">Tom Ford<\/a>, et un triumvirat de maisons japonaises l\u00e9gendaires: <a class=\"fnwAddLinks\" href=\"https:\/\/ma.fashionnetwork.com\/tags-yohji-yamamoto\" title=\"Yohji Yamamoto\" target=\"_blank\" rel=\"noopener\">Yohji Yamamoto<\/a>, <a class=\"fnwAddLinks\" href=\"https:\/\/ma.fashionnetwork.com\/tags-comme-des-garcons\" title=\"Comme des Gar\u00e7ons\" target=\"_blank\" rel=\"noopener\">Comme des Gar\u00e7ons<\/a> et <a class=\"fnwAddLinks\" href=\"https:\/\/ma.fashionnetwork.com\/tags-issey-miyake\" title=\"Issey Miyake\" target=\"_blank\" rel=\"noopener\">Issey Miyake<\/a>.<\/p>\n<p><img decoding=\"async\" class=\"news-image\" style=\"width:100%;max-width:645px;\" src=\"https:\/\/www.europesays.com\/fr\/wp-content\/uploads\/2025\/07\/bc77.jpg\" alt=\"Issey Miyake - Automne\/hiver 2025\/2026 - Pr\u00eat-\u00e0-porter femme - France - Paris\" loading=\"lazy\"\/>Issey Miyake &#8211; Automne\/hiver 2025\/2026 &#8211; Pr\u00eat-\u00e0-porter femme &#8211; France &#8211; Paris &#8211; \u00a9Launchmetrics\/spotlight<\/p>\n<p class=\"col-md-8 offset-md-1 article-content--texte\">En outre, plusieurs cr\u00e9atrices tr\u00e8s talentueuses ont r\u00e9cemment pr\u00e9sent\u00e9 leurs collections les plus abouties \u00e0 Paris, pour leurs propres marques ou pour des maisons tierces: <a class=\"fnwAddLinks\" href=\"https:\/\/ma.fashionnetwork.com\/tags-victoria-beckham\" title=\"Victoria Beckham\" target=\"_blank\" rel=\"noopener\">Victoria Beckham<\/a>, <a class=\"fnwAddLinks\" href=\"https:\/\/ma.fashionnetwork.com\/tags-gabriela-hearst\" title=\"Gabriela Hearst\" target=\"_blank\" rel=\"noopener\">Gabriela Hearst<\/a>, <a class=\"fnwAddLinks\" href=\"https:\/\/ma.fashionnetwork.com\/tags-stella-mccartney\" title=\"Stella McCartney\" target=\"_blank\" rel=\"noopener\">Stella McCartney<\/a>, <a class=\"fnwAddLinks\" href=\"https:\/\/ma.fashionnetwork.com\/tags-the-row\" title=\"The Row\" target=\"_blank\" rel=\"noopener\">The Row<\/a> et <a class=\"fnwAddLinks\" href=\"https:\/\/ma.fashionnetwork.com\/tags-givenchy\" title=\"Givenchy\" target=\"_blank\" rel=\"noopener\">Givenchy<\/a>.<\/p>\n<p>Attachez vos ceintures, la saison sera probablement la plus excitante depuis des d\u00e9cennies.\n                            <\/p>\n<p>\n                                Cet article est une traduction automatique.<br \/>\n                                    <a href=\"https:\/\/ww.fashionnetwork.com\/news\/Federation-unveils-bumper-paris-ready-to-wear-season-with-nine-designer-debuts,1751665.html\" target=\"_blank\" rel=\"noopener\">Cliquez ici<\/a> pour consulter l&rsquo;article d&rsquo;origine.\n                            <\/p>\n<p>\n                                Tous droits de reproduction et de repr\u00e9sentation r\u00e9serv\u00e9s.<br \/>\u00a9 2025 FashionNetwork.com\n                            <\/p>\n","protected":false},"excerpt":{"rendered":"Traduit par Cl\u00e9mentine Martin Publi\u00e9 le 24 juillet 2025 La F\u00e9d\u00e9ration de la haute couture et de la&hellip;\n","protected":false},"author":2,"featured_media":271222,"comment_status":"","ping_status":"","sticky":false,"template":"","format":"standard","meta":{"footnotes":""},"categories":[1888],"tags":[11,34922,32585,13774,2424,41070,6859,1890,15566,537,2423,41075,21472,947,1777,674,24457,1011,27,41079,41080,41071,41076,11127,34569,18857,41072,32971,41073,3797,2425,41078,41077,985,12,2298,626,2426,2427,25,2421,41074,2422,34119,21473,38299,34116,11644,6482,24446],"class_list":{"0":"post-271341","1":"post","2":"type-post","3":"status-publish","4":"format-standard","5":"has-post-thumbnail","7":"category-paris","8":"tag-actualites","9":"tag-agnes-b","10":"tag-andam","11":"tag-balenciaga","12":"tag-beaute","13":"tag-carven","14":"tag-celine","15":"tag-chanel","16":"tag-comme-des-garcons","17":"tag-contact","18":"tag-cosmetiques","19":"tag-courreges","20":"tag-dior","21":"tag-dries-van-noten","22":"tag-eu","23":"tag-europe","24":"tag-federation-de-la-haute-couture-et-de-la-mode","25":"tag-fr","26":"tag-france","27":"tag-gabriela-hearst","28":"tag-ganni","29":"tag-givenchy","30":"tag-glenn-martens","31":"tag-hermes","32":"tag-issey-miyake","33":"tag-jean-paul-gaultier","34":"tag-jil-sander","35":"tag-lanvin","36":"tag-loewe","37":"tag-louis-vuitton","38":"tag-luxe","39":"tag-maison-margiela","40":"tag-matthieu-blazy","41":"tag-mode","42":"tag-news","43":"tag-parfum","44":"tag-paris","45":"tag-professionnel","46":"tag-professionnels","47":"tag-republique-francaise","48":"tag-reseau","49":"tag-stella-mccartney","50":"tag-textile","51":"tag-the-row","52":"tag-thierry-mugler","53":"tag-thom-browne","54":"tag-tom-ford","55":"tag-vetements","56":"tag-victoria-beckham","57":"tag-yohji-yamamoto"},"share_on_mastodon":{"url":"","error":"Validation failed: Text character limit of 500 exceeded"},"_links":{"self":[{"href":"https:\/\/www.europesays.com\/fr\/wp-json\/wp\/v2\/posts\/271341","targetHints":{"allow":["GET"]}}],"collection":[{"href":"https:\/\/www.europesays.com\/fr\/wp-json\/wp\/v2\/posts"}],"about":[{"href":"https:\/\/www.europesays.com\/fr\/wp-json\/wp\/v2\/types\/post"}],"author":[{"embeddable":true,"href":"https:\/\/www.europesays.com\/fr\/wp-json\/wp\/v2\/users\/2"}],"replies":[{"embeddable":true,"href":"https:\/\/www.europesays.com\/fr\/wp-json\/wp\/v2\/comments?post=271341"}],"version-history":[{"count":0,"href":"https:\/\/www.europesays.com\/fr\/wp-json\/wp\/v2\/posts\/271341\/revisions"}],"wp:featuredmedia":[{"embeddable":true,"href":"https:\/\/www.europesays.com\/fr\/wp-json\/wp\/v2\/media\/271222"}],"wp:attachment":[{"href":"https:\/\/www.europesays.com\/fr\/wp-json\/wp\/v2\/media?parent=271341"}],"wp:term":[{"taxonomy":"category","embeddable":true,"href":"https:\/\/www.europesays.com\/fr\/wp-json\/wp\/v2\/categories?post=271341"},{"taxonomy":"post_tag","embeddable":true,"href":"https:\/\/www.europesays.com\/fr\/wp-json\/wp\/v2\/tags?post=271341"}],"curies":[{"name":"wp","href":"https:\/\/api.w.org\/{rel}","templated":true}]}}