{"id":271342,"date":"2025-07-24T21:19:14","date_gmt":"2025-07-24T21:19:14","guid":{"rendered":"https:\/\/www.europesays.com\/fr\/271342\/"},"modified":"2025-07-24T21:19:14","modified_gmt":"2025-07-24T21:19:14","slug":"situation-critique-a-gaza-entretien-durgence-entre-paris-londres-et-berlin-vendredi","status":"publish","type":"post","link":"https:\/\/www.europesays.com\/fr\/271342\/","title":{"rendered":"Situation critique \u00e0 Gaza\u00a0: \u00ab\u00a0entretien d\u2019urgence\u00a0\u00bb entre Paris, Londres et Berlin vendredi"},"content":{"rendered":"<p>Un \u00ab entretien d\u2019urgence \u00bb entre Paris, Londres et Berlin se tiendra vendredi sur la situation \u00e0 Gaza, a annonc\u00e9 jeudi le Premier ministre britannique Keir Starmer, qui a r\u00e9affirm\u00e9 le \u00ab droit inali\u00e9nable du peuple palestinien \u00bb \u00e0 un \u00c9tat.<\/p>\n<p>\u00ab Je tiendrai demain (vendredi) un appel d\u2019urgence avec les partenaires de l\u2019E3 (groupe qui rassemble<a href=\"https:\/\/www.letelegramme.fr\/monde\/israel-palestine\/pour-montrer-ce-quil-sy-passe-la-france-demande-lacces-a-gaza-pour-la-presse-6859371.php\" target=\"_blank\" rel=\"noopener\"> la France<\/a>, l\u2019Allemagne et le Royaume-Uni, NDLR), au cours duquel nous discuterons de ce que nous pouvons faire de toute urgence pour arr\u00eater les massacres et fournir \u00e0 la population la nourriture dont elle a d\u00e9sesp\u00e9r\u00e9ment besoin \u00bb, a d\u00e9clar\u00e9 Keir Starmer dans un communiqu\u00e9.<\/p>\n<p>Blocus et famine<\/p>\n<p>La situation \u00e0 Gaza \u00ab a atteint un nouveau seuil critique et continue d\u2019empirer. Nous assistons \u00e0 une catastrophe humanitaire \u00bb, a insist\u00e9 le dirigeant britannique.<\/p>\n<p>Isra\u00ebl fait face \u00e0 une pression internationale croissante pour mettre fin aux souffrances des plus de 2 millions d\u2019habitants du territoire palestinien, soumis \u00e0 un blocus qui les prive d\u2019une aide humanitaire vitale.<\/p>\n<p>Paris, Londres et Berlin s\u2019accordent \u00ab sur la n\u00e9cessit\u00e9 urgente pour Isra\u00ebl de changer de cap et de permettre \u00e0 l\u2019aide dont Gaza a d\u00e9sesp\u00e9r\u00e9ment besoin d\u2019entrer sans d\u00e9lai \u00bb, a encore affirm\u00e9 Keir Starmer.<\/p>\n<p>Le projet d\u2019un \u00c9tat<\/p>\n<p>Il a \u00e9galement insist\u00e9 sur le fait que l\u2019existence d\u2019un \u00c9tat de Palestine est \u00ab un droit inali\u00e9nable du peuple palestinien \u00bb.<\/p>\n<p>\u00ab Un cessez-le-feu \u00e0 Gaza nous mettra sur la voie de la reconnaissance d\u2019un \u00c9tat palestinien et d\u2019une solution \u00e0 deux \u00c9tats qui garantira la paix et la s\u00e9curit\u00e9 pour les Palestiniens et les Isra\u00e9liens \u00bb, a-t-il ajout\u00e9.<\/p>\n<p>Jeudi, Isra\u00ebl a annonc\u00e9 rappeler pour consultation ses n\u00e9gociateurs engag\u00e9s au Qatar dans des pourparlers indirects avec le Hamas, sous m\u00e9diation qatarie, am\u00e9ricaine et \u00e9gyptienne, et qui n\u2019ont \u00e0 ce jour abouti \u00e0 aucun r\u00e9sultat concret.<\/p>\n<p>Les \u00c9tats-Unis ont annonc\u00e9 que l\u2019\u00e9missaire de la Maison Blanche Steve Witkoff devait tenir des pourparlers en Europe cette semaine<a href=\"https:\/\/www.letelegramme.fr\/monde\/israel-palestine\/guerre-a-gaza-le-royaume-uni-et-24-pays-appellent-a-mettre-fin-immediatement-au-conflit-6859159.php\" target=\"_blank\" rel=\"noopener\"> sur un cessez-le-feu<\/a> et un \u00ab corridor humanitaire \u00bb.<\/p>\n","protected":false},"excerpt":{"rendered":"Un \u00ab entretien d\u2019urgence \u00bb entre Paris, Londres et Berlin se tiendra vendredi sur la situation \u00e0 Gaza,&hellip;\n","protected":false},"author":2,"featured_media":271343,"comment_status":"","ping_status":"","sticky":false,"template":"","format":"standard","meta":{"footnotes":""},"categories":[1888],"tags":[11,765,1777,674,1011,27,12736,74,12,626,25],"class_list":{"0":"post-271342","1":"post","2":"type-post","3":"status-publish","4":"format-standard","5":"has-post-thumbnail","7":"category-paris","8":"tag-actualites","9":"tag-en-continu","10":"tag-eu","11":"tag-europe","12":"tag-fr","13":"tag-france","14":"tag-israel-palestine","15":"tag-monde","16":"tag-news","17":"tag-paris","18":"tag-republique-francaise"},"share_on_mastodon":{"url":"","error":""},"_links":{"self":[{"href":"https:\/\/www.europesays.com\/fr\/wp-json\/wp\/v2\/posts\/271342","targetHints":{"allow":["GET"]}}],"collection":[{"href":"https:\/\/www.europesays.com\/fr\/wp-json\/wp\/v2\/posts"}],"about":[{"href":"https:\/\/www.europesays.com\/fr\/wp-json\/wp\/v2\/types\/post"}],"author":[{"embeddable":true,"href":"https:\/\/www.europesays.com\/fr\/wp-json\/wp\/v2\/users\/2"}],"replies":[{"embeddable":true,"href":"https:\/\/www.europesays.com\/fr\/wp-json\/wp\/v2\/comments?post=271342"}],"version-history":[{"count":0,"href":"https:\/\/www.europesays.com\/fr\/wp-json\/wp\/v2\/posts\/271342\/revisions"}],"wp:featuredmedia":[{"embeddable":true,"href":"https:\/\/www.europesays.com\/fr\/wp-json\/wp\/v2\/media\/271343"}],"wp:attachment":[{"href":"https:\/\/www.europesays.com\/fr\/wp-json\/wp\/v2\/media?parent=271342"}],"wp:term":[{"taxonomy":"category","embeddable":true,"href":"https:\/\/www.europesays.com\/fr\/wp-json\/wp\/v2\/categories?post=271342"},{"taxonomy":"post_tag","embeddable":true,"href":"https:\/\/www.europesays.com\/fr\/wp-json\/wp\/v2\/tags?post=271342"}],"curies":[{"name":"wp","href":"https:\/\/api.w.org\/{rel}","templated":true}]}}