{"id":271344,"date":"2025-07-24T21:20:15","date_gmt":"2025-07-24T21:20:15","guid":{"rendered":"https:\/\/www.europesays.com\/fr\/271344\/"},"modified":"2025-07-24T21:20:15","modified_gmt":"2025-07-24T21:20:15","slug":"la-russie-plutot-que-la-ligue-1-la-france-est-choquee","status":"publish","type":"post","link":"https:\/\/www.europesays.com\/fr\/271344\/","title":{"rendered":"La Russie plut\u00f4t que la Ligue 1, la France est choqu\u00e9e"},"content":{"rendered":"<p><strong>Apr\u00e8s une excellente saison avec l\u2019AJ Auxerre, Ga\u00ebtan Perrin a pris la direction de Krasnodar en Russie. Un choix critiqu\u00e9 compte tenu du contexte g\u00e9opolitique. Mais l\u2019ailier fran\u00e7ais et son agent assument totalement cette d\u00e9cision.<\/strong><\/p>\n<p>L\u2019AJ Auxerre a perdu gros. Port\u00e9 par un tr\u00e8s bon Ga\u00ebtan Perrin (29 ans) la saison derni\u00e8re, le club bourguignon a tent\u00e9 de prolonger son contrat qui expirait en 2026. Mais l\u2019ailier droit a refus\u00e9 la proposition de ses dirigeants. \u00ab Il \u00e9tait difficile de faire mieux avec l\u2019AJ Auxerre, a expliqu\u00e9 son agent au quotidien Le Parisien. Il est all\u00e9 au bout du projet. \u00bb Apr\u00e8s un exercice \u00e0 10 buts et 11 passes d\u00e9cisives en <a href=\"https:\/\/www.foot01.com\/ligue1\/\" target=\"_blank\" rel=\"noopener nofollow\">Ligue 1<\/a>, l\u2019attaquant transf\u00e9r\u00e9 au FK Krasnodar aurait eu du mal \u00e0 am\u00e9liorer ses statistiques.<\/p>\n<blockquote class=\"twitter-tweet\"><p>&#13;<\/p>\n<p lang=\"ru\" dir=\"ltr\">\u0417\u043d\u0430\u0435\u043c, \u0432\u044b \u0434\u0430\u0432\u043d\u043e \u0436\u0434\u0430\u043b\u0438 \u044d\u0442\u0443 \u043d\u043e\u0432\u043e\u0441\u0442\u044c \ud83d\ude09 <br \/>\u0422\u0435\u043f\u0435\u0440\u044c \u043e\u0444\u0438\u0446\u0438\u0430\u043b\u044c\u043d\u043e:<br \/>\u0413\u0430\u044d\u0442\u0430\u043d \u041f\u0435\u0440\u0440\u0435\u043d \u2013 \u0438\u0433\u0440\u043e\u043a \u00ab\u041a\u0440\u0430\u0441\u043d\u043e\u0434\u0430\u0440\u0430\u00bb \ud83d\udc47<a href=\"https:\/\/t.co\/mBCpUUmIyr\" rel=\"nofollow\">https:\/\/t.co\/mBCpUUmIyr<\/a><\/p>\n<p>&#13;<br \/>\n\u2014 FCKrasnodar (@FCKrasnodar) <a href=\"https:\/\/twitter.com\/FCKrasnodar\/status\/1947915208816500773?ref_src=twsrc%5Etfw\" rel=\"nofollow noopener\" target=\"_blank\">July 23, 2025<\/a><\/p><\/blockquote>\n<p>Des clubs fran\u00e7ais en qu\u00eate de bonnes affaires auraient pu se positionner. Mais Ga\u00ebtan Perrin privil\u00e9giait un d\u00e9part \u00e0 l\u2019\u00e9tranger gr\u00e2ce \u00e0 de nombreuses pistes. \u00ab Il y avait aussi des int\u00e9r\u00eats ailleurs, comme en MLS, avec des approches du Chicago Fire en hiver, puis du Toronto FC \u00bb, a r\u00e9v\u00e9l\u00e9 son agent. Alors pourquoi le FK Krasnodar ? D\u2019autant que son transfert en Russie est tr\u00e8s critiqu\u00e9 en raison du contexte g\u00e9opolitique. \u00ab Plusieurs facteurs l\u2019ont s\u00e9duit, comme les infrastructures dignes des plus grands clubs europ\u00e9ens, leur stade flambant neuf ou encore le salaire multipli\u00e9 par six \u00bb, a reconnu le repr\u00e9sentant de l\u2019ancien Auxerrois.<\/p>\n<p>Auxerre ne s&rsquo;en plaint pas<\/p>\n<p>On comprend que le joueur form\u00e9 \u00e0 l\u2019Olympique Lyonnais assume totalement son choix parfaitement licite. \u00ab La FIFA n\u2019a pas interdit de signer en Russie, a rappel\u00e9 le repr\u00e9sentant de Ga\u00ebtan Perrin. Il ne fait pas de politique. S\u2019il en faisait, il y a beaucoup d\u2019endroits o\u00f9 il ne faudrait pas signer. \u00bb Probablement surprise par son choix de carri\u00e8re, l\u2019AJ Auxerre a quand m\u00eame r\u00e9cup\u00e9r\u00e9 5 millions d\u2019euros pour sa derni\u00e8re ann\u00e9e de contrat.<\/p>\n<p>          <script async src=\"https:\/\/platform.twitter.com\/widgets.js\" charset=\"utf-8\"><\/script><\/p>\n","protected":false},"excerpt":{"rendered":"Apr\u00e8s une excellente saison avec l\u2019AJ Auxerre, Ga\u00ebtan Perrin a pris la direction de Krasnodar en Russie. Un&hellip;\n","protected":false},"author":2,"featured_media":271345,"comment_status":"","ping_status":"","sticky":false,"template":"","format":"standard","meta":{"footnotes":""},"categories":[1591],"tags":[11,1887,12,1885,1886,132],"class_list":{"0":"post-271344","1":"post","2":"type-post","3":"status-publish","4":"format-standard","5":"has-post-thumbnail","7":"category-russie","8":"tag-actualites","9":"tag-federation-de-russie","10":"tag-news","11":"tag-russia","12":"tag-russian-federation","13":"tag-russie"},"share_on_mastodon":{"url":"https:\/\/pubeurope.com\/@fr\/114910306458781945","error":""},"_links":{"self":[{"href":"https:\/\/www.europesays.com\/fr\/wp-json\/wp\/v2\/posts\/271344","targetHints":{"allow":["GET"]}}],"collection":[{"href":"https:\/\/www.europesays.com\/fr\/wp-json\/wp\/v2\/posts"}],"about":[{"href":"https:\/\/www.europesays.com\/fr\/wp-json\/wp\/v2\/types\/post"}],"author":[{"embeddable":true,"href":"https:\/\/www.europesays.com\/fr\/wp-json\/wp\/v2\/users\/2"}],"replies":[{"embeddable":true,"href":"https:\/\/www.europesays.com\/fr\/wp-json\/wp\/v2\/comments?post=271344"}],"version-history":[{"count":0,"href":"https:\/\/www.europesays.com\/fr\/wp-json\/wp\/v2\/posts\/271344\/revisions"}],"wp:featuredmedia":[{"embeddable":true,"href":"https:\/\/www.europesays.com\/fr\/wp-json\/wp\/v2\/media\/271345"}],"wp:attachment":[{"href":"https:\/\/www.europesays.com\/fr\/wp-json\/wp\/v2\/media?parent=271344"}],"wp:term":[{"taxonomy":"category","embeddable":true,"href":"https:\/\/www.europesays.com\/fr\/wp-json\/wp\/v2\/categories?post=271344"},{"taxonomy":"post_tag","embeddable":true,"href":"https:\/\/www.europesays.com\/fr\/wp-json\/wp\/v2\/tags?post=271344"}],"curies":[{"name":"wp","href":"https:\/\/api.w.org\/{rel}","templated":true}]}}