{"id":271346,"date":"2025-07-24T21:21:21","date_gmt":"2025-07-24T21:21:21","guid":{"rendered":"https:\/\/www.europesays.com\/fr\/271346\/"},"modified":"2025-07-24T21:21:21","modified_gmt":"2025-07-24T21:21:21","slug":"de-nouvelles-attaques-en-ukraine-qui-evacue-le-front-est","status":"publish","type":"post","link":"https:\/\/www.europesays.com\/fr\/271346\/","title":{"rendered":"De nouvelles attaques en Ukraine, qui \u00e9vacue le front est"},"content":{"rendered":"<p><strong>R\u00e9cap&rsquo; &#8211; \u00ab\u00a020 Minutes\u00a0\u00bb fait le point pour vous tous les soirs sur le conflit en Ukraine. Ce jeudi, de nouvelles attaques conduisent les autorit\u00e9s ukrainiennes a \u00e9vacu\u00e9 une partie de l\u2019est du pays<\/strong><\/p>\n<p>Vous avez rat\u00e9 les derniers \u00e9v\u00e9nements sur la <a href=\"https:\/\/www.20minutes.fr\/monde\/ukraine\/?at_medium=RSS%20feed&amp;at_campaign=ynews&amp;utm_source=yahoo&amp;utm_medium=rss&amp;utm_campaign=news_feed&amp;utm_content=in_article_link\" rel=\"nofollow noopener\" target=\"_blank\" data-ylk=\"slk:guerre en Ukraine;elm:context_link;itc:0;sec:content-canvas\" class=\"link \">guerre en Ukraine<\/a>\u00a0? 20 Minutes fait le point pour vous tous les soirs. Voici l\u2019essentiel de ce jeudi 24\u00a0juillet, 1.247e jour du conflit.<\/p>\n<p>Le fait du jour<\/p>\n<p>Cinq personnes ont \u00e9t\u00e9 tu\u00e9es et des dizaines d\u2019autres bless\u00e9es dans des frappes russes en Ukraine, ce jeudi. Deux personnes ont perdu la vie et 14 autres ont \u00e9t\u00e9 bless\u00e9es dans la journ\u00e9e \u00e0 Kostiantynivka, a d\u00e9clar\u00e9 Vadym Filachkine, le gouverneur de la r\u00e9gion orientale de <a href=\"https:\/\/www.20minutes.fr\/dossier\/donetsk?at_medium=RSS%20feed&amp;at_campaign=ynews&amp;utm_source=yahoo&amp;utm_medium=rss&amp;utm_campaign=news_feed&amp;utm_content=in_article_link\" rel=\"nofollow noopener\" target=\"_blank\" data-ylk=\"slk:Donetsk;elm:context_link;itc:0;sec:content-canvas\" class=\"link \">Donetsk<\/a>, pr\u00e9cisant que \u00ab\u00a0les Russes ont largu\u00e9 quatre <a href=\"https:\/\/www.20minutes.fr\/monde\/bombe\/?at_medium=RSS%20feed&amp;at_campaign=ynews&amp;utm_source=yahoo&amp;utm_medium=rss&amp;utm_campaign=news_feed&amp;utm_content=in_article_link\" rel=\"nofollow noopener\" target=\"_blank\" data-ylk=\"slk:bombes;elm:context_link;itc:0;sec:content-canvas\" class=\"link \">bombes<\/a> sur la ville et l\u2019ont bombard\u00e9e avec de l\u2019artillerie\u00a0\u00bb. Il a par ailleurs annonc\u00e9 le d\u00e9but de l\u2019<a href=\"https:\/\/www.20minutes.fr\/dossier\/evacuation?at_medium=RSS%20feed&amp;at_campaign=ynews&amp;utm_source=yahoo&amp;utm_medium=rss&amp;utm_campaign=news_feed&amp;utm_content=in_article_link\" rel=\"nofollow noopener\" target=\"_blank\" data-ylk=\"slk:\u00e9vacuation;elm:context_link;itc:0;sec:content-canvas\" class=\"link \">\u00e9vacuation<\/a> forc\u00e9e des familles avec enfants de la cit\u00e9 de Dobropillia et de neuf autres localit\u00e9s situ\u00e9es pr\u00e8s du front, o\u00f9 les troupes russes continuent de grignoter du terrain.<\/p>\n<p>Auparavant, dans la nuit, une frappe russe sur un village pr\u00e8s d\u2019Izioum (nord-est) a caus\u00e9 la mort d\u2019un couple et de son fils de 36 ans \u00e0 leur domicile, a fait savoir le parquet de la r\u00e9gion de Kharkiv, dans laquelle se trouve la localit\u00e9. Kharkiv, la capitale r\u00e9gionale, a elle aussi \u00e9t\u00e9 la cible, jeudi, de <a href=\"https:\/\/www.20minutes.fr\/monde\/bombardement\/?at_medium=RSS%20feed&amp;at_campaign=ynews&amp;utm_source=yahoo&amp;utm_medium=rss&amp;utm_campaign=news_feed&amp;utm_content=in_article_link\" rel=\"nofollow noopener\" target=\"_blank\" data-ylk=\"slk:bombardements;elm:context_link;itc:0;sec:content-canvas\" class=\"link \">bombardements<\/a>, qui ont fait 42 bless\u00e9s, selon son maire Igor Terekhov.<\/p>\n<p>La d\u00e9claration du jour<\/p>\n<p>Le nouveau round de pourparlers entre la Russie et l\u2019Ukraine, mercredi, \u00e0 Istanbul, n\u2019a pas donn\u00e9 grand-chose dans l\u2019imm\u00e9diat. Les deux d\u00e9l\u00e9gations ont constat\u00e9 \u00ab\u00a0l\u2019\u00e9loignement\u00a0\u00bb de leurs positions respectives. N\u00e9anmoins, cette rencontre a entrouvert la porte \u00e0 un futur meeting entre (&#8230;)<\/p>\n<p><a href=\"https:\/\/www.20minutes.fr\/monde\/ukraine\/4165184-20250724-guerre-ukraine-nouvelles-attaques-ukraine-evacue-front?at_medium=RSS%20feed&amp;at_campaign=ynews&amp;utm_source=yahoo&amp;utm_medium=rss&amp;utm_campaign=news_feed&amp;utm_content=read_more_link&quot;\" rel=\"nofollow noopener\" target=\"_blank\" data-ylk=\"slk:Lire la suite sur 20minutes;elm:context_link;itc:0;sec:content-canvas\" class=\"link \">Lire la suite sur 20minutes<\/a><\/p>\n<p>\u00c0 lire aussi :<br \/><a href=\"https:\/\/www.20minutes.fr\/monde\/ukraine\/4155301-20250525-guerre-ukraine-1-000-prisonniers-chaque-camp-echanges-nouvelles-attaques-meurtrieres-russes?at_medium=RSS%20feed&amp;at_campaign=ynews&amp;utm_source=yahoo&amp;utm_medium=rss&amp;utm_campaign=news_feed&amp;utm_content=related_content_link\" rel=\"nofollow noopener\" target=\"_blank\" data-ylk=\"slk:Guerre en Ukraine\u00a0: 1.000 prisonniers de chaque camp \u00e9chang\u00e9s et de nouvelles attaques meurtri\u00e8res russes;elm:context_link;itc:0;sec:content-canvas\" class=\"link \">Guerre en Ukraine\u00a0: 1.000 prisonniers de chaque camp \u00e9chang\u00e9s et de nouvelles attaques meurtri\u00e8res russes<\/a><br \/><a href=\"https:\/\/www.20minutes.fr\/monde\/ukraine\/4159674-20250620-guerre-ukraine-toute-ukraine-poutine-menace-emparer-soumy?at_medium=RSS%20feed&amp;at_campaign=ynews&amp;utm_source=yahoo&amp;utm_medium=rss&amp;utm_campaign=news_feed&amp;utm_content=related_content_link\" rel=\"nofollow noopener\" target=\"_blank\" data-ylk=\"slk:Guerre en Ukraine\u00a0: \u00ab\u00a0Toute l\u2019Ukraine est n\u00f4tre\u00a0\u00bb\u2026 Poutine menace de s\u2019emparer de Soumy;elm:context_link;itc:0;sec:content-canvas\" class=\"link \">Guerre en Ukraine\u00a0: \u00ab\u00a0Toute l\u2019Ukraine est n\u00f4tre\u00a0\u00bb\u2026 Poutine menace de s\u2019emparer de Soumy<\/a><\/p>\n","protected":false},"excerpt":{"rendered":"R\u00e9cap&rsquo; &#8211; \u00ab\u00a020 Minutes\u00a0\u00bb fait le point pour vous tous les soirs sur le conflit en Ukraine. Ce&hellip;\n","protected":false},"author":2,"featured_media":271347,"comment_status":"","ping_status":"","sticky":false,"template":"","format":"standard","meta":{"footnotes":""},"categories":[1590],"tags":[642,11,1777,674,37824,12,220],"class_list":{"0":"post-271346","1":"post","2":"type-post","3":"status-publish","4":"format-standard","5":"has-post-thumbnail","7":"category-ukraine","8":"tag-20-minutes","9":"tag-actualites","10":"tag-eu","11":"tag-europe","12":"tag-la-region-orientale","13":"tag-news","14":"tag-ukraine"},"share_on_mastodon":{"url":"https:\/\/pubeurope.com\/@fr\/114910310225546082","error":""},"_links":{"self":[{"href":"https:\/\/www.europesays.com\/fr\/wp-json\/wp\/v2\/posts\/271346","targetHints":{"allow":["GET"]}}],"collection":[{"href":"https:\/\/www.europesays.com\/fr\/wp-json\/wp\/v2\/posts"}],"about":[{"href":"https:\/\/www.europesays.com\/fr\/wp-json\/wp\/v2\/types\/post"}],"author":[{"embeddable":true,"href":"https:\/\/www.europesays.com\/fr\/wp-json\/wp\/v2\/users\/2"}],"replies":[{"embeddable":true,"href":"https:\/\/www.europesays.com\/fr\/wp-json\/wp\/v2\/comments?post=271346"}],"version-history":[{"count":0,"href":"https:\/\/www.europesays.com\/fr\/wp-json\/wp\/v2\/posts\/271346\/revisions"}],"wp:featuredmedia":[{"embeddable":true,"href":"https:\/\/www.europesays.com\/fr\/wp-json\/wp\/v2\/media\/271347"}],"wp:attachment":[{"href":"https:\/\/www.europesays.com\/fr\/wp-json\/wp\/v2\/media?parent=271346"}],"wp:term":[{"taxonomy":"category","embeddable":true,"href":"https:\/\/www.europesays.com\/fr\/wp-json\/wp\/v2\/categories?post=271346"},{"taxonomy":"post_tag","embeddable":true,"href":"https:\/\/www.europesays.com\/fr\/wp-json\/wp\/v2\/tags?post=271346"}],"curies":[{"name":"wp","href":"https:\/\/api.w.org\/{rel}","templated":true}]}}