{"id":271348,"date":"2025-07-24T21:22:12","date_gmt":"2025-07-24T21:22:12","guid":{"rendered":"https:\/\/www.europesays.com\/fr\/271348\/"},"modified":"2025-07-24T21:22:12","modified_gmt":"2025-07-24T21:22:12","slug":"les-etats-unis-vont-detruire-des-contraceptifs-feminins-stockes-en-europe-qui-etaient-destines-a-des-pays-beneficiaires-de-lusaid","status":"publish","type":"post","link":"https:\/\/www.europesays.com\/fr\/271348\/","title":{"rendered":"Les Etats-Unis vont d\u00e9truire des contraceptifs f\u00e9minins stock\u00e9s en Europe, qui \u00e9taient destin\u00e9s \u00e0 des pays b\u00e9n\u00e9ficiaires de l\u2019Usaid"},"content":{"rendered":"<p>                          <img loading=\"lazy\" decoding=\"async\" src=\"https:\/\/www.europesays.com\/fr\/wp-content\/uploads\/2025\/07\/bacfc60_ftp-import-images-1-wbnaa5u55ih1-5476802-01-06.jpg\" alt=\"Cette photographie illustrative montre l\u2019entrep\u00f4t logistique Khehne + Nagel, \u00e0 Geel, le 23\u00a0juillet 2025. Des millions de pr\u00e9servatifs et autres contraceptifs y sont stock\u00e9s par l\u2019agence am\u00e9ricaine de d\u00e9veloppement (Usaid), \u00e0 la d\u00e9cision du pr\u00e9sident am\u00e9ricain Donald Trump de la d\u00e9manteler.\"   width=\"664\" height=\"443\"\/>    Cette photographie illustrative montre l\u2019entrep\u00f4t logistique Khehne + Nagel, \u00e0 Geel, le 23\u00a0juillet 2025. Des millions de pr\u00e9servatifs et autres contraceptifs y sont stock\u00e9s par l\u2019agence am\u00e9ricaine de d\u00e9veloppement (Usaid), \u00e0 la d\u00e9cision du pr\u00e9sident am\u00e9ricain Donald Trump de la d\u00e9manteler.  LUC CLAESSEN \/ AFP                   <\/p>\n<p class=\"article__paragraph  \">Washington pr\u00e9voit de d\u00e9truire des produits de contraception d\u2019une valeur de plusieurs millions de dollars, stock\u00e9s actuellement en Europe. Une \u00ab\u00a0d\u00e9cision pr\u00e9liminaire a \u00e9t\u00e9 prise de d\u00e9truire certains produits contraceptifs abortifs issus de contrats de l\u2019Usaid\u00a0\u00bb, l\u2019agence am\u00e9ricaine pour le d\u00e9veloppement international qui a \u00e9t\u00e9 d\u00e9mantel\u00e9e par l\u2019administration Trump, a d\u00e9clar\u00e9 \u00e0 l\u2019Agence France-Presse (AFP) un porte-parole du d\u00e9partement d\u2019Etat jeudi 24\u00a0juillet,<a href=\"https:\/\/www.theguardian.com\/us-news\/2025\/jul\/18\/trump-administration-destroy-contraceptives-usaid-africa\" target=\"_blank\" rel=\"noopener nofollow\" title=\"Nouvelle fen\u00eatre\"> confirmant des informations du quotidien britannique The Guardian<\/a>, qui a r\u00e9v\u00e9l\u00e9 l\u2019affaire le week-end dernier.<\/p>\n<p class=\"article__paragraph  \">Selon les informations de presse, il s\u2019agit de moyens de contraception (implants, st\u00e9rilets) d\u2019une valeur de 9,7\u00a0millions de dollars, entrepos\u00e9s en Belgique et qui doivent \u00eatre incin\u00e9r\u00e9s en France. Le porte-parole du d\u00e9partement d\u2019Etat a assur\u00e9 \u00e0 l\u2019AFP que \u00ab\u00a0seul un nombre limit\u00e9 de produits a \u00e9t\u00e9 approuv\u00e9 pour \u00eatre d\u00e9truit\u00a0\u00bb pour un co\u00fbt de 167\u00a0000\u00a0dollars (soit 142\u00a0043,04\u00a0euros). \u00ab\u00a0Aucun m\u00e9dicament contre le VIH ni aucun pr\u00e9servatif ne sera d\u00e9truit\u00a0\u00bb, a-t-il pr\u00e9cis\u00e9.<\/p>\n<p class=\"article__paragraph  \">La semaine derni\u00e8re d\u00e9j\u00e0, l\u2019administration Trump avait reconnu avoir d\u00e9truit des tonnes de nourriture destin\u00e9es \u00e0 des enfants souffrant de malnutrition car cette nourriture \u00e9tait p\u00e9rim\u00e9e. Ces affaires interviennent au moment o\u00f9 les Etats-Unis r\u00e9visent drastiquement \u00e0 la baisse leur aide internationale, le Congr\u00e8s ayant supprim\u00e9 vendredi dernier quelque 9\u00a0milliards de dollars d\u2019aide destin\u00e9e principalement \u00e0 l\u2019\u00e9tranger.<\/p>\n<p>                                Lire aussi |  Article r\u00e9serv\u00e9 \u00e0 nos abonn\u00e9s  <a href=\"https:\/\/www.lemonde.fr\/international\/article\/2025\/07\/21\/les-milliards-d-aide-de-l-usaid-officiellement-annules_6622827_3210.html\" class=\"js-article-read-also catcher--favoris__link\" data-premium=\"1\" id=\"article-title-3432174\" rel=\"nofollow noopener\" target=\"_blank\">Les milliards d\u2019aide de l\u2019Usaid officiellement annul\u00e9s<\/a>    <\/p>\n<p>   Lire plus tard  <\/p>\n<p>                   Un \u00ab\u00a0acte irresponsable\u00a0\u00bb d\u00e9nonc\u00e9 par MSF             <\/p>\n<p class=\"article__paragraph  \">L\u2019administration Trump a \u00e9galement mis fin \u00e0 l\u2019Usaid, qui a \u00e9t\u00e9 int\u00e9gr\u00e9e au d\u00e9partement d\u2019Etat, renvoyant des milliers d\u2019employ\u00e9s, et a \u00e9limin\u00e9 une s\u00e9rie de programmes favorisant le planning familial ou l\u2019avortement.<\/p>\n<p class=\"article__paragraph  \">Le gouvernement am\u00e9ricain s\u2019interdit ainsi de fournir une aide quelconque, directement ou indirectement, \u00e0 des organisations non gouvernementales \u00e9trang\u00e8res qui pratiquent ou promeuvent activement l\u2019avortement comme m\u00e9thode de planification familiale.<\/p>\n<p class=\"article__paragraph  \">\u00ab\u00a0La d\u00e9cision du gouvernement am\u00e9ricain (\u2026) est un acte d\u00e9lib\u00e9r\u00e9ment irresponsable et pr\u00e9judiciable envers les femmes et les filles du monde entier\u00a0\u00bb, a affirm\u00e9 Avril Beno\u00eet, qui dirige MSF USA, la branche am\u00e9ricaine de l\u2019ONG, selon un communiqu\u00e9. MSF souligne que d\u2019autres organisations ont propos\u00e9 de prendre en charge les frais d\u2019exp\u00e9dition et de distribution de ces fournitures, \u00ab\u00a0mais le gouvernement am\u00e9ricain a d\u00e9clin\u00e9 ces offres\u00a0\u00bb.<\/p>\n<p class=\"article__paragraph  \">\u00ab\u00a0Ce que l\u2019administration Trump pr\u00e9voit de faire avec ces produits, m\u00eame s\u2019ils sont loin d\u2019avoir atteint leur date d\u2019expiration, c\u2019est de les incin\u00e9rer tous\u00a0\u00bb, a d\u00e9plor\u00e9 pour sa part la s\u00e9natrice d\u00e9mocrate Jeanne Shaheen interrog\u00e9e sur la radio britannique BBC, parlant d\u2019un acte contraire \u00ab\u00a0aux valeurs des Etats-Unis\u00a0\u00bb et \u00ab\u00a0tout simplement du gaspillage\u00a0\u00bb. Elle a dit avoir introduit une proposition de l\u00e9gislation pour emp\u00eacher leur destruction.<\/p>\n<p>                                      <img loading=\"lazy\" decoding=\"async\" src=\"https:\/\/www.europesays.com\/fr\/wp-content\/uploads\/2025\/07\/9830a52_sirius-fs-upload-1-zyyfldu7qp9y-1747664447374-usaid.jpeg\" width=\"86\" height=\"86\"\/>      \u00c9couter aussi   <a href=\"https:\/\/www.lemonde.fr\/podcasts\/article\/2025\/05\/20\/usaid-les-consequences-devastatrices-de-la-fin-de-l-aide-internationale-americaine_6607243_5463015.html\" rel=\"nofollow noopener\" target=\"_blank\"> Usaid\u00a0: les cons\u00e9quences d\u00e9vastatrices de la fin de l\u2019aide internationale am\u00e9ricaine <\/a>                      <\/p>\n<p class=\"author__detail\">  Le Monde avec AFP  <\/p>\n<p>                  <a href=\"https:\/\/www.lemonde.fr\/syndication\/\" class=\"reuse__content\" title=\"R\u00e9utiliser ce contenu\" target=\"_blank\" rel=\"nofollow noopener\">R\u00e9utiliser ce contenu<\/a>      <\/p>\n","protected":false},"excerpt":{"rendered":"Cette photographie illustrative montre l\u2019entrep\u00f4t logistique Khehne + Nagel, \u00e0 Geel, le 23\u00a0juillet 2025. Des millions de pr\u00e9servatifs&hellip;\n","protected":false},"author":2,"featured_media":271349,"comment_status":"","ping_status":"","sticky":false,"template":"","format":"standard","meta":{"footnotes":""},"categories":[1589],"tags":[11,73,1866,12,1864,1865,1863,308],"class_list":{"0":"post-271348","1":"post","2":"type-post","3":"status-publish","4":"format-standard","5":"has-post-thumbnail","7":"category-etats-unis","8":"tag-actualites","9":"tag-etats-unis","10":"tag-etats-unis-damerique","11":"tag-news","12":"tag-united-states","13":"tag-united-states-of-america","14":"tag-us","15":"tag-usa"},"share_on_mastodon":{"url":"https:\/\/pubeurope.com\/@fr\/114910314554582821","error":""},"_links":{"self":[{"href":"https:\/\/www.europesays.com\/fr\/wp-json\/wp\/v2\/posts\/271348","targetHints":{"allow":["GET"]}}],"collection":[{"href":"https:\/\/www.europesays.com\/fr\/wp-json\/wp\/v2\/posts"}],"about":[{"href":"https:\/\/www.europesays.com\/fr\/wp-json\/wp\/v2\/types\/post"}],"author":[{"embeddable":true,"href":"https:\/\/www.europesays.com\/fr\/wp-json\/wp\/v2\/users\/2"}],"replies":[{"embeddable":true,"href":"https:\/\/www.europesays.com\/fr\/wp-json\/wp\/v2\/comments?post=271348"}],"version-history":[{"count":0,"href":"https:\/\/www.europesays.com\/fr\/wp-json\/wp\/v2\/posts\/271348\/revisions"}],"wp:featuredmedia":[{"embeddable":true,"href":"https:\/\/www.europesays.com\/fr\/wp-json\/wp\/v2\/media\/271349"}],"wp:attachment":[{"href":"https:\/\/www.europesays.com\/fr\/wp-json\/wp\/v2\/media?parent=271348"}],"wp:term":[{"taxonomy":"category","embeddable":true,"href":"https:\/\/www.europesays.com\/fr\/wp-json\/wp\/v2\/categories?post=271348"},{"taxonomy":"post_tag","embeddable":true,"href":"https:\/\/www.europesays.com\/fr\/wp-json\/wp\/v2\/tags?post=271348"}],"curies":[{"name":"wp","href":"https:\/\/api.w.org\/{rel}","templated":true}]}}