{"id":27135,"date":"2025-04-15T17:58:07","date_gmt":"2025-04-15T17:58:07","guid":{"rendered":"https:\/\/www.europesays.com\/fr\/27135\/"},"modified":"2025-04-15T17:58:07","modified_gmt":"2025-04-15T17:58:07","slug":"qui-etait-alison-la-jeune-victime-ferue-de-fitness","status":"publish","type":"post","link":"https:\/\/www.europesays.com\/fr\/27135\/","title":{"rendered":"qui \u00e9tait Alison, la jeune victime f\u00e9rue de fitness"},"content":{"rendered":"<p>            Par<br \/>\n        <strong><br \/>\n            <a href=\"https:\/\/actu.fr\/auteur\/antoine-blanchet\" title=\"Consulter tous les articles de Antoine Blanchet\" rel=\"nofollow noopener\" target=\"_blank\">Antoine Blanchet<\/a><br \/>\n        <\/strong><\/p>\n<p>        Publi\u00e9 le<\/p>\n<p>            15 avr. 2025 \u00e0 18h52        <\/p>\n<p>\u00ab\u2009Repose en paix\u2009\u00bb. Ce mardi 15\u00a0avril 2025, les messages d\u2019hommages s\u2019accumulent sur le compte Instagram d\u2019Alison. La jeune femme de 29\u00a0ans<a href=\"https:\/\/actu.fr\/ile-de-france\/paris_75056\/paris-au-moins-un-mort-apres-une-seance-de-cryotherapie-dans-une-salle-de-sport-du-11e-arrondissement_62511090.html\" rel=\"nofollow noopener\" target=\"_blank\"> a trouv\u00e9 la mort la veille lors d\u2019un accident<\/a> survenu dans une salle de sport On Air, <strong>situ\u00e9e sur le boulevard Voltaire<\/strong> dans le 11e arrondissement de <a href=\"https:\/\/actu.fr\/paris\/\" rel=\"nofollow noopener\" target=\"_blank\">Paris<\/a>. La victime aurait \u00e9t\u00e9 intoxiqu\u00e9e \u00e0 l\u2019azote lors de l\u2019utilisation d\u2019une <a href=\"https:\/\/actu.fr\/ile-de-france\/paris_75056\/paris-c-est-quoi-la-cryotherapie-a-l-origine-d-un-accident-mortel-dans-une-salle-de-sport-du-11e_62511251.html\" rel=\"nofollow noopener\" target=\"_blank\">machine de cryoth\u00e9rapie<\/a>. Une adh\u00e9rente de la salle a \u00e9t\u00e9 hospitalis\u00e9e en <strong>urgence absolue.<\/strong><\/p>\n<p>Une passionn\u00e9e de musculation<\/p>\n<p class=\" wall-content\">Au travers des r\u00e9seaux de la victime, il est ais\u00e9 de constater que la jeune femme originaire de Perpignan \u00e9tait passionn\u00e9e de sport et particuli\u00e8rement de fitness. De nombreuses vid\u00e9os relay\u00e9es sur son compte la montrent <strong>en pleine s\u00e9ance de musculation \u00e0 la salle<\/strong>. \u00c9l\u00e9ment tragique, sa derni\u00e8re publication sur <a href=\"https:\/\/actu.fr\/tag\/tiktok\" rel=\"nofollow noopener\" target=\"_blank\">TikTok<\/a> pr\u00e9c\u00e8de de quelques heures l\u2019accident lui ayant co\u00fbt\u00e9 la vie. \u00ab\u2009Elle prenait un plaisir fou pendant ses entra\u00eenements\u2009\u00bb, t\u00e9moigne un proche sur les r\u00e9seaux sociaux.<\/p>\n<p class=\" wall-content\">Avant de se lancer dans la musculation, la jeune femme travaillait dans le milieu de la p\u00e2tisserie, notamment pour le chef mondialement connu <a href=\"https:\/\/actu.fr\/ile-de-france\/paris_75056\/les-grands-chefs-s-invitent-au-pied-de-la-tour-eiffel-pour-le-festival-taste-of-paris_44931726.html\" rel=\"nofollow noopener\" target=\"_blank\">Yann Couvreur<\/a>.<\/p>\n<p>Une cagnotte lanc\u00e9e pour la famille<\/p>\n<p class=\" wall-content\">La communaut\u00e9 du fitness, r\u00e9active, a partag\u00e9 tr\u00e8s vite la terrible nouvelle. \u00ab\u2009P\u2026 Je suis sous le choc. Repose en paix Alison\u2009\u00bb, s\u2019\u00e9meut une coach en fitness. \u00ab\u2009Je pense \u00e0 toi. Je r\u00e9alise pas\u2026\u2009\u00bb, s\u2019\u00e9meut une proche de la victime. Une cagnotte a par ailleurs \u00e9t\u00e9 cr\u00e9\u00e9e pour aider la famille d\u2019Alison. Cette initiative a \u00e9t\u00e9 lanc\u00e9e par des adh\u00e9rents de la salle de sport.<\/p>\n<p class=\" wall-content\">Parmi cette communaut\u00e9, on garde le souvenir d\u2019une employ\u00e9e \u00ab\u2009dynamique et disponible\u2009\u00bb. \u00ab\u2009Elle \u00e9tait \u00e0 l\u2019accueil et s\u2019occupait de l\u2019entretien de la salle et des machines. Elle \u00e9tait tr\u00e8s souriante\u2009\u00bb, nous confie un abonn\u00e9. \u00ab\u2009Elle \u00e9tait assez r\u00e9serv\u00e9e, mais tr\u00e8s serviable et tr\u00e8s professionnelle\u2009\u00bb, se rem\u00e9more un autre.<\/p>\n<p class=\" wall-content\">Une enqu\u00eate a \u00e9t\u00e9 ouverte pour d\u00e9terminer les causes de la mort de la jeune femme. Contact\u00e9s, les g\u00e9rants de la salle de sport n\u2019ont pas souhait\u00e9 s\u2019exprimer pour le moment.<\/p>\n<p class=\" wall-content\">Suivez toute l\u2019actualit\u00e9 de vos villes et m\u00e9dias favoris en vous inscrivant \u00e0 <a href=\"https:\/\/moncompte.actu.fr\" title=\"D\u00e9couvez Mon Actu\" rel=\"nofollow noopener\" data-trk=\"{&quot;cta&quot;:{&quot;action&quot;:&quot;https:\\\/\\\/moncompte.actu.fr&quot;,&quot;category&quot;:&quot;mon compte&quot;,&quot;from&quot;:&quot;article footer&quot;,&quot;name&quot;:&quot;Mon actu&quot;,&quot;type&quot;:&quot;cta&quot;}}\" target=\"_blank\">Mon Actu<\/a>.<\/p>\n","protected":false},"excerpt":{"rendered":"Par Antoine Blanchet Publi\u00e9 le 15 avr. 2025 \u00e0 18h52 \u00ab\u2009Repose en paix\u2009\u00bb. Ce mardi 15\u00a0avril 2025, les&hellip;\n","protected":false},"author":2,"featured_media":27136,"comment_status":"","ping_status":"","sticky":false,"template":"","format":"standard","meta":{"footnotes":""},"categories":[1888],"tags":[119,1111,1928,11,1927,1777,674,118,1011,27,12,1926,626,1925,1072,25],"class_list":{"0":"post-27135","1":"post","2":"type-post","3":"status-publish","4":"format-standard","5":"has-post-thumbnail","7":"category-paris","8":"tag-accident","9":"tag-actu","10":"tag-actu-paris","11":"tag-actualites","12":"tag-actualites-paris","13":"tag-eu","14":"tag-europe","15":"tag-faits-divers","16":"tag-fr","17":"tag-france","18":"tag-news","19":"tag-news-paris","20":"tag-paris","21":"tag-paris-news","22":"tag-police","23":"tag-republique-francaise"},"share_on_mastodon":{"url":"https:\/\/pubeurope.com\/@fr\/114343280980768470","error":""},"_links":{"self":[{"href":"https:\/\/www.europesays.com\/fr\/wp-json\/wp\/v2\/posts\/27135","targetHints":{"allow":["GET"]}}],"collection":[{"href":"https:\/\/www.europesays.com\/fr\/wp-json\/wp\/v2\/posts"}],"about":[{"href":"https:\/\/www.europesays.com\/fr\/wp-json\/wp\/v2\/types\/post"}],"author":[{"embeddable":true,"href":"https:\/\/www.europesays.com\/fr\/wp-json\/wp\/v2\/users\/2"}],"replies":[{"embeddable":true,"href":"https:\/\/www.europesays.com\/fr\/wp-json\/wp\/v2\/comments?post=27135"}],"version-history":[{"count":0,"href":"https:\/\/www.europesays.com\/fr\/wp-json\/wp\/v2\/posts\/27135\/revisions"}],"wp:featuredmedia":[{"embeddable":true,"href":"https:\/\/www.europesays.com\/fr\/wp-json\/wp\/v2\/media\/27136"}],"wp:attachment":[{"href":"https:\/\/www.europesays.com\/fr\/wp-json\/wp\/v2\/media?parent=27135"}],"wp:term":[{"taxonomy":"category","embeddable":true,"href":"https:\/\/www.europesays.com\/fr\/wp-json\/wp\/v2\/categories?post=27135"},{"taxonomy":"post_tag","embeddable":true,"href":"https:\/\/www.europesays.com\/fr\/wp-json\/wp\/v2\/tags?post=27135"}],"curies":[{"name":"wp","href":"https:\/\/api.w.org\/{rel}","templated":true}]}}