{"id":271352,"date":"2025-07-24T21:24:13","date_gmt":"2025-07-24T21:24:13","guid":{"rendered":"https:\/\/www.europesays.com\/fr\/271352\/"},"modified":"2025-07-24T21:24:13","modified_gmt":"2025-07-24T21:24:13","slug":"allemagne-un-test-daptitude-au-service-militaire-pour-les-jeunes-hommes-de-18-ans-des-2028","status":"publish","type":"post","link":"https:\/\/www.europesays.com\/fr\/271352\/","title":{"rendered":"Allemagne : un test d&rsquo;aptitude au service militaire pour les jeunes hommes de 18 ans d\u00e8s 2028"},"content":{"rendered":"<ul class=\"jsx-862013697 ArticleChapo__List\">\n<li class=\"jsx-862013697 ArticleChapo__List_Item flex\">Le gouvernement allemand s&rsquo;est mis d&rsquo;accord pour mettre en place de nouvelles dispositions pour renforcer ses capacit\u00e9s de d\u00e9fense.<\/li>\n<li class=\"jsx-862013697 ArticleChapo__List_Item flex\">Un test physique et psychologique d&rsquo;aptitude au service militaire deviendra obligatoire pour tous les hommes de 18 ans, \u00e0 partir de 2028.<\/li>\n<\/ul>\n<p data-module=\"article-paragraph\" class=\"jsx-3046738180 Paragraph\">Dans le cadre des efforts pour renforcer ses capacit\u00e9s de d\u00e9fense dans un monde de plus en plus tendu, le gouvernement allemand a d\u00e9cid\u00e9 de mettre l&rsquo;accent sur la jeunesse. Il n&rsquo;est pour l&rsquo;instant pas question de mettre en place un <a href=\"https:\/\/www.tf1info.fr\/politique\/verif-eric-ciotti-a-t-il-echappe-au-service-militaire-grace-a-christian-estrosi-2378615.html\" target=\"_blank\" rel=\"noopener\">service militaire<\/a> obligatoire, apr\u00e8s la suspension de la conscription en 2011, mais d&rsquo;inciter \u00e0 y avoir davantage recours. Ainsi, \u00e0 partir de 2028 &#8211; le d\u00e9lai n\u00e9cessaire pour mettre en place une telle op\u00e9ration &#8211; tous les jeunes hommes de 18 ans de nationalit\u00e9 allemande seront soumis obligatoirement \u00e0 des tests d&rsquo;aptitude au service militaire, notamment sur le plan m\u00e9dical, m\u00eame s&rsquo;ils d\u00e9cident finalement de ne pas servir sous les drapeaux.\u00a0<\/p>\n<p data-module=\"article-paragraph\" class=\"jsx-3046738180 Paragraph Paragraph__End\">En attendant, en 2026 et 2027, tous les jeunes hommes auront l&rsquo;obligation de remplir un questionnaire sur leur volont\u00e9, leur aptitude et leur disponibilit\u00e9 pour servir dans <a href=\"https:\/\/www.tf1info.fr\/international\/verif-non-le-chef-d-etat-major-des-armees-n-a-pas-ete-demis-de-ses-fonctions-apres-ses-propos-sur-une-menace-russe-2384884.html\" target=\"_blank\" rel=\"noopener\">l&rsquo;arm\u00e9e<\/a>. Cette d\u00e9marche sera bas\u00e9e sur le volontariat pour les femmes. Selon l&rsquo;AFP, il s&rsquo;agit l\u00e0 d&rsquo;un moyen rapide de faire un \u00e9tat de lieux et d&rsquo;\u00e9valuer les forces potentiellement disponibles.<\/p>\n<p><a href=\"https:\/\/www.tf1info.fr\/societe\/vers-l-instauration-d-un-service-militaire-volontaire-la-france-reflechit-a-l-idee-2382870.html\" rel=\"noopener\" class=\"jsx-3308031228 Link flex\" target=\"_blank\"><img decoding=\"async\" src=\"https:\/\/www.europesays.com\/fr\/wp-content\/uploads\/2025\/07\/armee-france-uniforme-5ab270-1@1x.jpeg\" alt=\"Jaap Arriens \/ AFP\" loading=\"lazy\" importance=\"low\" fetchpriority=\"low\" class=\"\" aria-hidden=\"true\"\/><\/p>\n<p class=\"jsx-3657663356 ReadMoreArticle__Title\">Lire aussi<\/p>\n<p class=\"jsx-3657663356\">Vers l&rsquo;instauration d&rsquo;un service militaire volontaire ? La France l&rsquo;envisage<\/p>\n<p><\/a><\/p>\n<p data-module=\"article-paragraph\" class=\"jsx-3046738180 Paragraph Paragraph__End\">Ces mesures font partie d&rsquo;un projet de loi sur \u00ab\u00a0le nouveau service militaire\u00a0\u00bb que le gouvernement pr\u00e9sentera fin ao\u00fbt, ont indiqu\u00e9 des sources du minist\u00e8re de la D\u00e9fense. Alors que les effectifs de l&rsquo;arm\u00e9e tournent autour de 180.000 personnes actuellement (plus 49.000 r\u00e9servistes), l&rsquo;ex\u00e9cutif estime les besoins \u00e0 environ 460.000, soit au minimum 260.000 soldats actifs et environ 200.000 r\u00e9servistes. Pour ce qui est d&rsquo;attirer les jeunes, l&rsquo;arm\u00e9e promet un service militaire permettant d&rsquo;acqu\u00e9rir des qualifications suppl\u00e9mentaires, comme le maniement de nouvelles technologies (tels les drones) ou des cours de langues par exemple. Pour l&rsquo;heure, les autorit\u00e9s misent sur le volontariat pour gonfler les effectifs.<\/p>\n<p>M.G avec AFP<\/p>\n","protected":false},"excerpt":{"rendered":"Le gouvernement allemand s&rsquo;est mis d&rsquo;accord pour mettre en place de nouvelles dispositions pour renforcer ses capacit\u00e9s de&hellip;\n","protected":false},"author":2,"featured_media":271353,"comment_status":"","ping_status":"","sticky":false,"template":"","format":"standard","meta":{"footnotes":""},"categories":[1587],"tags":[1111,11,672,1921,1804,1805,1803,1777,674,1801,1922,12,1802,133,1920],"class_list":{"0":"post-271352","1":"post","2":"type-post","3":"status-publish","4":"format-standard","5":"has-post-thumbnail","7":"category-allemagne","8":"tag-actu","9":"tag-actualites","10":"tag-allemagne","11":"tag-article-video","12":"tag-bundesrepublik-deutschland","13":"tag-de","14":"tag-deutschland","15":"tag-eu","16":"tag-europe","17":"tag-germany","18":"tag-info","19":"tag-news","20":"tag-republique-federale-dallemagne","21":"tag-video","22":"tag-video-international"},"share_on_mastodon":{"url":"https:\/\/pubeurope.com\/@fr\/114910322088860916","error":""},"_links":{"self":[{"href":"https:\/\/www.europesays.com\/fr\/wp-json\/wp\/v2\/posts\/271352","targetHints":{"allow":["GET"]}}],"collection":[{"href":"https:\/\/www.europesays.com\/fr\/wp-json\/wp\/v2\/posts"}],"about":[{"href":"https:\/\/www.europesays.com\/fr\/wp-json\/wp\/v2\/types\/post"}],"author":[{"embeddable":true,"href":"https:\/\/www.europesays.com\/fr\/wp-json\/wp\/v2\/users\/2"}],"replies":[{"embeddable":true,"href":"https:\/\/www.europesays.com\/fr\/wp-json\/wp\/v2\/comments?post=271352"}],"version-history":[{"count":0,"href":"https:\/\/www.europesays.com\/fr\/wp-json\/wp\/v2\/posts\/271352\/revisions"}],"wp:featuredmedia":[{"embeddable":true,"href":"https:\/\/www.europesays.com\/fr\/wp-json\/wp\/v2\/media\/271353"}],"wp:attachment":[{"href":"https:\/\/www.europesays.com\/fr\/wp-json\/wp\/v2\/media?parent=271352"}],"wp:term":[{"taxonomy":"category","embeddable":true,"href":"https:\/\/www.europesays.com\/fr\/wp-json\/wp\/v2\/categories?post=271352"},{"taxonomy":"post_tag","embeddable":true,"href":"https:\/\/www.europesays.com\/fr\/wp-json\/wp\/v2\/tags?post=271352"}],"curies":[{"name":"wp","href":"https:\/\/api.w.org\/{rel}","templated":true}]}}