{"id":271356,"date":"2025-07-24T21:26:13","date_gmt":"2025-07-24T21:26:13","guid":{"rendered":"https:\/\/www.europesays.com\/fr\/271356\/"},"modified":"2025-07-24T21:26:13","modified_gmt":"2025-07-24T21:26:13","slug":"volte-face-de-la-commission-sur-la-directive-antidiscrimination","status":"publish","type":"post","link":"https:\/\/www.europesays.com\/fr\/271356\/","title":{"rendered":"volte-face de la Commission sur la directive antidiscrimination"},"content":{"rendered":"<p>La Commission europ\u00e9enne a relanc\u00e9 sa proposition de directive sur l&rsquo;\u00e9galit\u00e9 de traitement, visant \u00e0 \u00e9tendre les protections contre les discriminations au-del\u00e0 du lieu de travail, apr\u00e8s avoir abandonn\u00e9 l&rsquo;id\u00e9e au d\u00e9but de l&rsquo;ann\u00e9e.<\/p>\n<p>\u00ab\u00a0Cette directive comblerait une lacune importante dans la l\u00e9gislation europ\u00e9enne en \u00e9tendant la protection contre la discrimination fond\u00e9e sur la religion ou les croyances, le handicap, l&rsquo;\u00e2ge et l&rsquo;orientation sexuelle au-del\u00e0 du domaine de l&#8217;emploi\u00a0\u00bb, a d\u00e9clar\u00e9 un porte-parole de la Commission \u00e0 Euronews.<\/p>\n<p>Propos\u00e9e pour la premi\u00e8re fois par l&rsquo;ex\u00e9cutif de l&rsquo;UE en 2008, la directive est rest\u00e9e bloqu\u00e9e au Conseil de l&rsquo;UE, malgr\u00e9 des progr\u00e8s faits dans l&rsquo;enceinte du Parlement europ\u00e9en.<\/p>\n<p>En f\u00e9vrier, la Commission a propos\u00e9 de retirer la proposition de son programme pour 2025, estimant qu'\u00a0\u00bbaucun accord n&rsquo;\u00e9tait pr\u00e9visible\u00a0\u00bb.<\/p>\n<p>Cette d\u00e9cision a surpris la soci\u00e9t\u00e9 civile et d&rsquo;autres institutions de l&rsquo;UE, suscitant des critiques rapides.<\/p>\n<p>\u00c0 l&rsquo;\u00e9poque, Alice Bah Kuhnke (Les Verts\/Su\u00e8de), rapporteure sur le dossier au Parlement, a qualifi\u00e9 cette d\u00e9cision de \u00ab\u00a0scandale\u00a0\u00bb, exhortant l&rsquo;UE \u00e0 intensifier ses efforts et \u00e0 promouvoir une l\u00e9gislation novatrice et ambitieuse face au recul mondial en mati\u00e8re de diversit\u00e9 et d&rsquo;\u00e9galit\u00e9 \u00e0 la suite des mesures de l&rsquo;administration de Donald Trump.<\/p>\n<p>\u00ab\u00a0Cette d\u00e9cision porte gravement atteinte \u00e0 l&rsquo;engagement de Bruxelles de construire une Union de l&rsquo;\u00e9galit\u00e9 \u00e0 un moment o\u00f9 les communaut\u00e9s marginalis\u00e9es ont besoin d&rsquo;une protection plus grande que jamais\u00a0\u00bb, <a href=\"https:\/\/eur03.safelinks.protection.outlook.com\/?url=https%3A%2F%2Fwww.edf-feph.org%2Fpublications%2Fequality-betrayed-commission-unilaterally-gives-up-on-anti-discrimination-law%2F&amp;data=05%7C02%7Cmarta.iraola-iribarren%40euronews.com%7C7687502840b14ae6265708ddc9f874bd%7Ce59fa28a32ed49aca5a09c46118cfecf%7C0%7C0%7C638888791130818673%7CUnknown%7CTWFpbGZsb3d8eyJFbXB0eU1hcGkiOnRydWUsIlYiOiIwLjAuMDAwMCIsIlAiOiJXaW4zMiIsIkFOIjoiTWFpbCIsIldUIjoyfQ%3D%3D%7C0%7C%7C%7C&amp;sdata=Emz5LFqFw9uqzUAiE5iMtUA5ercsEZXqnBJ%2FEP4eIA8%3D&amp;reserved=0\" rel=\"nofollow noopener\" target=\"_blank\" data-ylk=\"slk:peut-on lire dans une lettre ouverte;elm:context_link;itc:0;sec:content-canvas\" class=\"link \">peut-on lire dans une lettre ouverte<\/a> d&rsquo;organisations de la soci\u00e9t\u00e9 civile travaillant sur la lutte contre les discriminations en Europe.<\/p>\n<p>Aujourd&rsquo;hui, l&rsquo;ex\u00e9cutif europ\u00e9en a repris les discussions \u00ab\u00a0apr\u00e8s avoir pris en compte la position de soutien exprim\u00e9e par le Parlement europ\u00e9en et par une large majorit\u00e9 d&rsquo;\u00c9tats membres au sein du Conseil\u00a0\u00bb.<\/p>\n<p>Pour que la proposition anti-discrimination puisse passer \u00e0 la phase de n\u00e9gociations interinstitutionnelles entre le Parlement, la Commission et les \u00c9tats membres, le Conseil, qui est jusqu&rsquo;\u00e0 pr\u00e9sent rest\u00e9 divis\u00e9 sur cette proposition, doit parvenir \u00e0 un accord unanime.<\/p>\n<p>Comme Euronews <a href=\"https:\/\/fr.news.yahoo.com\/exclusif-apr%C3%A8s-17-ans-projet-133914000.html\" data-ylk=\"slk:l&#039;a rapport\u00e9;elm:context_link;itc:0;sec:content-canvas;outcm:mb_qualified_link;_E:mb_qualified_link;ct:story;\" class=\"link  yahoo-link\" rel=\"nofollow noopener\" target=\"_blank\">l&rsquo;a rapport\u00e9<\/a> en juin, trois \u00c9tats membres &#8211; la R\u00e9publique tch\u00e8que, l&rsquo;Allemagne et l&rsquo;Italie &#8211; s&rsquo;opposent toujours au projet de texte de compromis.<\/p>\n<p>Bien qu&rsquo;elle en ait fait une priorit\u00e9, la pr\u00e9sidence polonaise n&rsquo;a pas r\u00e9ussi \u00e0 obtenir un accord au cours de son mandat de six mois.<\/p>\n<p>Comme nous l&rsquo;avons d\u00e9j\u00e0 rapport\u00e9, un document fuit\u00e9 dat\u00e9 du 6 juin et vu par Euronews indique : \u00ab\u00a0En l&rsquo;absence de toute suggestion de r\u00e9daction suppl\u00e9mentaire de la part des \u00c9tats membres ayant des pr\u00e9occupations en suspens, la pr\u00e9sidence n&rsquo;a pas \u00e9t\u00e9 en mesure de proposer un nouveau texte de compromis\u00a0\u00bb.<\/p>\n<p>Selon un rapport du Service de recherche du Parlement europ\u00e9en (EPRS), l&rsquo;adoption d&rsquo;une \u00ab\u00a0directive horizontale sur l&rsquo;\u00e9galit\u00e9\u00a0\u00bb pourrait g\u00e9n\u00e9rer jusqu&rsquo;\u00e0 55 millions d&rsquo;euros par an, en am\u00e9liorant les r\u00e9sultats en mati\u00e8re de sant\u00e9, le niveau d&rsquo;\u00e9ducation et la coh\u00e9sion sociale pour les personnes expos\u00e9es au risque de discrimination.<\/p>\n<p>Il appartient d\u00e9sormais \u00e0 la pr\u00e9sidence danoise de relancer les discussions. Le Danemark a confirm\u00e9 qu&rsquo;il chercherait \u00e0 obtenir l&rsquo;unanimit\u00e9 requise au Conseil et que la directive serait examin\u00e9e lors de la r\u00e9union minist\u00e9rielle sur les affaires sociales en d\u00e9cembre.<\/p>\n","protected":false},"excerpt":{"rendered":"La Commission europ\u00e9enne a relanc\u00e9 sa proposition de directive sur l&rsquo;\u00e9galit\u00e9 de traitement, visant \u00e0 \u00e9tendre les protections&hellip;\n","protected":false},"author":2,"featured_media":271357,"comment_status":"","ping_status":"","sticky":false,"template":"","format":"standard","meta":{"footnotes":""},"categories":[1586],"tags":[11,41094,10697,1777,674,1779,1011,27,41093,10419,41095,12,8552,25,1778,364],"class_list":{"0":"post-271356","1":"post","2":"type-post","3":"status-publish","4":"format-standard","5":"has-post-thumbnail","7":"category-europe","8":"tag-actualites","9":"tag-alice-bah-kuhnke","10":"tag-conseil-de-lue","11":"tag-eu","12":"tag-europe","13":"tag-european-union","14":"tag-fr","15":"tag-france","16":"tag-institutions-de-lue","17":"tag-la-commission","18":"tag-lieu-de-travail","19":"tag-news","20":"tag-parlement-europeen","21":"tag-republique-francaise","22":"tag-ue","23":"tag-union-europeenne"},"share_on_mastodon":{"url":"https:\/\/pubeurope.com\/@fr\/114910329854949618","error":""},"_links":{"self":[{"href":"https:\/\/www.europesays.com\/fr\/wp-json\/wp\/v2\/posts\/271356","targetHints":{"allow":["GET"]}}],"collection":[{"href":"https:\/\/www.europesays.com\/fr\/wp-json\/wp\/v2\/posts"}],"about":[{"href":"https:\/\/www.europesays.com\/fr\/wp-json\/wp\/v2\/types\/post"}],"author":[{"embeddable":true,"href":"https:\/\/www.europesays.com\/fr\/wp-json\/wp\/v2\/users\/2"}],"replies":[{"embeddable":true,"href":"https:\/\/www.europesays.com\/fr\/wp-json\/wp\/v2\/comments?post=271356"}],"version-history":[{"count":0,"href":"https:\/\/www.europesays.com\/fr\/wp-json\/wp\/v2\/posts\/271356\/revisions"}],"wp:featuredmedia":[{"embeddable":true,"href":"https:\/\/www.europesays.com\/fr\/wp-json\/wp\/v2\/media\/271357"}],"wp:attachment":[{"href":"https:\/\/www.europesays.com\/fr\/wp-json\/wp\/v2\/media?parent=271356"}],"wp:term":[{"taxonomy":"category","embeddable":true,"href":"https:\/\/www.europesays.com\/fr\/wp-json\/wp\/v2\/categories?post=271356"},{"taxonomy":"post_tag","embeddable":true,"href":"https:\/\/www.europesays.com\/fr\/wp-json\/wp\/v2\/tags?post=271356"}],"curies":[{"name":"wp","href":"https:\/\/api.w.org\/{rel}","templated":true}]}}