{"id":271364,"date":"2025-07-24T21:32:14","date_gmt":"2025-07-24T21:32:14","guid":{"rendered":"https:\/\/www.europesays.com\/fr\/271364\/"},"modified":"2025-07-24T21:32:14","modified_gmt":"2025-07-24T21:32:14","slug":"ronan-ogara-propose-une-modification-des-regles-au-rugby","status":"publish","type":"post","link":"https:\/\/www.europesays.com\/fr\/271364\/","title":{"rendered":"Ronan O\u2019Gara propose une modification des r\u00e8gles au rugby"},"content":{"rendered":"<p>S&rsquo;il ne tient qu&rsquo;\u00e0 Ronan O\u2019Gara, les compositions des \u00e9quipes resteront longtemps cach\u00e9es. Et pour cause, il soutient le fait que la r\u00e8gle qui consiste \u00e0 r\u00e9v\u00e9ler la liste des joueurs 24 heures plus t\u00f4t met \u00e0 nu les coachs. L&rsquo;adversaire n&rsquo;est plus surpris du coup et il n&rsquo;y a plus de surprise.<\/p>\n<p>\u00a0<\/p>\n<p>\u00ab Ce serait g\u00e9nial \u00bb<\/p>\n<p>\u00a0<\/p>\n<p>\u00ab Je ne pense pas qu\u2019on soit tr\u00e8s loin du moment o\u00f9, comme au football, on n\u2019annoncera plus l\u2019\u00e9quipe qu\u2019une heure avant le coup d\u2019envoi \u00bb, a l\u00e2ch\u00e9 l&rsquo;Anglais Will Greenwood \u00e0 Ronan O&rsquo;Gara. Ce dernier a trouv\u00e9 cela int\u00e9ressant et ne cache pas son approbation.<\/p>\n<p>\u00a0<\/p>\n<p>\u00ab On ne peut pas, avec la r\u00e9glementation \u00bb, fait-il savoir dans un premier temps. Ronan O&rsquo;Gara sait que ce sera difficile d&rsquo;en arriver l\u00e0. Mais il pense que \u00e7a aurait \u00e9t\u00e9 bien de casser cette habitude. \u00ab Je trouve \u00e7a vraiment int\u00e9ressant. Ce serait g\u00e9nial \u00bb, ajoute le coach de La Rochelle dans des propos relay\u00e9s par Rugbyrama.<\/p>\n<p>Partagez cette info avec vos amis et vos proches en cliquant ici<br \/>Pour r\u00e9sumer<\/p>\n<p>Ronan O\u2019Gara critique l&rsquo;obligation de d\u00e9voiler la composition d\u2019\u00e9quipe 24h avant un match. Il soutient l&rsquo;id\u00e9e, lanc\u00e9e par Will Greenwood, d&rsquo;attendre une heure avant le coup d\u2019envoi, pour pr\u00e9server l\u2019effet de surprise et l\u2019int\u00e9r\u00eat tactique.<\/p>\n<p> <img decoding=\"async\" width=\"76\" height=\"76\" loading=\"lazy\" src=\"https:\/\/www.europesays.com\/fr\/wp-content\/uploads\/2025\/04\/avatar-quinze.png\" alt=\"Voldi Fr\u00e9jus\u00a0Hounvio\"\/><\/p>\n","protected":false},"excerpt":{"rendered":"S&rsquo;il ne tient qu&rsquo;\u00e0 Ronan O\u2019Gara, les compositions des \u00e9quipes resteront longtemps cach\u00e9es. Et pour cause, il soutient&hellip;\n","protected":false},"author":2,"featured_media":271365,"comment_status":"","ping_status":"","sticky":false,"template":"","format":"standard","meta":{"footnotes":""},"categories":[1416],"tags":[1011,27,479,1468,60],"class_list":{"0":"post-271364","1":"post","2":"type-post","3":"status-publish","4":"format-standard","5":"has-post-thumbnail","7":"category-rugby","8":"tag-fr","9":"tag-france","10":"tag-rugby","11":"tag-rugby-football","12":"tag-sports"},"share_on_mastodon":{"url":"https:\/\/pubeurope.com\/@fr\/114910353404241180","error":""},"_links":{"self":[{"href":"https:\/\/www.europesays.com\/fr\/wp-json\/wp\/v2\/posts\/271364","targetHints":{"allow":["GET"]}}],"collection":[{"href":"https:\/\/www.europesays.com\/fr\/wp-json\/wp\/v2\/posts"}],"about":[{"href":"https:\/\/www.europesays.com\/fr\/wp-json\/wp\/v2\/types\/post"}],"author":[{"embeddable":true,"href":"https:\/\/www.europesays.com\/fr\/wp-json\/wp\/v2\/users\/2"}],"replies":[{"embeddable":true,"href":"https:\/\/www.europesays.com\/fr\/wp-json\/wp\/v2\/comments?post=271364"}],"version-history":[{"count":0,"href":"https:\/\/www.europesays.com\/fr\/wp-json\/wp\/v2\/posts\/271364\/revisions"}],"wp:featuredmedia":[{"embeddable":true,"href":"https:\/\/www.europesays.com\/fr\/wp-json\/wp\/v2\/media\/271365"}],"wp:attachment":[{"href":"https:\/\/www.europesays.com\/fr\/wp-json\/wp\/v2\/media?parent=271364"}],"wp:term":[{"taxonomy":"category","embeddable":true,"href":"https:\/\/www.europesays.com\/fr\/wp-json\/wp\/v2\/categories?post=271364"},{"taxonomy":"post_tag","embeddable":true,"href":"https:\/\/www.europesays.com\/fr\/wp-json\/wp\/v2\/tags?post=271364"}],"curies":[{"name":"wp","href":"https:\/\/api.w.org\/{rel}","templated":true}]}}