{"id":271368,"date":"2025-07-24T21:35:18","date_gmt":"2025-07-24T21:35:18","guid":{"rendered":"https:\/\/www.europesays.com\/fr\/271368\/"},"modified":"2025-07-24T21:35:18","modified_gmt":"2025-07-24T21:35:18","slug":"le-pilote-de-juniorgp-pau-alsina-17-ans-se-tue-a-lentrainement","status":"publish","type":"post","link":"https:\/\/www.europesays.com\/fr\/271368\/","title":{"rendered":"Le pilote de JuniorGP Pau Alsina (17 ans\u2026) se tue \u00e0 l\u2019entra\u00eenement"},"content":{"rendered":"<p>\u00c0 l&rsquo;issue des trois premi\u00e8res \u00e9tapes de cette saison 2025, Pau Alsina occupait la treizi\u00e8me place de la cat\u00e9gorie JuniorGP du championnat du m\u00eame nom. Bien \u00e9videmment, le n\u00b026 du team Estrella Galicia 0,0 \u00e9tait convaincu de pouvoir faire mieux. Il s\u2019entra\u00eenait dur pour cela, samedi dernier encore, \u00e0 Aragon se d\u00e9roulera ce week-end la quatri\u00e8me \u00e9preuve&#8230;<\/p>\n<p>Treizi\u00e8me aussi de l&rsquo;European Cup l&rsquo;an pass\u00e9, le pilote originaire de Sallent n\u00e9 le 22 janvier 2008 avait re\u00e7u comme cadeau de la part de son team, une fabuleuse mais engageante promotion vers l&rsquo;antichambre des Grand Prix Moto3. Un tremplin donc vers le MotoGP o\u00f9 excellent actuellement ses idoles Marc et Alex Marquez, et o\u00f9 courrait autrefois son grand copain Carlos Checa (voir les hommages en fin d&rsquo;article) !<\/p>\n<p align=\"Center\"><img decoding=\"async\" src=\"https:\/\/www.europesays.com\/fr\/wp-content\/uploads\/2025\/07\/deuil-pau-alsina-juniorgp-wheelie.jpg\" alt=\"Le pilote de JuniorGP Pau Alsina (17 ans\u2026) se tue \u00e0 l\u2019entra\u00eenement\" title=\"Le pilote de JuniorGP Pau Alsina (17 ans\u2026) se tue \u00e0 l\u2019entra\u00eenement\"\/><\/p>\n<p>H\u00e9las, le jeune espagnol \u00ab\u00a0est d\u00e9c\u00e9d\u00e9 \u00e0 l&rsquo;\u00e2ge de 17 ans des suites d&rsquo;un accident survenu samedi matin lors d&rsquo;une s\u00e9ance d&rsquo;entra\u00eenement sur le circuit MotorLand Arag\u00f3n de Saragosse\u00a0\u00bb, , le journal catalan auquel la famille a pr\u00e9cis\u00e9 que Pau \u00ab\u00a0avait \u00e9t\u00e9 projet\u00e9 par-dessus la moto et \u00e9tait tomb\u00e9 au sol\u00a0\u00bb&#8230; lourdement, sur la t\u00eate.<\/p>\n<p>Transf\u00e9r\u00e9 en urgence \u00e0 l&rsquo;h\u00f4pital de Saragosse, le malheureux jeune homme a subi une intervention chirurgicale puis \u00e9t\u00e9 plac\u00e9 en soins intensifs. Apr\u00e8s deux jours de lutte, \u00ab\u00a0il n&rsquo;a cependant pas surmont\u00e9 ses graves blessures et est d\u00e9c\u00e9d\u00e9 ce lundi\u00a0\u00bb, rapporte le quotidien. Dur.<\/p>\n<p align=\"Center\"><img decoding=\"async\" src=\"https:\/\/www.europesays.com\/fr\/wp-content\/uploads\/2025\/07\/deuil-pau-alsina-juniorgp-moto3-civ.jpg\" alt=\"Le pilote de JuniorGP Pau Alsina (17 ans\u2026) se tue \u00e0 l\u2019entra\u00eenement\" title=\"Le pilote de JuniorGP Pau Alsina (17 ans\u2026) se tue \u00e0 l\u2019entra\u00eenement\"\/><\/p>\n<p>Inscrit parall\u00e8lement en championnat italien de vitesse, le jeune espagnol y avait obtenu des r\u00e9sultats tr\u00e8s encourageants : \u00ab\u00a0Pau Alsina Sanchez s&rsquo;\u00e9tait distingu\u00e9 cette ann\u00e9e en cat\u00e9gorie Moto3 du Dunlop CIV, dans laquelle il avait obtenu quatre podiums et o\u00f9 il \u00e9tait quatri\u00e8me au classement g\u00e9n\u00e9ral\u00a0\u00bb, signalait lundi soir la FMI endeuill\u00e9e.<\/p>\n<p>D\u00e9vast\u00e9e par la disparition de son &#8211; futur\u00a0? &#8211; champion de vitesse moto, la commune de Sallent a d\u00e9cr\u00e9t\u00e9 un jour de deuil ce mardi (hier). Les 7000 habitants \u00e9taient invit\u00e9s \u00e0 observer \u00e0 19h une minute de silence en hommage \u00e0 leur concitoyen qui a consacr\u00e9 sa &#8211; bien trop &#8211; courte vie \u00e0 la moto\u2026<\/p>\n<p align=\"Center\"><img decoding=\"async\" src=\"https:\/\/www.europesays.com\/fr\/wp-content\/uploads\/2025\/07\/deuil-pau-alsina-juniorgp-sallent.jpg\" alt=\"Le pilote de JuniorGP Pau Alsina (17 ans\u2026) se tue \u00e0 l\u2019entra\u00eenement\" title=\"Le pilote de JuniorGP Pau Alsina (17 ans\u2026) se tue \u00e0 l\u2019entra\u00eenement\"\/><\/p>\n<p>Juch\u00e9 sur une moto d\u00e8s 3 ans par son papa, Pau Alsina avait d\u00e9croch\u00e9 \u00e0 10 ans le prometteur titre de \u00ab\u00a0champion catalan de vitesse en Promotion 1 sur le circuit de Calafat\u00a0\u00bb,  qui l&rsquo;avait interview\u00e9 avant l&rsquo;ouverture de cette saison 2025.<\/p>\n<p>Bien au del\u00e0 de la petite ville situ\u00e9e au coeur de la province de Barcelone, ce d\u00e9c\u00e8s a choqu\u00e9 l&rsquo;ensemble du monde de la moto et a suscit\u00e9 les r\u00e9actions de hauts responsables aragonais, catalans et espagnols. Ce \u00ab\u00a0nouveau\u00a0\u00bb d\u00e9c\u00e8s h\u00e9las, car le 3 juillet dernier d\u00e9j\u00e0, Borja Gomez avait \u00e9t\u00e9 fauch\u00e9 par une moto sur le circuit de Magny-Cours. Dur, dur.<\/p>\n<blockquote class=\"twitter-tweet\">\n<p lang=\"es\" dir=\"ltr\" xml:lang=\"es\">Pau, te has ido, nos has dejado, pero tu sonrisa, tu entusiasmo y tu fuerza vivir\u00e1n para siempre en nosotros.<br \/>Ad\u00e9u amic!<br \/>Que la terra et sigui lleu Pau Alsina.<a href=\"https:\/\/twitter.com\/JuniorGP?ref_src=twsrc%5Etfw\" rel=\"nofollow noopener\" target=\"_blank\">@JuniorGP<\/a> <a href=\"https:\/\/twitter.com\/hashtag\/paualsina?src=hash&amp;ref_src=twsrc%5Etfw\" rel=\"nofollow noopener\" target=\"_blank\">#paualsina<\/a> <a href=\"https:\/\/t.co\/d3ogLCh1Mq\" rel=\"nofollow\">pic.twitter.com\/d3ogLCh1Mq<\/a><\/p>\n<p>\u2014 Carlos Checa Carrera (@CarlosCheca7) <a href=\"https:\/\/twitter.com\/CarlosCheca7\/status\/1947345943436681512?ref_src=twsrc%5Etfw\" rel=\"nofollow noopener\" target=\"_blank\">July 21, 2025<\/a><\/p>\n<\/blockquote>\n<blockquote class=\"twitter-tweet\">\n<p lang=\"es\" dir=\"ltr\" xml:lang=\"es\">Nos ha dejado Pau Alsina, piloto de 17 a\u00f1os de Sallent del Estrella Galicia en el <a href=\"https:\/\/twitter.com\/JuniorGP?ref_src=twsrc%5Etfw\" rel=\"nofollow noopener\" target=\"_blank\">@JuniorGP<\/a><br \/>Un chaval lleno de vida, energ\u00eda y entusiasmo al que conozco desde que era un ni\u00f1o, al igual que a su familia.<br \/>Dolor, tristeza, rabia.<br \/>Descansa en Pau noi. Quina merda!<a href=\"https:\/\/twitter.com\/MotoGP?ref_src=twsrc%5Etfw\" rel=\"nofollow noopener\" target=\"_blank\">@MotoGP<\/a> <a href=\"https:\/\/twitter.com\/hashtag\/MotoGP?src=hash&amp;ref_src=twsrc%5Etfw\" rel=\"nofollow noopener\" target=\"_blank\">#MotoGP<\/a> <a href=\"https:\/\/t.co\/z8mBS0N5ZS\" rel=\"nofollow\">pic.twitter.com\/z8mBS0N5ZS<\/a><\/p>\n<p>\u2014 Carlos Checa Carrera (@CarlosCheca7) <a href=\"https:\/\/twitter.com\/CarlosCheca7\/status\/1947330421458350493?ref_src=twsrc%5Etfw\" rel=\"nofollow noopener\" target=\"_blank\">July 21, 2025<\/a><\/p>\n<\/blockquote>\n<blockquote class=\"instagram-media\" style=\"background: #FFF; border: 0; border-radius: 3px; box-shadow: 0 0 1px 0 rgba(0,0,0,0.5),0 1px 10px 0 rgba(0,0,0,0.15); margin: 1px; max-width: 540px; min-width: 326px; padding: 0; width: calc(100% - 2px);\" data-instgrm-captioned=\"\" data-instgrm-permalink=\"https:\/\/www.instagram.com\/p\/DMYBzjSIL_B\/?utm_source=ig_embed&amp;utm_campaign=loading\" data-instgrm-version=\"14\"><\/blockquote>\n<blockquote class=\"instagram-media\" style=\"background: #FFF; border: 0; border-radius: 3px; box-shadow: 0 0 1px 0 rgba(0,0,0,0.5),0 1px 10px 0 rgba(0,0,0,0.15); margin: 1px; max-width: 540px; min-width: 326px; padding: 0; width: calc(100% - 2px);\" data-instgrm-captioned=\"\" data-instgrm-permalink=\"https:\/\/www.instagram.com\/p\/DMYFaStIMKe\/?utm_source=ig_embed&amp;utm_campaign=loading\" data-instgrm-version=\"14\"><\/blockquote>\n<blockquote class=\"instagram-media\" style=\"background: #FFF; border: 0; border-radius: 3px; box-shadow: 0 0 1px 0 rgba(0,0,0,0.5),0 1px 10px 0 rgba(0,0,0,0.15); margin: 1px; max-width: 540px; min-width: 326px; padding: 0; width: calc(100% - 2px);\" data-instgrm-captioned=\"\" data-instgrm-permalink=\"https:\/\/www.instagram.com\/p\/DMZvl3qo7Eh\/?utm_source=ig_embed&amp;utm_campaign=loading\" data-instgrm-version=\"14\"><\/blockquote>\n<blockquote class=\"instagram-media\" style=\"background: #FFF; border: 0; border-radius: 3px; box-shadow: 0 0 1px 0 rgba(0,0,0,0.5),0 1px 10px 0 rgba(0,0,0,0.15); margin: 1px; max-width: 540px; min-width: 326px; padding: 0; width: calc(100% - 2px);\" data-instgrm-captioned=\"\" data-instgrm-permalink=\"https:\/\/www.instagram.com\/p\/DMYC9G9tj0X\/?utm_source=ig_embed&amp;utm_campaign=loading\" data-instgrm-version=\"14\"><\/blockquote>\n<p><script async src=\"https:\/\/platform.twitter.com\/widgets.js\" charset=\"utf-8\"><\/script><script async src=\"\/\/www.instagram.com\/embed.js\"><\/script><\/p>\n","protected":false},"excerpt":{"rendered":"\u00c0 l&rsquo;issue des trois premi\u00e8res \u00e9tapes de cette saison 2025, Pau Alsina occupait la treizi\u00e8me place de la&hellip;\n","protected":false},"author":2,"featured_media":271369,"comment_status":"","ping_status":"","sticky":false,"template":"","format":"standard","meta":{"footnotes":""},"categories":[1413],"tags":[1011,27,1457,1456,60],"class_list":{"0":"post-271368","1":"post","2":"type-post","3":"status-publish","4":"format-standard","5":"has-post-thumbnail","7":"category-moto","8":"tag-fr","9":"tag-france","10":"tag-moto","11":"tag-motocycle","12":"tag-sports"},"share_on_mastodon":{"url":"https:\/\/pubeurope.com\/@fr\/114910365244834013","error":""},"_links":{"self":[{"href":"https:\/\/www.europesays.com\/fr\/wp-json\/wp\/v2\/posts\/271368","targetHints":{"allow":["GET"]}}],"collection":[{"href":"https:\/\/www.europesays.com\/fr\/wp-json\/wp\/v2\/posts"}],"about":[{"href":"https:\/\/www.europesays.com\/fr\/wp-json\/wp\/v2\/types\/post"}],"author":[{"embeddable":true,"href":"https:\/\/www.europesays.com\/fr\/wp-json\/wp\/v2\/users\/2"}],"replies":[{"embeddable":true,"href":"https:\/\/www.europesays.com\/fr\/wp-json\/wp\/v2\/comments?post=271368"}],"version-history":[{"count":0,"href":"https:\/\/www.europesays.com\/fr\/wp-json\/wp\/v2\/posts\/271368\/revisions"}],"wp:featuredmedia":[{"embeddable":true,"href":"https:\/\/www.europesays.com\/fr\/wp-json\/wp\/v2\/media\/271369"}],"wp:attachment":[{"href":"https:\/\/www.europesays.com\/fr\/wp-json\/wp\/v2\/media?parent=271368"}],"wp:term":[{"taxonomy":"category","embeddable":true,"href":"https:\/\/www.europesays.com\/fr\/wp-json\/wp\/v2\/categories?post=271368"},{"taxonomy":"post_tag","embeddable":true,"href":"https:\/\/www.europesays.com\/fr\/wp-json\/wp\/v2\/tags?post=271368"}],"curies":[{"name":"wp","href":"https:\/\/api.w.org\/{rel}","templated":true}]}}