{"id":271378,"date":"2025-07-24T21:40:19","date_gmt":"2025-07-24T21:40:19","guid":{"rendered":"https:\/\/www.europesays.com\/fr\/271378\/"},"modified":"2025-07-24T21:40:19","modified_gmt":"2025-07-24T21:40:19","slug":"fay-sur-lignon-les-sculptures-de-philos-a-voir-jusquau-15-aout-a-la-traverse","status":"publish","type":"post","link":"https:\/\/www.europesays.com\/fr\/271378\/","title":{"rendered":"Fay-sur-Lignon : les sculptures de \u00ab\u00a0Philos\u00a0\u00bb \u00e0 voir jusqu&rsquo;au 15 ao\u00fbt \u00e0 la Traverse"},"content":{"rendered":"<p>\t\t\t\t\t\t\t\t\t\t\t\t\t\t\t\t\t\t\t\t\t\t\t\t\t\t\t\t\t\t\t\t\t\t\t\t\t\t\t\t\t\t\t\t\t\t\t\t\t\t\t\t\t\t\t\t\t\t\t\t\t\t\t<a href=\"https:\/\/www.lacommere43.fr\/component\/banners\/click\/1701.html\" target=\"_blank\" title=\"Durand Charles Laradev carr\u00e9\" rel=\"noopener\"><br \/>\n\t\t\t\t\t\t\t<img decoding=\"async\" src=\"https:\/\/www.europesays.com\/fr\/wp-content\/uploads\/2025\/05\/05264e5f-f9b0-4af5-8f46-d08bf3dcc47e2.jpg\" alt=\"Durand Charles Laradev carr\u00e9\"\/><br \/>\n\t\t\t\t\t\t<\/a><\/p>\n<p>\t\t\t\t\t\t\t\t\t\t\t\t\t\t\t\t\t\t\t\t\t\t\t\t\t\t\t\t\t\t\t\t\t\t\t\t\t\t\t\t\t\t\t\t\t\t\t\t\t\t\t\t\t\t\t\t\t\t\t\t\t\t\t<a href=\"https:\/\/www.lacommere43.fr\/component\/banners\/click\/1799.html\" target=\"_blank\" title=\"Lozarts 2025 Chambon\" rel=\"noopener\"><br \/>\n\t\t\t\t\t\t\t<img decoding=\"async\" src=\"https:\/\/www.europesays.com\/fr\/wp-content\/uploads\/2025\/07\/01-_LE_CHAMBON_26-07_et_9-08_A3.jpg\" alt=\"Lozarts 2025 Chambon\"\/><br \/>\n\t\t\t\t\t\t<\/a><\/p>\n<p>Philippe Roux, alias \u00ab\u00a0Philos\u00a0\u00bb, propose cet \u00e9t\u00e9 \u00e0 Fay-sur-Lignon, \u00e0 la Traverse, une nouvelle exposition.<\/p>\n<p>Le vernissage est pr\u00e9vu ce dimanche \u00e0 11 h 30, apr\u00e8s le tour de chant de la rue de la Tour, rendez-vous annuel et sympathique, \u00ab\u00a0chanteurs de rue\u00a0\u00bb, qui invite le public \u00e0 chanter, \u00e0 l&rsquo;initiative d&rsquo;Andr\u00e9 Vey, devant chez lui, second\u00e9 par la Caravelle.<\/p>\n<p>L&rsquo;exposition est visible jusqu&rsquo;au 15 ao\u00fbt.<\/p>\n","protected":false},"excerpt":{"rendered":"Philippe Roux, alias \u00ab\u00a0Philos\u00a0\u00bb, propose cet \u00e9t\u00e9 \u00e0 Fay-sur-Lignon, \u00e0 la Traverse, une nouvelle exposition. Le vernissage est&hellip;\n","protected":false},"author":2,"featured_media":271379,"comment_status":"","ping_status":"","sticky":false,"template":"","format":"standard","meta":{"footnotes":""},"categories":[1358],"tags":[2281,1348,1384,1385,1386,58,59,2282,1011,27,2280,2284,2285,2283],"class_list":{"0":"post-271378","1":"post","2":"type-post","3":"status-publish","4":"format-standard","5":"has-post-thumbnail","7":"category-arts-et-design","8":"tag-actualite-43","9":"tag-arts","10":"tag-arts-and-design","11":"tag-arts-et-design","12":"tag-design","13":"tag-divertissement","14":"tag-entertainment","15":"tag-faits-divers-auvergne","16":"tag-fr","17":"tag-france","18":"tag-information-haute-loire","19":"tag-infos-43","20":"tag-journal-haute-loire","21":"tag-la-commere-43"},"share_on_mastodon":{"url":"https:\/\/pubeurope.com\/@fr\/114910384889178744","error":""},"_links":{"self":[{"href":"https:\/\/www.europesays.com\/fr\/wp-json\/wp\/v2\/posts\/271378","targetHints":{"allow":["GET"]}}],"collection":[{"href":"https:\/\/www.europesays.com\/fr\/wp-json\/wp\/v2\/posts"}],"about":[{"href":"https:\/\/www.europesays.com\/fr\/wp-json\/wp\/v2\/types\/post"}],"author":[{"embeddable":true,"href":"https:\/\/www.europesays.com\/fr\/wp-json\/wp\/v2\/users\/2"}],"replies":[{"embeddable":true,"href":"https:\/\/www.europesays.com\/fr\/wp-json\/wp\/v2\/comments?post=271378"}],"version-history":[{"count":0,"href":"https:\/\/www.europesays.com\/fr\/wp-json\/wp\/v2\/posts\/271378\/revisions"}],"wp:featuredmedia":[{"embeddable":true,"href":"https:\/\/www.europesays.com\/fr\/wp-json\/wp\/v2\/media\/271379"}],"wp:attachment":[{"href":"https:\/\/www.europesays.com\/fr\/wp-json\/wp\/v2\/media?parent=271378"}],"wp:term":[{"taxonomy":"category","embeddable":true,"href":"https:\/\/www.europesays.com\/fr\/wp-json\/wp\/v2\/categories?post=271378"},{"taxonomy":"post_tag","embeddable":true,"href":"https:\/\/www.europesays.com\/fr\/wp-json\/wp\/v2\/tags?post=271378"}],"curies":[{"name":"wp","href":"https:\/\/api.w.org\/{rel}","templated":true}]}}