{"id":271380,"date":"2025-07-24T21:41:18","date_gmt":"2025-07-24T21:41:18","guid":{"rendered":"https:\/\/www.europesays.com\/fr\/271380\/"},"modified":"2025-07-24T21:41:18","modified_gmt":"2025-07-24T21:41:18","slug":"olivia-rosenthal-chez-oxymore-a-port-vendres","status":"publish","type":"post","link":"https:\/\/www.europesays.com\/fr\/271380\/","title":{"rendered":"Olivia Rosenthal chez Oxymore \u00e0 Port-Vendres"},"content":{"rendered":"<p><b>Vendredi 25 juillet <\/b>\u00e0 18 h, la librairie Oxymore re\u00e7oit Olivia Rosenthal, autrice de fictions aux \u00e9ditions Verticales, dont On n\u2019est pas l\u00e0 pour dispara\u00eetre (2007, prix Wepler-Fondation La Poste 2007), Que font les rennes apr\u00e8s No\u00ebl ? (2010 ; prix du Livre Inter 2011, prix Alexandre Vialatte 2011), Ils ne sont pour rien dans mes larmes (\u00ab\u00a0Minimales\u00a0\u00bb, 2012), M\u00e9canismes de survie en milieu hostile (2014), Toutes les femmes sont des Aliens (\u00ab\u00a0Minimales\u00a0\u00bb, 2016), \u00c9loge des b\u00e2tards (2019, prix Transfuge 2019) et Un singe \u00e0 ma fen\u00eatre (2022). Son dernier roman, Une femme sur le fil, est tout simplement remarquable : Zo\u00e9 est une enfant poursuivie par un oncle insistant. Elle cherche \u00e0 fuir [\u2026] Entre le r\u00e9cit de Zo\u00e9 et les paroles de funambules sur leur m\u00e9tier, un lien se tisse que l\u2019autrice emprunte \u00e0 son tour, parce qu\u2019en \u00e9crivant, elle avance elle aussi sur un fil, pr\u00eate \u00e0 basculer dans le vide. Ce texte hybride, tant\u00f4t r\u00e9cit, tant\u00f4t essai, parfois making-of, devra malgr\u00e9 ou gr\u00e2ce \u00e0 ses mille d\u00e9rives, aller au bout du chemin et toucher sa cible, racontant par quels moyens Zo\u00e9 r\u00e9ussit \u00e0 se lib\u00e9rer de l\u2019emprise.<\/p>\n<p>1, rue Arago. 06 07 90 03 89.<\/p>\n","protected":false},"excerpt":{"rendered":"Vendredi 25 juillet \u00e0 18 h, la librairie Oxymore re\u00e7oit Olivia Rosenthal, autrice de fictions aux \u00e9ditions Verticales,&hellip;\n","protected":false},"author":2,"featured_media":271381,"comment_status":"","ping_status":"","sticky":false,"template":"","format":"standard","meta":{"footnotes":""},"categories":[1357],"tags":[1379,58,59,1011,27,1380],"class_list":{"0":"post-271380","1":"post","2":"type-post","3":"status-publish","4":"format-standard","5":"has-post-thumbnail","7":"category-livres","8":"tag-books","9":"tag-divertissement","10":"tag-entertainment","11":"tag-fr","12":"tag-france","13":"tag-livres"},"share_on_mastodon":{"url":"https:\/\/pubeurope.com\/@fr\/114910388876631556","error":""},"_links":{"self":[{"href":"https:\/\/www.europesays.com\/fr\/wp-json\/wp\/v2\/posts\/271380","targetHints":{"allow":["GET"]}}],"collection":[{"href":"https:\/\/www.europesays.com\/fr\/wp-json\/wp\/v2\/posts"}],"about":[{"href":"https:\/\/www.europesays.com\/fr\/wp-json\/wp\/v2\/types\/post"}],"author":[{"embeddable":true,"href":"https:\/\/www.europesays.com\/fr\/wp-json\/wp\/v2\/users\/2"}],"replies":[{"embeddable":true,"href":"https:\/\/www.europesays.com\/fr\/wp-json\/wp\/v2\/comments?post=271380"}],"version-history":[{"count":0,"href":"https:\/\/www.europesays.com\/fr\/wp-json\/wp\/v2\/posts\/271380\/revisions"}],"wp:featuredmedia":[{"embeddable":true,"href":"https:\/\/www.europesays.com\/fr\/wp-json\/wp\/v2\/media\/271381"}],"wp:attachment":[{"href":"https:\/\/www.europesays.com\/fr\/wp-json\/wp\/v2\/media?parent=271380"}],"wp:term":[{"taxonomy":"category","embeddable":true,"href":"https:\/\/www.europesays.com\/fr\/wp-json\/wp\/v2\/categories?post=271380"},{"taxonomy":"post_tag","embeddable":true,"href":"https:\/\/www.europesays.com\/fr\/wp-json\/wp\/v2\/tags?post=271380"}],"curies":[{"name":"wp","href":"https:\/\/api.w.org\/{rel}","templated":true}]}}