{"id":271382,"date":"2025-07-24T21:42:23","date_gmt":"2025-07-24T21:42:23","guid":{"rendered":"https:\/\/www.europesays.com\/fr\/271382\/"},"modified":"2025-07-24T21:42:23","modified_gmt":"2025-07-24T21:42:23","slug":"intrigue-casting-tout-savoir-sur-la-serie-evenement-de-tf1-avec-gwendoline-hamon-benjamin-baroche-bruno-debrandt-et-fauve-hautot","status":"publish","type":"post","link":"https:\/\/www.europesays.com\/fr\/271382\/","title":{"rendered":"Intrigue, casting&#8230; Tout savoir sur la s\u00e9rie \u00e9v\u00e9nement de TF1 avec Gwendoline Hamon, Benjamin Baroche, Bruno Debrandt et Fauve Hautot"},"content":{"rendered":"<p>Quatre ans apr\u00e8s sa sortie, <a href=\"https:\/\/www.programme-tv.net\/news\/people\/269191-michel-bussi-rien-ne-tefface-je-ne-dirais-pas-que-jaimerais-etre-le-goldman-de-la-litterature-mais-il-y-a-quelque-chose-de-cet-ordre\/\" data-api-deeplink=\"teleloisirs:\/\/news\/269191\" target=\"_blank\" rel=\"noopener\"><b>Rien ne t&rsquo;efface<\/b>, le roman \u00e0 succ\u00e8s de Michel Bussi,<\/a> \u00e9dit\u00e9 aux Presses de la Cit\u00e9 et vendu \u00e0 plus de 500\u00a0000 exemplaires en France, a \u00e9t\u00e9 adapt\u00e9 en s\u00e9rie pour TF1. Cette fiction s\u2019annonce comme <b>l\u2019un des \u00e9v\u00e9nements t\u00e9l\u00e9vis\u00e9s des prochaines semaines<\/b>. \u00c9crite par Anne Rambach, Marine Rambach et Patrick Renault, avec la participation de Michel Bussi, elle est r\u00e9alis\u00e9e par J\u00e9r\u00f4me Cornuau, \u00e0 qui l&rsquo;on doit notamment<a href=\"https:\/\/www.programme-tv.net\/news\/series-tv\/70991-barbara-schulz-le-mystere-du-lac-sur-tf1-la-france-m-enervait-video\/\" data-api-deeplink=\"teleloisirs:\/\/news\/70991\" target=\"_blank\" rel=\"noopener\"> Le Myst\u00e8re du lac,<\/a><a href=\"https:\/\/www.programme-tv.net\/news\/series-tv\/165215-julie-de-bona-le-tueur-du-lac-est-une-toute-nouvelle-mini-serie-apres-le-mystere-du-lac-video\/\" data-api-deeplink=\"teleloisirs:\/\/news\/165215\" target=\"_blank\" rel=\"noopener\"> Le Tueur du lac <\/a>et <a href=\"https:\/\/www.programme-tv.net\/news\/series-tv\/235157-peur-sur-le-lac-tf1-date-intrigues-acteurs-tout-savoir-sur-la-suite-du-tueur-du-lac\/\" data-api-deeplink=\"teleloisirs:\/\/news\/235157\" target=\"_blank\" rel=\"noopener\">Peur sur le lac <\/a>sur TF1, et plus r\u00e9cemment le t\u00e9l\u00e9film <a href=\"https:\/\/www.programme-tv.net\/news\/series-tv\/335633-respire-lhistoire-vraie-de-tessae-qui-a-inspire-le-telefilm-diffuse-ce-mardi-12-septembre-sur-m6\/\" data-api-deeplink=\"teleloisirs:\/\/news\/335633\" target=\"_blank\" rel=\"noopener\">Respire sur M6<\/a>. D\u00e9couvrez toutes les infos sur cette s\u00e9rie tr\u00e8s attendue, dont TF1 a r\u00e9cemment d\u00e9voil\u00e9 la bande-annonce.<\/p>\n<p><b>Rien ne t&rsquo;efface<\/b><b>\u00a0: De quoi parle la s\u00e9rie \u00e9v\u00e9nement de TF1 adapt\u00e9e du roman de Michel Bussi ?<\/b><\/p>\n<p>Dix ans apr\u00e8s la mort tragique de son fils Esteban, Maddi croise la route de Tom, un jeune gar\u00e7on qui lui ressemble physiquement de fa\u00e7on troublante. Boulevers\u00e9e, elle quitte son Pays basque natal pour s\u2019installer en Auvergne, l\u00e0 o\u00f9 vit l\u2019enfant. Tr\u00e8s vite, elle d\u00e9couvre que Tom partage non seulement des traits physiques avec Esteban, mais aussi certains de ses souvenirs\u2026 comme s\u2019il avait acc\u00e8s \u00e0 une m\u00e9moire qui ne lui appartenait pas. Lorsqu\u2019une s\u00e9rie de meurtres vient \u00e9branler cette r\u00e9gion tranquille, Maddi se retrouve face \u00e0 une terrible question\u00a0: et si tout \u00e9tait li\u00e9\u00a0? Qui est vraiment Tom\u00a0? Quel lien myst\u00e9rieux l\u2019unit \u00e0 son fils disparu\u00a0?<\/p>\n<p>                        <b>Rien ne t&rsquo;efface<\/b><b>\u00a0: Benjamin Baroche, Fauve Hautot\u2026 Quelle est la distribution de la s\u00e9rie \u00e9v\u00e9nement de TF1\u00a0?<\/b><\/p>\n<p>C\u2019est Gwendoline Hamon, la star de Cassandre, qui incarne le premier r\u00f4le Maddi. Elle donne la r\u00e9plique notamment \u00e0 Benjamin Baroche et Samy Gharbi. Le casting r\u00e9unit \u00e9galement Fauve Hautot, jur\u00e9e de Danse avec les stars, dont <a href=\"https:\/\/www.programme-tv.net\/news\/series-tv\/377714-rien-ne-t-efface-on-a-vu-le-premier-episode-de-la-serie-avec-gwendoline-hamon-fauve-hautot-et-benjamin-baroche-adaptee-du-best-seller-de-michel-bussi-notre-avis\/\" data-api-deeplink=\"teleloisirs:\/\/news\/377714\" target=\"_blank\" rel=\"noopener\">le duo fonctionne \u00e0 merveille avec Bruno Debrandt<\/a>, ainsi que <a href=\"https:\/\/www.programme-tv.net\/biographie\/152308-bonaventura-flore\/\" data-link-people=\"4ac6360e-72ec-43f9-b531-247a55ae59bf\" target=\"_blank\" rel=\"noopener\">Flore Bonaventura<\/a>, <a href=\"https:\/\/www.programme-tv.net\/biographie\/67049-gautry-lannick\/\" data-link-people=\"6a1d95f5-f3ab-43e2-b764-5f9b0ccc7d82\" target=\"_blank\" rel=\"noopener\">Lannick Gautry<\/a>, <a href=\"https:\/\/www.programme-tv.net\/biographie\/116373-madenian-mathieu\/\" data-link-people=\"ae829438-3bef-43ee-bed4-ac51a3ed511a\" target=\"_blank\" rel=\"noopener\">Mathieu Mad\u00e9nian<\/a>, <a href=\"https:\/\/www.programme-tv.net\/biographie\/2294623-mittelstadt-mikael\/\" data-link-people=\"a9fc6a5d-d287-47ae-8e6e-56265d00197d\" target=\"_blank\" rel=\"noopener\">Mika\u00ebl Mittelstadt<\/a> ou encore <a href=\"https:\/\/www.programme-tv.net\/biographie\/4640-cottencon-fanny\/\" data-link-people=\"22710994-9e2f-4c6c-b535-dbdda18a8fa0\" target=\"_blank\" rel=\"noopener\">Fanny Cotten\u00e7on<\/a>.<\/p>\n<p><b>Rien ne t&rsquo;efface<\/b><b>\u00a0: O\u00f9 a \u00e9t\u00e9 tourn\u00e9e la s\u00e9rie de TF1\u00a0?<\/b><\/p>\n<p>Une place de village, la fa\u00e7ade blanche d\u2019une mairie fleurie de g\u00e9raniums rouges, une cour pav\u00e9e&#8230; Le r\u00e9alisateur <a href=\"https:\/\/www.programme-tv.net\/news\/series-tv\/358255-un-tres-gros-challenge-pour-moi-benjamin-baroche-ici-tout-commence-se-confie-sur-son-nouveau-personnage-bien-loin-de-teyssier\/\" data-api-deeplink=\"teleloisirs:\/\/news\/358255\" target=\"_blank\" rel=\"noopener\">J\u00e9r\u00f4me Cornuau a notamment tourn\u00e9 <b>Rien ne t\u2019efface<\/b><\/a>, la mini-s\u00e9rie coproduite par Dominique Farrugia, \u00e0 Saint Saturnin, au c\u0153ur du Massif central. Une partie du tournage avec Gwendoline Hamon et Benjamin Baroche a \u00e9galement eu lieu au Pays basque, notamment pour les sc\u00e8nes d&rsquo;ouverture de la s\u00e9rie.<\/p>\n<p>            <b>Rien ne t&rsquo;efface<\/b><b> : Combien d\u2019\u00e9pisodes compte la s\u00e9rie ?<\/b><\/p>\n<p>Comme Broc\u00e9liande, Rien ne t&rsquo;efface se compose de six \u00e9pisodes de 52 minutes. Le premier a \u00e9t\u00e9 pr\u00e9sent\u00e9 <a href=\"https:\/\/www.programme-tv.net\/news\/people\/377674-fauve-hautot-gwendoline-hamon-benjamin-baroche-le-casting-ultra-glamour-de-rien-ne-t-efface-electrise-le-tapis-rose-de-canneseries-photos\/\" data-api-deeplink=\"teleloisirs:\/\/news\/377674\" target=\"_blank\" rel=\"noopener\">en avant-premi\u00e8re au Festival CANNESERIES<\/a>, le dimanche 27 avril, en pr\u00e9sence de <a href=\"https:\/\/www.programme-tv.net\/biographie\/12891-hamon-gwendoline\/\" data-link-people=\"fd8403c5-c591-4aea-be0f-b5a4bacf9346\" target=\"_blank\" rel=\"noopener\">Gwendoline Hamon<\/a>, Fauve Hautot, Benjamin Baroche, <a href=\"https:\/\/www.programme-tv.net\/biographie\/99256-gharbi-samy\/\" data-link-people=\"3a58756f-0df6-4691-a535-6a803af0d5f1\" target=\"_blank\" rel=\"noopener\">Samy Gharbi<\/a>, du r\u00e9alisateur J\u00e9r\u00f4me Cornuau, des auteurs Anne et Marine Rambach ainsi que de Patrick Renault, du romancier Michel Bussi, du producteur <a href=\"https:\/\/www.programme-tv.net\/biographie\/3377-farrugia-dominique\/\" data-link-people=\"6e28e596-dd23-4328-99f2-6eef1150875f\" target=\"_blank\" rel=\"noopener\">Dominique Farrugia<\/a> (Shine Fiction), et d\u2019Anne Didier, directrice artistique de la fiction fran\u00e7aise du groupe TF1.<\/p>\n<blockquote class=\"twitter-tweet\">\n<p lang=\"fr\" dir=\"ltr\"><a href=\"https:\/\/twitter.com\/hashtag\/EVENEMENT?src=hash&amp;ref_src=twsrc%5Etfw\" target=\"_blank\" rel=\"noopener\">#EVENEMENT<\/a><\/p>\n<p>Rien ne t&rsquo;efface, votre nouvelle s\u00e9rie adapt\u00e9 du roman de Michel Bussi.<\/p>\n<p>\ud83d\udcfa PROCHAINEMENT SUR <a href=\"https:\/\/twitter.com\/hashtag\/TF1?src=hash&amp;ref_src=twsrc%5Etfw\" target=\"_blank\" rel=\"noopener\">#TF1<\/a>. <a href=\"https:\/\/t.co\/TmwGIE8UqV\">pic.twitter.com\/TmwGIE8UqV<\/a><\/p>\n<p>\u2014 TF1_programmes_evenements (@TF1PROEvenement) <a href=\"https:\/\/twitter.com\/TF1PROEvenement\/status\/1944496070056186255?ref_src=twsrc%5Etfw\" target=\"_blank\" rel=\"noopener\">July 13, 2025<\/a><\/p><\/blockquote>\n<p>    <script async src=\"https:\/\/platform.twitter.com\/widgets.js\" charset=\"utf-8\"><\/script><\/p>\n","protected":false},"excerpt":{"rendered":"Quatre ans apr\u00e8s sa sortie, Rien ne t&rsquo;efface, le roman \u00e0 succ\u00e8s de Michel Bussi, \u00e9dit\u00e9 aux Presses&hellip;\n","protected":false},"author":2,"featured_media":271383,"comment_status":"","ping_status":"","sticky":false,"template":"","format":"standard","meta":{"footnotes":""},"categories":[1356],"tags":[1727,244,58,59,4828,1011,27,15911,41096,4581,4582,252,199,1364,15912],"class_list":{"0":"post-271382","1":"post","2":"type-post","3":"status-publish","4":"format-standard","5":"has-post-thumbnail","7":"category-television","8":"tag-benjamin-baroche","9":"tag-commentaire","10":"tag-divertissement","11":"tag-entertainment","12":"tag-fauve-hautot","13":"tag-fr","14":"tag-france","15":"tag-guid_6232409685001","16":"tag-rien-ne-tefface","17":"tag-story","18":"tag-tel","19":"tag-television","20":"tag-tf1","21":"tag-tv","22":"tag-uuid_31e02bc5-cb67-4304-a9fd-4bf129faa756"},"share_on_mastodon":{"url":"https:\/\/pubeurope.com\/@fr\/114910392732222873","error":""},"_links":{"self":[{"href":"https:\/\/www.europesays.com\/fr\/wp-json\/wp\/v2\/posts\/271382","targetHints":{"allow":["GET"]}}],"collection":[{"href":"https:\/\/www.europesays.com\/fr\/wp-json\/wp\/v2\/posts"}],"about":[{"href":"https:\/\/www.europesays.com\/fr\/wp-json\/wp\/v2\/types\/post"}],"author":[{"embeddable":true,"href":"https:\/\/www.europesays.com\/fr\/wp-json\/wp\/v2\/users\/2"}],"replies":[{"embeddable":true,"href":"https:\/\/www.europesays.com\/fr\/wp-json\/wp\/v2\/comments?post=271382"}],"version-history":[{"count":0,"href":"https:\/\/www.europesays.com\/fr\/wp-json\/wp\/v2\/posts\/271382\/revisions"}],"wp:featuredmedia":[{"embeddable":true,"href":"https:\/\/www.europesays.com\/fr\/wp-json\/wp\/v2\/media\/271383"}],"wp:attachment":[{"href":"https:\/\/www.europesays.com\/fr\/wp-json\/wp\/v2\/media?parent=271382"}],"wp:term":[{"taxonomy":"category","embeddable":true,"href":"https:\/\/www.europesays.com\/fr\/wp-json\/wp\/v2\/categories?post=271382"},{"taxonomy":"post_tag","embeddable":true,"href":"https:\/\/www.europesays.com\/fr\/wp-json\/wp\/v2\/tags?post=271382"}],"curies":[{"name":"wp","href":"https:\/\/api.w.org\/{rel}","templated":true}]}}