{"id":271394,"date":"2025-07-24T21:48:21","date_gmt":"2025-07-24T21:48:21","guid":{"rendered":"https:\/\/www.europesays.com\/fr\/271394\/"},"modified":"2025-07-24T21:48:21","modified_gmt":"2025-07-24T21:48:21","slug":"comment-installer-ios-26-beta-sur-son-iphone-des-aujourdhui-y-a-t-il-des-bugs","status":"publish","type":"post","link":"https:\/\/www.europesays.com\/fr\/271394\/","title":{"rendered":"Comment installer iOS 26 b\u00eata sur son iPhone d\u00e8s aujourd&rsquo;hui ? Y a-t-il des bugs ?"},"content":{"rendered":"<p>Une semaine apr\u00e8s la sortie d\u2019une troisi\u00e8me b\u00eata pour les d\u00e9veloppeurs, Apple annonce la publication d\u2019une pr\u00e9version d\u2019iOS 26 pour le grand public. Les propri\u00e9taires d\u2019iPhone et d\u2019iPad peuvent essayer d\u00e8s aujourd\u2019hui le nouveau design Liquid Glass dans les tous prochains jours, s\u2019ils sont pr\u00eats \u00e0 vivre avec quelques bugs. <\/p>\n<p>Vous avez h\u00e2te de d\u00e9couvrir le nouveau design de l\u2019iPhone ? Le <a href=\"https:\/\/www.numerama.com\/tech\/1990169-dans-les-coulisses-du-redesign-dios-le-liquid-glass-dapple-est-concu-pour-lavenir.html\" target=\"_blank\" rel=\"noopener\">Liquid Glass<\/a>, bien que d\u00e9cri\u00e9 par certains, est une \u00e9volution majeure d\u2019iOS. Il est une raison \u00e0 part enti\u00e8re d\u2019installer la mise \u00e0 jour <a href=\"https:\/\/www.numerama.com\/tech\/1978509-ios-26-nouveautes-date-de-sortie-iphone-compatibles-tout-sur-la-mise-a-jour.html\" data-type=\"post\" data-id=\"1978509\" target=\"_blank\" rel=\"noopener\">iOS 26<\/a>, en plus de nouvelles fonctions comme AudioMix dans Apple Music ou la nouvelle interface de Messages. iOS 26 est une mise \u00e0 jour qui va beaucoup faire parler lors de sa sortie en septembre.<\/p>\n<p>Comme tous les \u00e9t\u00e9s depuis plusieurs ann\u00e9es, Apple propose une b\u00eata publique de son futur syst\u00e8me d\u2019exploitation, pour que les curieux puissent l\u2019installer en avant-premi\u00e8re. iOS 26 b\u00eata est disponible au t\u00e9l\u00e9chargement depuis le 24 juillet 2025.<\/p>\n<\/p>\n<p>            Ce contenu est bloqu\u00e9 car vous n\u2019avez pas accept\u00e9 les cookies et autres traceurs. Ce contenu est fourni par YouTube.<br \/>Pour pouvoir le visualiser, vous devez accepter l\u2019usage \u00e9tant op\u00e9r\u00e9 par YouTube avec vos donn\u00e9es qui pourront \u00eatre utilis\u00e9es pour les finalit\u00e9s suivantes : vous permettre de visualiser et de partager des contenus avec des m\u00e9dias sociaux, favoriser le d\u00e9veloppement et l\u2019am\u00e9lioration des produits d\u2019Humanoid et de ses partenaires, vous afficher des publicit\u00e9s personnalis\u00e9es par rapport \u00e0 votre profil et activit\u00e9, vous d\u00e9finir un profil publicitaire personnalis\u00e9, mesurer la performance des publicit\u00e9s et du contenu de ce site et mesurer l\u2019audience de ce site <a href=\"#\" class=\"js-privacy\" target=\"_blank\">(en savoir plus)<\/a>        <\/p>\n<p>            En cliquant sur \u00ab J\u2019accepte tout \u00bb, vous consentez aux finalit\u00e9s susmentionn\u00e9es pour l\u2019ensemble des cookies et autres traceurs d\u00e9pos\u00e9s par Humanoid et <a class=\"embed-consent-overlay-vendors-link\" href=\"#preferences-vendeurs\">ses partenaires<\/a>.        <\/p>\n<p>            Vous gardez la possibilit\u00e9 de retirer votre consentement \u00e0 tout moment. Pour plus d\u2019informations, nous vous invitons \u00e0 prendre connaissance de notre <a href=\"https:\/\/www.numerama.com\/politique-cookies\" target=\"_blank\" rel=\"noopener\">Politique cookies<\/a>.        <\/p>\n<p>        J\u2019accepte tout    <\/p>\n<p class=\"embed-consent-overlay-manage-choices\">        <a href=\"#preferences-publicitaires\">G\u00e9rer mes choix<\/a>    <\/p>\n<p>La b\u00eata publique d\u2019iOS 26 est-elle stable ? <\/p>\n<p>Premi\u00e8re chose importante : <strong>une b\u00eata d\u2019un syst\u00e8me d\u2019exploitation n\u2019est jamais aussi stable qu\u2019une version finale<\/strong>. Apple publie une b\u00eata publique lorsqu\u2019il pense que son nouvel iOS est suffisament stable pour un usage au quotidien, mais ne garantit pas l\u2019abscence de bugs. <strong>N\u2019installez pas iOS 26 b\u00eata sur votre iPhone sur un appareil dont vous avez vraiment besoin<\/strong>. <\/p>\n<p>Cela dit, la b\u00eata 4 dev d\u2019iOS 26, que Numerama teste depuis le 22 juillet, est largement meilleure que les trois premi\u00e8res. La batterie revient presque \u00e0 la normale avec une stabilit\u00e9 accrue. Attendez-vous malgr\u00e9 tout \u00e0 de petits bugs de temps en temps.<\/p>\n<p>Comment installer iOS 26 b\u00eata publique sur son iPhone ? <\/p>\n<p>Pour installer iOS 26 b\u00eata, voil\u00e0 ce qu\u2019il faut faire : <\/p>\n<p>                <img decoding=\"async\" width=\"1024\" height=\"396\" loading=\"lazy\" alt=\"BIT BOX 3\" title=\"BIT BOX 3\" class=\"is-block placeholder-default wp-image\" src=\"https:\/\/www.europesays.com\/fr\/wp-content\/uploads\/2025\/07\/bit-box-3-1024x396.jpg\" \/>            <\/p>\n<p>\n                    Vos donn\u00e9es m\u00e9ritent d\u2019\u00eatre mieux prot\u00e9g\u00e9es.                <\/p>\n<p>\n                    Les escroqueries, les virus et les ransomwares ne sont plus une fatalit\u00e9. Prot\u00e9gez votre vie priv\u00e9e et vos donn\u00e9es personnelles avec Bitdefender et profitez de votre vie num\u00e9rique en toute s\u00e9r\u00e9nit\u00e9.                <\/p>\n<p>\u00c9tape 1 : sauvegarder son appareil<\/p>\n<p>Premi\u00e8re \u00e9tape indispensable : sauvegarder votre iPhone. L\u2019option la plus simple est de vous rendre dans\u00a0<strong>R\u00e9glages<\/strong>, de toucher\u00a0<strong>votre nom\u00a0en haut de l\u2019\u00e9cran<\/strong>, de choisir\u00a0<strong>iCloud<\/strong>\u00a0puis\u00a0<strong>Sauvegarde iCloud<\/strong>. Vous n\u2019aurez pas besoin de la sauvegarde dans la plupart des cas, mais, en cas de bug durant l\u2019installation, celle-ci pourrait s\u2019av\u00e9rer cruciale.<\/p>\n<p><a href=\"https:\/\/www.numerama.com\/wp-content\/uploads\/2023\/07\/sauvegarde-icloud.jpg\" target=\"_blank\" rel=\"noopener\"><img decoding=\"async\" width=\"1024\" height=\"738\" loading=\"lazy\" alt=\"Les \u00e9tapes pour effectuer une sauvegarde iCloud sur iOS.\" title=\"Les \u00e9tapes pour effectuer une sauvegarde iCloud sur iOS.\" class=\"wp-image-1444066 placeholder-default wp-image\" src=\"https:\/\/www.europesays.com\/fr\/wp-content\/uploads\/2025\/07\/sauvegarde-icloud-1024x738.jpg\" \/><\/a>Les \u00e9tapes pour effectuer une sauvegarde iCloud sur iOS. \/\/ Source : Numerama<\/p>\n<p>Si vous n\u2019avez pas assez de stockage iCloud, vous pouvez proc\u00e9der \u00e0 une sauvegarde sur votre ordinateur depuis le\u00a0<strong>Finder<\/strong> sur Mac ou l\u2019application\u00a0<strong>Appareils Apple<\/strong> sur Windows. <\/p>\n<p>    Pour aller plus loin<\/p>\n<p>                <img decoding=\"async\" width=\"87\" height=\"87\" loading=\"lazy\" alt=\"Sauvegarder un iPhone est important. \/\/ Source : Numerama\" title=\"Sauvegarder un iPhone est important. \/\/ Source : Numerama\" class=\"placeholder-default wp-image\" src=\"https:\/\/www.europesays.com\/fr\/wp-content\/uploads\/2025\/07\/backup-iphone-200x200.jpg\" \/>            <\/p>\n<p>\u00c9tape 2 : rejoindre le programme b\u00eata d\u2019iOS 26<\/p>\n<p>Autre \u00e9tape obligatoire : s\u2019inscrire au programme b\u00eata d\u2019Apple. <\/p>\n<p>Rendez-vous sur le site\u00a0<a href=\"http:\/\/beta.apple.com\/\" target=\"_blank\" rel=\"noreferrer noopener\">beta.apple.com<\/a>\u00a0et s\u00e9lectionnez l\u2019option <strong>S\u2019inscrire<\/strong>. Il faut se connecter avec l\u2019identifiant Apple associ\u00e9 \u00e0 son\u00a0<a href=\"https:\/\/www.numerama.com\/tech\/712919-meilleurs-smartphones-guide-achat.html\" target=\"_blank\" rel=\"noopener\">t\u00e9l\u00e9phone<\/a>, puis accepter les conditions g\u00e9n\u00e9rales affich\u00e9es \u00e0 l\u2019\u00e9cran.<\/p>\n<p><img decoding=\"async\" width=\"1024\" height=\"688\" loading=\"lazy\" alt=\"Screenshot 2025-07-08 at 09.45.36\" title=\"Le site beta.apple.com\" class=\"wp-image-2029287 placeholder-default wp-image\" src=\"https:\/\/www.europesays.com\/fr\/wp-content\/uploads\/2025\/07\/screenshot-2025-07-08-at-094536-1024x688.jpg\" \/>Le site beta.apple.com \/\/ Source : Numerama<\/p>\n<p>\u00c0 noter que cette \u00e9tape d\u00e9bloque toutes les b\u00eatas. Vous pourrez aussi installer iPadOS 26, watchOS 26 ou macOS Tahoe 26 sur vos autres appareils. <\/p>\n<p>\u00c9tape 3 : installer iOS 26 sur son iPhone<\/p>\n<p>Pour installer iOS 26, rendez-vous dans l\u2019application<strong>\u00a0R\u00e9glages<\/strong>. Allez dans\u00a0<strong>G\u00e9n\u00e9ral<\/strong>, choisissez\u00a0<strong>Mise \u00e0 jour logicielle<\/strong>\u00a0et attendez que le sous-menu\u00a0<strong>\u00ab\u00a0Mise \u00e0 jour b\u00eata \u00bb<\/strong>\u00a0apparaisse sous l\u2019option \u00ab M\u00c0J automatiques \u00bb (s\u2019il n\u2019appara\u00eet pas, revenez en arri\u00e8re et r\u00e9essayez). S\u00e9lectionnez-le, et vous devriez voir l\u2019option\u00a0<strong>iOS 26 Public Beta<\/strong>. Apr\u00e8s l\u2019avoir s\u00e9lectionn\u00e9e, touchez\u00a0<strong>Retour<\/strong>\u00a0et iOS 26 sera propos\u00e9 au t\u00e9l\u00e9chargement.<\/p>\n<p><a href=\"https:\/\/www.numerama.com\/wp-content\/uploads\/2024\/07\/ios-18-install.jpg\" target=\"_blank\" rel=\"noopener\"><img decoding=\"async\" width=\"1024\" height=\"737\" loading=\"lazy\" alt=\"Pour activer iOS 18 b\u00eata, rendez-vous dans les r\u00e9glages.\" title=\"Pour activer iOS 18 b\u00eata, rendez-vous dans les r\u00e9glages.\" class=\"wp-image-1776144 placeholder-default wp-image\" src=\"https:\/\/www.europesays.com\/fr\/wp-content\/uploads\/2025\/07\/ios-18-install-1024x737.jpg\" \/><\/a>L\u2019installation d\u2019iOS 18 b\u00eata en 2024. \/\/ Source : Numerama<\/p>\n<p>L\u2019installation prendra entre 20 et 40 minutes en fonction de votre connexion. Le t\u00e9l\u00e9chargement devrait d\u00e9passer les 10 Go. <\/p>\n<p>Quels sont les iPhone compatibles avec iOS 26 ?<\/p>\n<p>Tous les iPhone \u00e0 partir de l\u2019iPhone 11 peuvent installer iOS 26. Les iPhone SE de 2020 et 2022 y ont aussi droit. <\/p>\n<p>    Pour aller plus loin<\/p>\n<p>                <img decoding=\"async\" width=\"87\" height=\"87\" loading=\"lazy\" alt=\"WWDC 2025 \u2014 June 9 _ Apple 16-21 screenshot\" title=\"WWDC 2025 \u2014 June 9 _ Apple 16-21 screenshot\" class=\"placeholder-default wp-image\" src=\"https:\/\/www.europesays.com\/fr\/wp-content\/uploads\/2025\/07\/wwdc-2025-june-9-apple-16-21-screenshot-200x200.jpg\" \/>            <\/p>\n<p>Quand sortira la version finale d\u2019iOS 26 ?<\/p>\n<p>Les testeurs de la b\u00eata publique d\u2019iOS 26 recevront une nouvelle version approximativement tous les 14 jours, avec des mises \u00e0 jour plus r\u00e9guli\u00e8res \u00e0 la fin du cycle. La \u00ab release candidate \u00bb arrivera le soir de l\u2019annonce de l\u2019<a href=\"https:\/\/www.numerama.com\/tech\/1926689-iphone-17-toutes-les-infos-apple.html\" data-type=\"post\" data-id=\"1926689\" target=\"_blank\" rel=\"noopener\">iPhone 17<\/a>, en septembre. Elle devrait \u00eatre identique \u00e0 la version finale. <\/p>\n<p>Les personnes qui ne veulent pas entendre parler d\u2019une b\u00eata devront attendre mi-septembre, lors du lancement de la version finale d\u2019iOS 26. <\/p>\n<p>Peut-on revenir \u00e0 iOS 18 si la b\u00eata est trop bugg\u00e9e ? <\/p>\n<p>Oui, mais ce n\u2019est pas facile. Pour revenir \u00e0 iOS 18, il faudra imp\u00e9rativement r\u00e9initialiser son iPhone depuis un Mac ou un PC, pour revenir \u00e0 la configuration d\u2019usine. D\u2019o\u00f9 l\u2019importance de sauvegarder son appareil : sans sauvegarde r\u00e9cente sous iOS 18, impossible de retrouver ses donn\u00e9es dans iOS 18. <\/p>\n<p>            <img decoding=\"async\" src=\"https:\/\/www.europesays.com\/fr\/wp-content\/uploads\/2025\/04\/iPhone-16-pro.png\" alt=\"Toute l'actu tech en un clien d'oeil\"\/><\/p>\n<p class=\"card-install-pwa__title\">Toute l&rsquo;actu tech en un clin d&rsquo;\u0153il<\/p>\n<p class=\"card-install-pwa__description\">Ajoutez Numerama \u00e0 votre \u00e9cran d&rsquo;accueil et restez connect\u00e9s au futur !<\/p>\n<p>            <img decoding=\"async\" src=\"https:\/\/www.numerama.com\/wp-content\/themes\/numerama-next\/assets\/images\/premium\/logo-card-pwa-coupe.svg\" alt=\"Logo PWA\"\/><\/p>\n<p>       Installer Numerama<\/p>\n","protected":false},"excerpt":{"rendered":"Une semaine apr\u00e8s la sortie d\u2019une troisi\u00e8me b\u00eata pour les d\u00e9veloppeurs, Apple annonce la publication d\u2019une pr\u00e9version d\u2019iOS&hellip;\n","protected":false},"author":2,"featured_media":271395,"comment_status":"","ping_status":"","sticky":false,"template":"","format":"standard","meta":{"footnotes":""},"categories":[7],"tags":[733,26054,41105,1011,27,41106,28923,43,40,41,39,42,44,742,26136],"class_list":{"0":"post-271394","1":"post","2":"type-post","3":"status-publish","4":"format-standard","5":"has-post-thumbnail","7":"category-sciences-et-technologies","8":"tag-apple","9":"tag-apple-iphone","10":"tag-beta","11":"tag-fr","12":"tag-france","13":"tag-how-to","14":"tag-ios-26","15":"tag-science","16":"tag-science-and-technology","17":"tag-sciences","18":"tag-sciences-et-technologies","19":"tag-technologies","20":"tag-technology","21":"tag-update","22":"tag-wwdc-2025"},"share_on_mastodon":{"url":"https:\/\/pubeurope.com\/@fr\/114910416556269939","error":""},"_links":{"self":[{"href":"https:\/\/www.europesays.com\/fr\/wp-json\/wp\/v2\/posts\/271394","targetHints":{"allow":["GET"]}}],"collection":[{"href":"https:\/\/www.europesays.com\/fr\/wp-json\/wp\/v2\/posts"}],"about":[{"href":"https:\/\/www.europesays.com\/fr\/wp-json\/wp\/v2\/types\/post"}],"author":[{"embeddable":true,"href":"https:\/\/www.europesays.com\/fr\/wp-json\/wp\/v2\/users\/2"}],"replies":[{"embeddable":true,"href":"https:\/\/www.europesays.com\/fr\/wp-json\/wp\/v2\/comments?post=271394"}],"version-history":[{"count":0,"href":"https:\/\/www.europesays.com\/fr\/wp-json\/wp\/v2\/posts\/271394\/revisions"}],"wp:featuredmedia":[{"embeddable":true,"href":"https:\/\/www.europesays.com\/fr\/wp-json\/wp\/v2\/media\/271395"}],"wp:attachment":[{"href":"https:\/\/www.europesays.com\/fr\/wp-json\/wp\/v2\/media?parent=271394"}],"wp:term":[{"taxonomy":"category","embeddable":true,"href":"https:\/\/www.europesays.com\/fr\/wp-json\/wp\/v2\/categories?post=271394"},{"taxonomy":"post_tag","embeddable":true,"href":"https:\/\/www.europesays.com\/fr\/wp-json\/wp\/v2\/tags?post=271394"}],"curies":[{"name":"wp","href":"https:\/\/api.w.org\/{rel}","templated":true}]}}