{"id":271396,"date":"2025-07-24T21:49:16","date_gmt":"2025-07-24T21:49:16","guid":{"rendered":"https:\/\/www.europesays.com\/fr\/271396\/"},"modified":"2025-07-24T21:49:16","modified_gmt":"2025-07-24T21:49:16","slug":"starlink-le-service-de-connexion-par-satellite-affronte-une-panne-mondiale","status":"publish","type":"post","link":"https:\/\/www.europesays.com\/fr\/271396\/","title":{"rendered":"Starlink, le service de connexion par satellite, affronte une panne mondiale"},"content":{"rendered":"<p><strong>Un peu partout dans le monde des abonn\u00e9s \u00e0 Starlink <a href=\"https:\/\/www.reddit.com\/r\/Starlink\/comments\/1m8dlr8\/starlink_down_for_you_guys\/\" rel=\"nofollow noopener\" target=\"_blank\">font \u00e9tat<\/a> ce soir d&rsquo;une panne de leur connexion<\/strong>. Le <a rel=\"nofollow noopener\" href=\"https:\/\/www.starlink.com\" target=\"_blank\">site du service<\/a> de connexion satellitaire \u00e0 internet d&rsquo;Elon Musk confirmait le probl\u00e8me par un bandeau d&rsquo;information et puis le site a cess\u00e9 de r\u00e9pondre lui aussi. Le bandeau indiquait\u00a0:\u00a0\u00ab\u00a0Starlink conna\u00eet actuellement une panne de service. Notre \u00e9quipe effectue des recherches.\u00a0\u00bb<\/p>\n<p><img decoding=\"async\" loading=\"lazy\" src=\"https:\/\/www.europesays.com\/fr\/wp-content\/uploads\/2025\/07\/mg-3962bc68-w828-w1290.jpg\"   data-jslghtbx=\"\"\/>Image MacGeneration<\/p>\n<p>Downdetector <a href=\"https:\/\/downdetector.com\/status\/starlink\/\" rel=\"nofollow noopener\" target=\"_blank\">montre<\/a> un d\u00e9but de probl\u00e8me un peu avant 21h et la courbe du nombre de personnes concern\u00e9es s&rsquo;est brusquement \u00e9lev\u00e9e, atteignant les 55\u00a0000 utilisateurs. \u00c9videmment certains s&rsquo;en donnent \u00e0 c\u0153ur joie sur X\u2026<\/p>\n<blockquote class=\"twitter-tweet\">\n<p lang=\"en\" dir=\"ltr\">Elon Musk at Starlink right now <a href=\"https:\/\/t.co\/IKtXlzY9ej\" rel=\"nofollow\">pic.twitter.com\/IKtXlzY9ej<\/a><\/p>\n<p>\u2014 Meaty (@BigMeatyFrick) <a href=\"https:\/\/twitter.com\/BigMeatyFrick\/status\/1948468984291967375?ref_src=twsrc%5Etfw\" rel=\"nofollow noopener\" target=\"_blank\">July 24, 2025<\/a><\/p><\/blockquote>\n<p><a href=\"https:\/\/www.macg.co\/services\/2025\/07\/starlink-veut-muscler-son-reseau-des-2026-avec-1-tbs-par-satellite-302663\" class=\"related-article macg\" rel=\"nofollow noopener\" target=\"_blank\"> <img decoding=\"async\" src=\"https:\/\/www.europesays.com\/fr\/wp-content\/uploads\/2025\/07\/mga-62f8c9f6-w375-w1500-w750_accroche.jpg\" alt=\"Starlink veut muscler son r\u00e9seau d\u00e8s 2026, avec 1 Tb\/s par satellite\"\/> <\/p>\n<p class=\"\">Starlink veut muscler son r\u00e9seau d\u00e8s 2026, avec 1 Tb\/s par satellite<\/p>\n<p><\/a><\/p>\n<p><script async src=\"https:\/\/platform.twitter.com\/widgets.js\" charset=\"utf-8\"><\/script><\/p>\n","protected":false},"excerpt":{"rendered":"Un peu partout dans le monde des abonn\u00e9s \u00e0 Starlink font \u00e9tat ce soir d&rsquo;une panne de leur&hellip;\n","protected":false},"author":2,"featured_media":271397,"comment_status":"","ping_status":"","sticky":false,"template":"","format":"standard","meta":{"footnotes":""},"categories":[6],"tags":[35,33,34,1011,27,4314],"class_list":{"0":"post-271396","1":"post","2":"type-post","3":"status-publish","4":"format-standard","5":"has-post-thumbnail","7":"category-economie","8":"tag-business","9":"tag-economie","10":"tag-economy","11":"tag-fr","12":"tag-france","13":"tag-starlink"},"share_on_mastodon":{"url":"https:\/\/pubeurope.com\/@fr\/114910420252948926","error":""},"_links":{"self":[{"href":"https:\/\/www.europesays.com\/fr\/wp-json\/wp\/v2\/posts\/271396","targetHints":{"allow":["GET"]}}],"collection":[{"href":"https:\/\/www.europesays.com\/fr\/wp-json\/wp\/v2\/posts"}],"about":[{"href":"https:\/\/www.europesays.com\/fr\/wp-json\/wp\/v2\/types\/post"}],"author":[{"embeddable":true,"href":"https:\/\/www.europesays.com\/fr\/wp-json\/wp\/v2\/users\/2"}],"replies":[{"embeddable":true,"href":"https:\/\/www.europesays.com\/fr\/wp-json\/wp\/v2\/comments?post=271396"}],"version-history":[{"count":0,"href":"https:\/\/www.europesays.com\/fr\/wp-json\/wp\/v2\/posts\/271396\/revisions"}],"wp:featuredmedia":[{"embeddable":true,"href":"https:\/\/www.europesays.com\/fr\/wp-json\/wp\/v2\/media\/271397"}],"wp:attachment":[{"href":"https:\/\/www.europesays.com\/fr\/wp-json\/wp\/v2\/media?parent=271396"}],"wp:term":[{"taxonomy":"category","embeddable":true,"href":"https:\/\/www.europesays.com\/fr\/wp-json\/wp\/v2\/categories?post=271396"},{"taxonomy":"post_tag","embeddable":true,"href":"https:\/\/www.europesays.com\/fr\/wp-json\/wp\/v2\/tags?post=271396"}],"curies":[{"name":"wp","href":"https:\/\/api.w.org\/{rel}","templated":true}]}}