{"id":271398,"date":"2025-07-24T21:50:24","date_gmt":"2025-07-24T21:50:24","guid":{"rendered":"https:\/\/www.europesays.com\/fr\/271398\/"},"modified":"2025-07-24T21:50:24","modified_gmt":"2025-07-24T21:50:24","slug":"une-femme-accusee-davoir-fomente-un-complot-pour-tuer-netanyahou","status":"publish","type":"post","link":"https:\/\/www.europesays.com\/fr\/271398\/","title":{"rendered":"une femme accus\u00e9e d&rsquo;avoir foment\u00e9 un \u00abcomplot\u00bb pour tuer Netanyahou"},"content":{"rendered":"<p>La suspecte, dont le nom n\u2019a pas \u00e9t\u00e9 d\u00e9voil\u00e9, est une femme \u00abengag\u00e9e dans la mobilisation\u00bb contre le gouvernement et se sachant atteinte d\u2019une maladie incurable. Elle aurait voulu \u00abse sacrifier pour sauver l\u2019\u00c9tat d\u2019Isra\u00ebl\u00bb.<\/p>\n<p class=\"fig-paragraph\">Le parquet isra\u00e9lien a annonc\u00e9 jeudi 24 juillet l&rsquo;inculpation d&rsquo;une femme soup\u00e7onn\u00e9e d&rsquo;avoir \u00abcomplot\u00e9 en vue de commettre un\u00a0<a href=\"http:\/\/www.lefigaro.fr\/flash-actu\/au-royaume-uni-arrestation-de-cinq-hommes-dont-quatre-iraniens-soupconnes-de-preparer-un-acte-terroriste-20250504\" target=\"_blank\" data-fig-type=\"NewsFlash\" rel=\"noopener\" data-gtm-custom-categorie=\"navigation\" data-gtm-custom-action=\"crossclick\" data-gtm-custom-label=\"Contextuel\" data-gtm-event=\"customEventSPE\" data-fig-domain=\"LEFIGARO\">acte terroriste<\/a> \u00bb avec l&rsquo;intention de tuer le premier ministre\u00a0<a href=\"http:\/\/www.lefigaro.fr\/international\/en-israel-benyamin-netanyahou-a-la-tete-d-une-coalition-fragmentee-20250711\" target=\"_blank\" data-fig-type=\"Article\" rel=\"noopener\" data-gtm-custom-categorie=\"navigation\" data-gtm-custom-action=\"crossclick\" data-gtm-custom-label=\"Contextuel\" data-gtm-event=\"customEventSPE\" data-fig-domain=\"LEFIGARO\">Benyamin Netanyahou<\/a>, selon un communiqu\u00e9 du minist\u00e8re de la Justice.<\/p>\n<p class=\"fig-paragraph\">\u00abLe parquet de l&rsquo;\u00c9tat a pr\u00e9sent\u00e9 un acte d&rsquo;accusation contre une r\u00e9sidente de Tel-Aviv, pour tentative de complot en vue de commettre un acte terroriste (meurtre avec circonstances aggravantes)\u00bb, indique le communiqu\u00e9, pr\u00e9cisant que la suspecte a voulu \u00abtuer le premier ministre isra\u00e9lien, Benyamin Netanyahou\u00bb.<\/p>\n<p>                                    <a class=\"fig-a11y-skip a11y-hidden\" href=\"#fig-a11y-skip-main-inarticle\"><br \/>\n        Passer la publicit\u00e9<br \/>\n    <\/a><\/p>\n<p>\u00abSe sacrifier pour sauver l\u2019\u00c9tat d\u2019Isra\u00ebl\u00bb<\/p>\n<p class=\"fig-paragraph\">La suspecte, dont le nom n\u2019a pas \u00e9t\u00e9 d\u00e9voil\u00e9, est une femme \u00abengag\u00e9e dans la mobilisation\u00bb contre le gouvernement et se sachant atteinte d\u2019une maladie incurable. Elle a voulu \u00abse sacrifier pour sauver l\u2019\u00c9tat d\u2019Isra\u00ebl\u00bb, selon le communiqu\u00e9. Le parquet a demand\u00e9 au tribunal de maintenir la suspecte assign\u00e9e \u00e0 r\u00e9sidence en raison de sa \u00abdangerosit\u00e9\u00bb.<\/p>\n<p class=\"fig-paragraph\">Elle a \u00e9t\u00e9 arr\u00eat\u00e9e apr\u00e8s qu\u2019un militant politique, a qui elle avait fait part de ses projets, a contact\u00e9 un avocat qui a, lui, alert\u00e9 les services de s\u00e9curit\u00e9, toujours selon le communiqu\u00e9. L\u2019avocat de la suspecte, Giora Zylberstein, interrog\u00e9 sur la cha\u00eene 12 priv\u00e9e, a affirm\u00e9 que sa cliente n\u2019avait pas \u00abl\u2019intention de tuer Benyamin Netanyahou\u00bb.<\/p>\n<p class=\"fig-paragraph\">Le premier ministre isra\u00e9lien Yitzhak Rabin a \u00e9t\u00e9 assassin\u00e9 en 1995 par un Isra\u00e9lien juif extr\u00e9miste, un \u00e9v\u00e9nement qui a durablement traumatis\u00e9 la soci\u00e9t\u00e9 isra\u00e9lienne.<\/p>\n","protected":false},"excerpt":{"rendered":"La suspecte, dont le nom n\u2019a pas \u00e9t\u00e9 d\u00e9voil\u00e9, est une femme \u00abengag\u00e9e dans la mobilisation\u00bb contre le&hellip;\n","protected":false},"author":2,"featured_media":271399,"comment_status":"","ping_status":"","sticky":false,"template":"","format":"standard","meta":{"footnotes":""},"categories":[5],"tags":[11,952,1011,27,14,12,5118,28],"class_list":{"0":"post-271398","1":"post","2":"type-post","3":"status-publish","4":"format-standard","5":"has-post-thumbnail","7":"category-international","8":"tag-actualites","9":"tag-benyamin-netanyahou","10":"tag-fr","11":"tag-france","12":"tag-international","13":"tag-news","14":"tag-tentative-de-meurtre","15":"tag-world"},"share_on_mastodon":{"url":"https:\/\/pubeurope.com\/@fr\/114910424232403410","error":""},"_links":{"self":[{"href":"https:\/\/www.europesays.com\/fr\/wp-json\/wp\/v2\/posts\/271398","targetHints":{"allow":["GET"]}}],"collection":[{"href":"https:\/\/www.europesays.com\/fr\/wp-json\/wp\/v2\/posts"}],"about":[{"href":"https:\/\/www.europesays.com\/fr\/wp-json\/wp\/v2\/types\/post"}],"author":[{"embeddable":true,"href":"https:\/\/www.europesays.com\/fr\/wp-json\/wp\/v2\/users\/2"}],"replies":[{"embeddable":true,"href":"https:\/\/www.europesays.com\/fr\/wp-json\/wp\/v2\/comments?post=271398"}],"version-history":[{"count":0,"href":"https:\/\/www.europesays.com\/fr\/wp-json\/wp\/v2\/posts\/271398\/revisions"}],"wp:featuredmedia":[{"embeddable":true,"href":"https:\/\/www.europesays.com\/fr\/wp-json\/wp\/v2\/media\/271399"}],"wp:attachment":[{"href":"https:\/\/www.europesays.com\/fr\/wp-json\/wp\/v2\/media?parent=271398"}],"wp:term":[{"taxonomy":"category","embeddable":true,"href":"https:\/\/www.europesays.com\/fr\/wp-json\/wp\/v2\/categories?post=271398"},{"taxonomy":"post_tag","embeddable":true,"href":"https:\/\/www.europesays.com\/fr\/wp-json\/wp\/v2\/tags?post=271398"}],"curies":[{"name":"wp","href":"https:\/\/api.w.org\/{rel}","templated":true}]}}