{"id":271414,"date":"2025-07-24T22:01:11","date_gmt":"2025-07-24T22:01:11","guid":{"rendered":"https:\/\/www.europesays.com\/fr\/271414\/"},"modified":"2025-07-24T22:01:11","modified_gmt":"2025-07-24T22:01:11","slug":"un-pickpocket-multirecidiviste-interpelle-en-flagrant-delit-par-la-police-nationale","status":"publish","type":"post","link":"https:\/\/www.europesays.com\/fr\/271414\/","title":{"rendered":"un pickpocket multir\u00e9cidiviste interpell\u00e9 en flagrant d\u00e9lit par la police nationale"},"content":{"rendered":"<p>            Par<br \/>\n        <strong><br \/>\n            <a href=\"https:\/\/actu.fr\/auteur\/jm-aubert\" title=\"Consulter tous les articles de Jean-Marc Aubert\" rel=\"nofollow noopener\" target=\"_blank\">Jean-Marc Aubert<\/a><br \/>\n        <\/strong><\/p>\n<p>        Publi\u00e9 le<\/p>\n<p>            24 juil. 2025 \u00e0 19h03<br \/>\n        ; mis \u00e0 jour le 24 juil. 2025 \u00e0 19h15    <\/p>\n<p>Ils \u00e9taient en planque, puis en filature et ils ont attendu trois heures avant de passer \u00e0 l\u2019action : ce j<strong>eudi 24 juillet 2025<\/strong>, en matin\u00e9e, des policiers de la <strong>brigade anticriminalit\u00e9<\/strong> (Bac) du commissariat central de <strong>Montpellier<\/strong> ont interpell\u00e9 un <strong>pickpocket multir\u00e9cidiviste<\/strong>. Il avait \u00e9t\u00e9 r\u00e9cemment remis en libert\u00e9, sans passer par la case du tribunal correctionnel.<\/p>\n<p class=\" wall-content\">L\u2019arrestation s\u2019est d\u00e9roul\u00e9e en douceur, \u00e0 l\u2019instar des agissements r\u00e9currents depuis de nombreux mois de ce ressortissant <strong>roumain<\/strong> \u00e2g\u00e9 d\u2019une <strong>cinquantaine d\u2019ann\u00e9es<\/strong> : pr\u00e8s de la pr\u00e9fecture de l\u2019H\u00e9rault, dans l\u2019\u00c9cusson, quelques minutes auparavant, il venait de d\u00e9rober le portefeuille d\u2019une dame \u00e2g\u00e9e, selon un mode op\u00e9ratoire identique lors de ses m\u00e9faits.<\/p>\n<p>    <a href=\"https:\/\/www.google.com\/maps\/embed?pb=!1m18!1m12!1m3!1d3865.178953609469!2d3.874134559890172!3d43.60800004726046!2m3!1f0!2f0!3f0!3m2!1i1024!2i768!4f13.1!3m3!1m2!1s0x12b6afa64d17e7b9%3A0xed5412ec16a1f5b6!2sGrand%20Rue%20Jean%20Moulin%2C%2034000%20Montpellier!5e0!3m2!1sfr!2sfr!4v1753373573247!5m2!1sfr!2sfr\" title=\"Ouvrie le lien\" rel=\"nofollow noopener\" target=\"_blank\">Cliquez ici pour visualiser le contenu<\/a><\/p>\n<p class=\" wall-content\">Post\u00e9 \u00e0 proximit\u00e9 de distributeurs automatiques de billets (DAB), le plus souvent vers la rue de la Loge, au niveau des Halles Laissac, dans le secteur de la pr\u00e9fecture et dans le quartier des Beaux-Arts, il surveille discr\u00e8tement des personnes vuln\u00e9rables, en g\u00e9n\u00e9ral des mamies et rep\u00e8re celles qui retirent avec leur carte bancaire des sommes importantes, de l\u2019ordre de 500 \u00e0 800 \u20ac. Puis, il les suit jusqu\u2019\u00e0 un commerce o\u00f9 elles font leurs courses pour r\u00e9gler en argent liquide et o\u00f9 il peut passer rapidement \u00e0 l\u2019action, avant qu\u2019elles ne se rendent aux caisses. Il a pu \u00eatre souvent identifi\u00e9 gr\u00e2ce \u00e0 l\u2019exploitation des cam\u00e9ras de <strong>vid\u00e9o-protection<\/strong> de la Ville de Montpellier et de vid\u00e9osurveillance des magasins.<\/p>\n<p class=\" wall-content\">En moyenne, ce pickpocket d\u00e9trousse une, voire deux victimes chaque semaine depuis au moins un an, sans doute plus. \u00ab Nous le connaissons tr\u00e8s bien, lorsque nous le voyons entrer dans le magasin et tourner autour de clients ou de clientes \u00e2g\u00e9s, nous redoublons de vigilance\u00a0\u00bb, rapporte une commer\u00e7ante de l\u2019\u00c9cusson. Elle avait \u00e9t\u00e9 soulag\u00e9e d\u2019apprendre, ces derni\u00e8res semaines, qu\u2019il avait \u00e9t\u00e9 arr\u00eat\u00e9 par la police et qu\u2019il avait \u00e9t\u00e9 plac\u00e9 en garde \u00e0 vue, apr\u00e8s un vol portant sur 800 \u20ac.<\/p>\n<p>Vid\u00e9os : en ce moment sur Actu<\/p>\n<p class=\" wall-content\">\u00ab Las, j\u2019ai appris qu\u2019il avait \u00e9t\u00e9 directement remis en libert\u00e9, sans \u00eatre d\u00e9f\u00e9r\u00e9 devant un juge. Du coup, ces vols par ruse ont repris de plus belle et les services de police ont \u00e9t\u00e9 de nouveau alert\u00e9s, car ce Roumain r\u00f4dait aux m\u00eames endroits.\u00a0\u00bb Ce jeudi \u00e0 9h30, un \u00e9quipage de la Bac a rep\u00e9r\u00e9 sa pr\u00e9sence et son man\u00e8ge habituel dans le secteur des Beaux-Arts. Op\u00e9rant en civil, ils ont pris en filature le suspect, sans travail, qui r\u00e9side dans un logement social \u00e0 Vendargues, lequel a d\u00e9ambul\u00e9 durant pr\u00e8s de trois heures pour localiser une nouvelle proie facile qui venait de retirer de l\u2019argent \u00e0 un DAB, en l\u2019occurence une septuag\u00e9naire d\u00e9valis\u00e9e place des Martyrs de la R\u00e9sistance.<\/p>\n<p class=\" wall-content\">Les policiers qui n\u2019ont pas l\u00e2ch\u00e9 le pickpocket pendant trois heures sont pass\u00e9s \u00e0 l\u2019action alors qu\u2019il venait de subtiliser le portefeuille d\u2019une personne \u00e2g\u00e9e, ravie de pouvoir r\u00e9cup\u00e9rer ses fonds aussi vite. Le voleur multir\u00e9cidiviste a \u00e9t\u00e9 de nouveau plac\u00e9 en garde \u00e0 vue au commissariat central.<\/p>\n<p class=\" wall-content\">Suivez toute l\u2019actualit\u00e9 de vos villes et m\u00e9dias favoris en vous inscrivant \u00e0 <a href=\"https:\/\/moncompte.actu.fr\" title=\"D\u00e9couvez Mon Actu\" rel=\"nofollow noopener\" data-trk=\"{&quot;cta&quot;:{&quot;action&quot;:&quot;https:\\\/\\\/moncompte.actu.fr&quot;,&quot;category&quot;:&quot;mon compte&quot;,&quot;from&quot;:&quot;article footer&quot;,&quot;name&quot;:&quot;Mon actu&quot;,&quot;type&quot;:&quot;cta&quot;}}\" target=\"_blank\">Mon Actu<\/a>.<\/p>\n","protected":false},"excerpt":{"rendered":"Par Jean-Marc Aubert Publi\u00e9 le 24 juil. 2025 \u00e0 19h03 ; mis \u00e0 jour le 24 juil. 2025&hellip;\n","protected":false},"author":2,"featured_media":271415,"comment_status":"","ping_status":"","sticky":false,"template":"","format":"standard","meta":{"footnotes":""},"categories":[9599],"tags":[1111,11,1777,674,118,1011,27,303,2208,12,2680,1072,25],"class_list":{"0":"post-271414","1":"post","2":"type-post","3":"status-publish","4":"format-standard","5":"has-post-thumbnail","7":"category-montpellier","8":"tag-actu","9":"tag-actualites","10":"tag-eu","11":"tag-europe","12":"tag-faits-divers","13":"tag-fr","14":"tag-france","15":"tag-justice","16":"tag-montpellier","17":"tag-news","18":"tag-occitanie","19":"tag-police","20":"tag-republique-francaise"},"share_on_mastodon":{"url":"https:\/\/pubeurope.com\/@fr\/114910467376675911","error":""},"_links":{"self":[{"href":"https:\/\/www.europesays.com\/fr\/wp-json\/wp\/v2\/posts\/271414","targetHints":{"allow":["GET"]}}],"collection":[{"href":"https:\/\/www.europesays.com\/fr\/wp-json\/wp\/v2\/posts"}],"about":[{"href":"https:\/\/www.europesays.com\/fr\/wp-json\/wp\/v2\/types\/post"}],"author":[{"embeddable":true,"href":"https:\/\/www.europesays.com\/fr\/wp-json\/wp\/v2\/users\/2"}],"replies":[{"embeddable":true,"href":"https:\/\/www.europesays.com\/fr\/wp-json\/wp\/v2\/comments?post=271414"}],"version-history":[{"count":0,"href":"https:\/\/www.europesays.com\/fr\/wp-json\/wp\/v2\/posts\/271414\/revisions"}],"wp:featuredmedia":[{"embeddable":true,"href":"https:\/\/www.europesays.com\/fr\/wp-json\/wp\/v2\/media\/271415"}],"wp:attachment":[{"href":"https:\/\/www.europesays.com\/fr\/wp-json\/wp\/v2\/media?parent=271414"}],"wp:term":[{"taxonomy":"category","embeddable":true,"href":"https:\/\/www.europesays.com\/fr\/wp-json\/wp\/v2\/categories?post=271414"},{"taxonomy":"post_tag","embeddable":true,"href":"https:\/\/www.europesays.com\/fr\/wp-json\/wp\/v2\/tags?post=271414"}],"curies":[{"name":"wp","href":"https:\/\/api.w.org\/{rel}","templated":true}]}}