{"id":271422,"date":"2025-07-24T22:10:23","date_gmt":"2025-07-24T22:10:23","guid":{"rendered":"https:\/\/www.europesays.com\/fr\/271422\/"},"modified":"2025-07-24T22:10:23","modified_gmt":"2025-07-24T22:10:23","slug":"entre-ecrin-de-verdure-cigognes-et-petites-barques","status":"publish","type":"post","link":"https:\/\/www.europesays.com\/fr\/271422\/","title":{"rendered":"entre \u00e9crin de verdure, cigognes et petites barques"},"content":{"rendered":"<p>    <img loading=\"lazy\" width=\"1800\" height=\"900\" src=\"https:\/\/www.europesays.com\/fr\/wp-content\/uploads\/2025\/04\/jeanne-callthepolice.jpg\" class=\"attachment-full size-full\" alt=\"\" id=\"imageLove\" decoding=\"async\"  \/><\/p>\n<p id=\"breadcrumbs\"><a href=\"https:\/\/pokaa.fr\/\" target=\"_blank\" rel=\"noopener\">Accueil<\/a> \/ <a href=\"https:\/\/pokaa.fr\/categories\/strasbourg\/\" target=\"_blank\" rel=\"noopener\">Strasbourg<\/a> \/ Dans l\u2019intimit\u00e9 du parc de l\u2019Orangerie : entre \u00e9crin de verdure, cigognes et petites barques<\/p>\n<p>                    Strasbourg<\/p>\n<p><strong>L\u2019Orangerie : son \u00e9tang, ses barques, son belv\u00e9d\u00e8re, ses grandes all\u00e9es fleuries\u2026 Le parc, qui donne son nom \u00e0 tout un quartier strasbourgeois, nous fait vibrer en toute saison. Les beaux jours de l\u2019\u00e9t\u00e9 nous ont donn\u00e9 envie de l\u2019arpenter en long, en large et en travers, pour profiter de tous les petits d\u00e9tails qui parfois nous \u00e9chappent, et permettent de suspendre le temps. On vous raconte en images. <\/strong><\/p>\n<p>Qu\u2019il s\u2019agisse de faire son footing, de pique-niquer au calme, de s\u2019\u00e9tendre au bord de l\u2019eau ou de se balader dans une bulle de douceur, <strong>le parc de l\u2019Orangerie fait le bonheur des Strasbourgeois(es). Et on a d\u00e9cid\u00e9 de prendre le temps de savourer les derniers rayons du soleil d\u2019un soir d\u2019\u00e9t\u00e9 pour vous vendre, \u00e0 vous aussi, un peu de r\u00eave.<\/strong><\/p>\n<p>                <img width=\"896\" height=\"500\" src=\"https:\/\/www.europesays.com\/fr\/wp-content\/uploads\/2025\/07\/parc-orangerie-verdure-vegetal-plantes-nature-3-896x500.png\" class=\"attachment-gallery size-gallery\" alt=\"pavillon jo\u00e9sphine Parc Orangerie verdure v\u00e9g\u00e9tal plantes nature (3)\" data-full-url=\"https:\/\/pokaa.fr\/wp-content\/uploads\/2025\/07\/19\/parc-orangerie-verdure-vegetal-plantes-nature-3-1500x837.png\" decoding=\"async\" loading=\"lazy\"  \/>            <\/p>\n<p>                <img width=\"876\" height=\"500\" src=\"https:\/\/www.europesays.com\/fr\/wp-content\/uploads\/2025\/07\/parc-orangerie-verdure-vegetal-plantes-nature-2-876x500.png\" class=\"attachment-gallery size-gallery\" alt=\"Parc Orangerie verdure v\u00e9g\u00e9tal plantes nature (2)\" data-full-url=\"https:\/\/pokaa.fr\/wp-content\/uploads\/2025\/07\/19\/parc-orangerie-verdure-vegetal-plantes-nature-2-1500x856.png\" decoding=\"async\" loading=\"lazy\"  \/>            <\/p>\n<p>                    \u00a9 Marie Goehner-David \/ Pokaa<\/p>\n<p>Ode \u00e0 la douceur de vivre strasbourgeoise<\/p>\n<p>Barques, tacos, belv\u00e9d\u00e8re\u00a0: le parc de l\u2019Orangerie compte quelques c\u00e9l\u00e9brit\u00e9s, \u00e0 la rencontre desquelles nous sommes all\u00e9(es. L\u2019occasion de <strong>se d\u00e9lecter du soleil qui se refl\u00e8te sur l\u2019\u00e9tang, de surprendre les cigognes qui se posent \u00e0 l\u2019improviste, le tout en d\u00e9gustant une glace.<\/strong><\/p>\n<p>On en a profit\u00e9 pour faire causette aux canards, se r\u00e9galer des nu\u00e9es de fleurs color\u00e9es, grimper dans les sentiers plus isol\u00e9s et trouver des points de vue qui ont fait briller nos mirettes.<\/p>\n<p>On a contourn\u00e9 l\u2019ancien zoo et les vide \u00e9trange des b\u00e2tisses, \u00e9cout\u00e9 les rires d\u2019enfants ou d\u2019ami(e)s en vadrouille, le clapotis de l\u2019eau et le vent dans les feuillages\u00a0; on a sautill\u00e9 dans les p\u00e2querettes en savourant la lumi\u00e8re dor\u00e9e. <strong>On vous laisse d\u00e9guster ces instants hors du temps avec nous. <\/strong><\/p>\n<p>                <img width=\"750\" height=\"500\" src=\"https:\/\/www.europesays.com\/fr\/wp-content\/uploads\/2025\/07\/parc-orangerie-verdure-vegetal-plantes-nature-12-750x500.jpg\" class=\"attachment-gallery size-gallery\" alt=\"Parc Orangerie verdure v\u00e9g\u00e9tal plantes nature (12)\" data-full-url=\"https:\/\/pokaa.fr\/wp-content\/uploads\/2025\/07\/19\/parc-orangerie-verdure-vegetal-plantes-nature-12.jpg\" decoding=\"async\" loading=\"lazy\"  \/>            <\/p>\n<p>                <img width=\"750\" height=\"500\" src=\"https:\/\/www.europesays.com\/fr\/wp-content\/uploads\/2025\/07\/parc-orangerie-verdure-vegetal-plantes-nature-11-750x500.jpg\" class=\"attachment-gallery size-gallery\" alt=\"Parc Orangerie verdure v\u00e9g\u00e9tal plantes nature (11)\" data-full-url=\"https:\/\/pokaa.fr\/wp-content\/uploads\/2025\/07\/19\/parc-orangerie-verdure-vegetal-plantes-nature-11.jpg\" decoding=\"async\" loading=\"lazy\"  \/>            <\/p>\n<p>                <img width=\"750\" height=\"500\" src=\"https:\/\/www.europesays.com\/fr\/wp-content\/uploads\/2025\/07\/parc-orangerie-verdure-vegetal-plantes-nature-10-750x500.jpg\" class=\"attachment-gallery size-gallery\" alt=\"Parc Orangerie verdure v\u00e9g\u00e9tal plantes nature (10)\" data-full-url=\"https:\/\/pokaa.fr\/wp-content\/uploads\/2025\/07\/19\/parc-orangerie-verdure-vegetal-plantes-nature-10.jpg\" decoding=\"async\" loading=\"lazy\"  \/>            <\/p>\n<p>                <img width=\"750\" height=\"500\" src=\"https:\/\/www.europesays.com\/fr\/wp-content\/uploads\/2025\/07\/parc-orangerie-verdure-vegetal-plantes-nature-9-750x500.jpg\" class=\"attachment-gallery size-gallery\" alt=\"Parc Orangerie verdure v\u00e9g\u00e9tal plantes nature (9)\" data-full-url=\"https:\/\/pokaa.fr\/wp-content\/uploads\/2025\/07\/19\/parc-orangerie-verdure-vegetal-plantes-nature-9.jpg\" decoding=\"async\" loading=\"lazy\"  \/>            <\/p>\n<p>                <img width=\"750\" height=\"500\" src=\"https:\/\/www.europesays.com\/fr\/wp-content\/uploads\/2025\/07\/parc-orangerie-verdure-vegetal-plantes-nature-6-750x500.jpg\" class=\"attachment-gallery size-gallery\" alt=\"barques Parc Orangerie verdure v\u00e9g\u00e9tal plantes nature (6)\" data-full-url=\"https:\/\/pokaa.fr\/wp-content\/uploads\/2025\/07\/19\/parc-orangerie-verdure-vegetal-plantes-nature-6.jpg\" decoding=\"async\" loading=\"lazy\"  \/>            <\/p>\n<p>                <img width=\"750\" height=\"500\" src=\"https:\/\/www.europesays.com\/fr\/wp-content\/uploads\/2025\/07\/parc-orangerie-verdure-vegetal-plantes-nature-5-750x500.jpg\" class=\"attachment-gallery size-gallery\" alt=\"Parc Orangerie verdure v\u00e9g\u00e9tal plantes nature (5)\" data-full-url=\"https:\/\/pokaa.fr\/wp-content\/uploads\/2025\/07\/19\/parc-orangerie-verdure-vegetal-plantes-nature-5.jpg\" decoding=\"async\" loading=\"lazy\"  \/>            <\/p>\n<p>                    \u00a9 Marie Goehner-David \/ Pokaa<\/p>\n<p>    <img width=\"1200\" height=\"800\" src=\"https:\/\/www.europesays.com\/fr\/wp-content\/uploads\/2025\/07\/parc-orangerie-verdure-vegetal-plantes-nature-8-1200x800.jpg\" class=\"attachment-image-size-XL size-image-size-XL\" alt=\"Parc Orangerie verdure v\u00e9g\u00e9tal plantes nature (8)\" decoding=\"async\" loading=\"lazy\"  \/>         \u00a9 Marie Goehner-David \/ Pokaa <\/p>\n<p>                <img width=\"750\" height=\"500\" src=\"https:\/\/www.europesays.com\/fr\/wp-content\/uploads\/2025\/07\/parc-orangerie-verdure-vegetal-plantes-nature-90-750x500.jpg\" class=\"attachment-gallery size-gallery\" alt=\"Parc Orangerie verdure v\u00e9g\u00e9tal plantes nature (90)\" data-full-url=\"https:\/\/pokaa.fr\/wp-content\/uploads\/2025\/07\/19\/parc-orangerie-verdure-vegetal-plantes-nature-90.jpg\" decoding=\"async\" loading=\"lazy\"  \/>            <\/p>\n<p>                <img width=\"750\" height=\"500\" src=\"https:\/\/www.europesays.com\/fr\/wp-content\/uploads\/2025\/07\/parc-orangerie-verdure-vegetal-plantes-nature-51-750x500.jpg\" class=\"attachment-gallery size-gallery\" alt=\"canard Parc Orangerie verdure v\u00e9g\u00e9tal plantes nature (51)\" data-full-url=\"https:\/\/pokaa.fr\/wp-content\/uploads\/2025\/07\/19\/parc-orangerie-verdure-vegetal-plantes-nature-51.jpg\" decoding=\"async\" loading=\"lazy\"  \/>            <\/p>\n<p>                <img width=\"750\" height=\"500\" src=\"https:\/\/www.europesays.com\/fr\/wp-content\/uploads\/2025\/07\/parc-orangerie-verdure-vegetal-plantes-nature-44-750x500.jpg\" class=\"attachment-gallery size-gallery\" alt=\"canards Parc Orangerie verdure v\u00e9g\u00e9tal plantes nature (44)\" data-full-url=\"https:\/\/pokaa.fr\/wp-content\/uploads\/2025\/07\/19\/parc-orangerie-verdure-vegetal-plantes-nature-44.jpg\" decoding=\"async\" loading=\"lazy\"  \/>            <\/p>\n<p>                    \u00a9 Marie Goehner-David \/ Pokaa<\/p>\n<p>    <img width=\"1200\" height=\"800\" src=\"https:\/\/www.europesays.com\/fr\/wp-content\/uploads\/2025\/07\/parc-orangerie-verdure-vegetal-plantes-nature-33-1200x800.jpg\" class=\"attachment-image-size-XL size-image-size-XL\" alt=\"Parc Orangerie verdure v\u00e9g\u00e9tal plantes nature (33)\" decoding=\"async\" loading=\"lazy\"  \/>         \u00a9 Marie Goehner-David \/ Pokaa <\/p>\n<p>                <img width=\"750\" height=\"500\" src=\"https:\/\/www.europesays.com\/fr\/wp-content\/uploads\/2025\/07\/parc-orangerie-verdure-vegetal-plantes-nature-88-750x500.jpg\" class=\"attachment-gallery size-gallery\" alt=\"taco Parc Orangerie verdure v\u00e9g\u00e9tal plantes nature (88)\" data-full-url=\"https:\/\/pokaa.fr\/wp-content\/uploads\/2025\/07\/19\/parc-orangerie-verdure-vegetal-plantes-nature-88.jpg\" decoding=\"async\" loading=\"lazy\"  \/>            <\/p>\n<p>                <img width=\"750\" height=\"500\" src=\"https:\/\/www.europesays.com\/fr\/wp-content\/uploads\/2025\/07\/parc-orangerie-verdure-vegetal-plantes-nature-62-750x500.jpg\" class=\"attachment-gallery size-gallery\" alt=\"tacos Parc Orangerie verdure v\u00e9g\u00e9tal plantes nature (62)\" data-full-url=\"https:\/\/pokaa.fr\/wp-content\/uploads\/2025\/07\/19\/parc-orangerie-verdure-vegetal-plantes-nature-62.jpg\" decoding=\"async\" loading=\"lazy\"  \/>            <\/p>\n<p>                <img width=\"750\" height=\"500\" src=\"https:\/\/www.europesays.com\/fr\/wp-content\/uploads\/2025\/07\/parc-orangerie-verdure-vegetal-plantes-nature-64-750x500.jpg\" class=\"attachment-gallery size-gallery\" alt=\"Parc Orangerie verdure v\u00e9g\u00e9tal plantes nature (64)\" data-full-url=\"https:\/\/pokaa.fr\/wp-content\/uploads\/2025\/07\/19\/parc-orangerie-verdure-vegetal-plantes-nature-64.jpg\" decoding=\"async\" loading=\"lazy\"  \/>            <\/p>\n<p>                <img width=\"750\" height=\"500\" src=\"https:\/\/www.europesays.com\/fr\/wp-content\/uploads\/2025\/07\/parc-orangerie-verdure-vegetal-plantes-nature-63-750x500.jpg\" class=\"attachment-gallery size-gallery\" alt=\"Parc Orangerie verdure v\u00e9g\u00e9tal plantes nature (63)\" data-full-url=\"https:\/\/pokaa.fr\/wp-content\/uploads\/2025\/07\/19\/parc-orangerie-verdure-vegetal-plantes-nature-63.jpg\" decoding=\"async\" loading=\"lazy\"  \/>            <\/p>\n<p>                <img width=\"750\" height=\"500\" src=\"https:\/\/www.europesays.com\/fr\/wp-content\/uploads\/2025\/07\/parc-orangerie-verdure-vegetal-plantes-nature-65-750x500.jpg\" class=\"attachment-gallery size-gallery\" alt=\"Parc Orangerie verdure v\u00e9g\u00e9tal plantes nature (65)\" data-full-url=\"https:\/\/pokaa.fr\/wp-content\/uploads\/2025\/07\/19\/parc-orangerie-verdure-vegetal-plantes-nature-65.jpg\" decoding=\"async\" loading=\"lazy\"  \/>            <\/p>\n<p>                    \u00a9 Marie Goehner-David \/ Pokaa<\/p>\n<p>                <img width=\"750\" height=\"500\" src=\"https:\/\/www.europesays.com\/fr\/wp-content\/uploads\/2025\/07\/parc-orangerie-verdure-vegetal-plantes-nature-68-750x500.jpg\" class=\"attachment-gallery size-gallery\" alt=\"cigogne Parc Orangerie verdure v\u00e9g\u00e9tal plantes nature (68)\" data-full-url=\"https:\/\/pokaa.fr\/wp-content\/uploads\/2025\/07\/19\/parc-orangerie-verdure-vegetal-plantes-nature-68.jpg\" decoding=\"async\" loading=\"lazy\"  \/>            <\/p>\n<p>                <img width=\"750\" height=\"500\" src=\"https:\/\/www.europesays.com\/fr\/wp-content\/uploads\/2025\/07\/parc-orangerie-verdure-vegetal-plantes-nature-67-750x500.jpg\" class=\"attachment-gallery size-gallery\" alt=\"pavillon jos\u00e9phine Parc Orangerie verdure v\u00e9g\u00e9tal plantes nature (67)\" data-full-url=\"https:\/\/pokaa.fr\/wp-content\/uploads\/2025\/07\/19\/parc-orangerie-verdure-vegetal-plantes-nature-67.jpg\" decoding=\"async\" loading=\"lazy\"  \/>            <\/p>\n<p>                    \u00a9 Marie Goehner-David \/ Pokaa<\/p>\n<p>    <img width=\"800\" height=\"533\" src=\"https:\/\/www.europesays.com\/fr\/wp-content\/uploads\/2025\/07\/parc-orangerie-verdure-vegetal-plantes-nature-74-800x533.jpg\" class=\"attachment-image-size-L size-image-size-L\" alt=\"cigogne Parc Orangerie verdure v\u00e9g\u00e9tal plantes nature (74)\" decoding=\"async\" loading=\"lazy\"  \/>         \u00a9 Marie Goehner-David \/ Pokaa <\/p>\n<p>                <img width=\"750\" height=\"500\" src=\"https:\/\/www.europesays.com\/fr\/wp-content\/uploads\/2025\/07\/parc-orangerie-verdure-vegetal-plantes-nature-81-750x500.jpg\" class=\"attachment-gallery size-gallery\" alt=\"Parc Orangerie verdure v\u00e9g\u00e9tal plantes nature (81)\" data-full-url=\"https:\/\/pokaa.fr\/wp-content\/uploads\/2025\/07\/19\/parc-orangerie-verdure-vegetal-plantes-nature-81.jpg\" decoding=\"async\" loading=\"lazy\"  \/>            <\/p>\n<p>                <img width=\"750\" height=\"500\" src=\"https:\/\/www.europesays.com\/fr\/wp-content\/uploads\/2025\/07\/parc-orangerie-verdure-vegetal-plantes-nature-82-750x500.jpg\" class=\"attachment-gallery size-gallery\" alt=\"Parc Orangerie verdure v\u00e9g\u00e9tal plantes nature (82)\" data-full-url=\"https:\/\/pokaa.fr\/wp-content\/uploads\/2025\/07\/19\/parc-orangerie-verdure-vegetal-plantes-nature-82.jpg\" decoding=\"async\" loading=\"lazy\"  \/>            <\/p>\n<p>                <img width=\"750\" height=\"500\" src=\"https:\/\/www.europesays.com\/fr\/wp-content\/uploads\/2025\/07\/parc-orangerie-verdure-vegetal-plantes-nature-83-750x500.jpg\" class=\"attachment-gallery size-gallery\" alt=\"Parc Orangerie verdure v\u00e9g\u00e9tal plantes nature (83)\" data-full-url=\"https:\/\/pokaa.fr\/wp-content\/uploads\/2025\/07\/19\/parc-orangerie-verdure-vegetal-plantes-nature-83.jpg\" decoding=\"async\" loading=\"lazy\"  \/>            <\/p>\n<p>                <img width=\"750\" height=\"500\" src=\"https:\/\/www.europesays.com\/fr\/wp-content\/uploads\/2025\/07\/parc-orangerie-verdure-vegetal-plantes-nature-84-750x500.jpg\" class=\"attachment-gallery size-gallery\" alt=\"Parc Orangerie verdure v\u00e9g\u00e9tal plantes nature (84)\" data-full-url=\"https:\/\/pokaa.fr\/wp-content\/uploads\/2025\/07\/19\/parc-orangerie-verdure-vegetal-plantes-nature-84.jpg\" decoding=\"async\" loading=\"lazy\"  \/>            <\/p>\n<p>                <img width=\"750\" height=\"500\" src=\"https:\/\/www.europesays.com\/fr\/wp-content\/uploads\/2025\/07\/parc-orangerie-verdure-vegetal-plantes-nature-85-750x500.jpg\" class=\"attachment-gallery size-gallery\" alt=\"Parc Orangerie verdure v\u00e9g\u00e9tal plantes nature (85)\" data-full-url=\"https:\/\/pokaa.fr\/wp-content\/uploads\/2025\/07\/19\/parc-orangerie-verdure-vegetal-plantes-nature-85.jpg\" decoding=\"async\" loading=\"lazy\"  \/>            <\/p>\n<p>                    \u00a9 Marie Goehner-David \/ Pokaa<\/p>\n<p>    <img width=\"800\" height=\"533\" src=\"https:\/\/www.europesays.com\/fr\/wp-content\/uploads\/2025\/07\/parc-orangerie-verdure-vegetal-plantes-nature-79-800x533.jpg\" class=\"attachment-image-size-L size-image-size-L\" alt=\"alsacienne statue Parc Orangerie verdure v\u00e9g\u00e9tal plantes nature (79)\" decoding=\"async\" loading=\"lazy\"  \/>         \u00a9 Marie Goehner-David \/ Pokaa <\/p>\n<p>                <img width=\"750\" height=\"500\" src=\"https:\/\/www.europesays.com\/fr\/wp-content\/uploads\/2025\/07\/parc-orangerie-verdure-vegetal-plantes-nature-87-750x500.jpg\" class=\"attachment-gallery size-gallery\" alt=\"cigogne Parc Orangerie verdure v\u00e9g\u00e9tal plantes nature (87)\" data-full-url=\"https:\/\/pokaa.fr\/wp-content\/uploads\/2025\/07\/19\/parc-orangerie-verdure-vegetal-plantes-nature-87.jpg\" decoding=\"async\" loading=\"lazy\"  \/>            <\/p>\n<p>                <img width=\"750\" height=\"500\" src=\"https:\/\/www.europesays.com\/fr\/wp-content\/uploads\/2025\/07\/parc-orangerie-verdure-vegetal-plantes-nature-80-750x500.jpg\" class=\"attachment-gallery size-gallery\" alt=\"Parc Orangerie verdure v\u00e9g\u00e9tal plantes nature (80)\" data-full-url=\"https:\/\/pokaa.fr\/wp-content\/uploads\/2025\/07\/19\/parc-orangerie-verdure-vegetal-plantes-nature-80.jpg\" decoding=\"async\" loading=\"lazy\"  \/>            <\/p>\n<p>                <img width=\"750\" height=\"500\" src=\"https:\/\/www.europesays.com\/fr\/wp-content\/uploads\/2025\/07\/parc-orangerie-verdure-vegetal-plantes-nature-78-750x500.jpg\" class=\"attachment-gallery size-gallery\" alt=\"Parc Orangerie verdure v\u00e9g\u00e9tal plantes nature (78)\" data-full-url=\"https:\/\/pokaa.fr\/wp-content\/uploads\/2025\/07\/19\/parc-orangerie-verdure-vegetal-plantes-nature-78.jpg\" decoding=\"async\" loading=\"lazy\"  \/>            <\/p>\n<p>                <img width=\"750\" height=\"500\" src=\"https:\/\/www.europesays.com\/fr\/wp-content\/uploads\/2025\/07\/parc-orangerie-verdure-vegetal-plantes-nature-61-750x500.jpg\" class=\"attachment-gallery size-gallery\" alt=\"aire de jeux Parc Orangerie verdure v\u00e9g\u00e9tal plantes nature (61)\" data-full-url=\"https:\/\/pokaa.fr\/wp-content\/uploads\/2025\/07\/19\/parc-orangerie-verdure-vegetal-plantes-nature-61.jpg\" decoding=\"async\" loading=\"lazy\"  \/>            <\/p>\n<p>                <img width=\"750\" height=\"500\" src=\"https:\/\/www.europesays.com\/fr\/wp-content\/uploads\/2025\/07\/parc-orangerie-verdure-vegetal-plantes-nature-56-750x500.jpg\" class=\"attachment-gallery size-gallery\" alt=\"Parc Orangerie verdure v\u00e9g\u00e9tal plantes nature (56)\" data-full-url=\"https:\/\/pokaa.fr\/wp-content\/uploads\/2025\/07\/19\/parc-orangerie-verdure-vegetal-plantes-nature-56.jpg\" decoding=\"async\" loading=\"lazy\"  \/>            <\/p>\n<p>                <img width=\"750\" height=\"500\" src=\"https:\/\/www.europesays.com\/fr\/wp-content\/uploads\/2025\/07\/parc-orangerie-verdure-vegetal-plantes-nature-52-750x500.jpg\" class=\"attachment-gallery size-gallery\" alt=\"fontaine Parc Orangerie verdure v\u00e9g\u00e9tal plantes nature (52)\" data-full-url=\"https:\/\/pokaa.fr\/wp-content\/uploads\/2025\/07\/19\/parc-orangerie-verdure-vegetal-plantes-nature-52.jpg\" decoding=\"async\" loading=\"lazy\"  \/>            <\/p>\n<p>                <img width=\"750\" height=\"500\" src=\"https:\/\/www.europesays.com\/fr\/wp-content\/uploads\/2025\/07\/parc-orangerie-verdure-vegetal-plantes-nature-66-750x500.jpg\" class=\"attachment-gallery size-gallery\" alt=\"Parc Orangerie verdure v\u00e9g\u00e9tal plantes nature (66)\" data-full-url=\"https:\/\/pokaa.fr\/wp-content\/uploads\/2025\/07\/19\/parc-orangerie-verdure-vegetal-plantes-nature-66.jpg\" decoding=\"async\" loading=\"lazy\"  \/>            <\/p>\n<p>                    \u00a9 Marie Goehner-David \/ Pokaa<\/p>\n<p>    <img width=\"1200\" height=\"800\" src=\"https:\/\/www.europesays.com\/fr\/wp-content\/uploads\/2025\/07\/parc-orangerie-verdure-vegetal-plantes-nature-54-1200x800.jpg\" class=\"attachment-image-size-XL size-image-size-XL\" alt=\"Parc Orangerie verdure v\u00e9g\u00e9tal plantes nature (54)\" decoding=\"async\" loading=\"lazy\"  \/>         \u00a9 Marie Goehner-David \/ Pokaa <\/p>\n<p>                <img width=\"750\" height=\"500\" src=\"https:\/\/www.europesays.com\/fr\/wp-content\/uploads\/2025\/07\/parc-orangerie-verdure-vegetal-plantes-nature-47-750x500.jpg\" class=\"attachment-gallery size-gallery\" alt=\"Parc Orangerie verdure v\u00e9g\u00e9tal plantes nature (47)\" data-full-url=\"https:\/\/pokaa.fr\/wp-content\/uploads\/2025\/07\/19\/parc-orangerie-verdure-vegetal-plantes-nature-47.jpg\" decoding=\"async\" loading=\"lazy\"  \/>            <\/p>\n<p>                <img width=\"750\" height=\"500\" src=\"https:\/\/www.europesays.com\/fr\/wp-content\/uploads\/2025\/07\/parc-orangerie-verdure-vegetal-plantes-nature-41-750x500.jpg\" class=\"attachment-gallery size-gallery\" alt=\"barques Parc Orangerie verdure v\u00e9g\u00e9tal plantes nature (41)\" data-full-url=\"https:\/\/pokaa.fr\/wp-content\/uploads\/2025\/07\/19\/parc-orangerie-verdure-vegetal-plantes-nature-41.jpg\" decoding=\"async\" loading=\"lazy\"  \/>            <\/p>\n<p>                <img width=\"750\" height=\"500\" src=\"https:\/\/www.europesays.com\/fr\/wp-content\/uploads\/2025\/07\/parc-orangerie-verdure-vegetal-plantes-nature-39-750x500.jpg\" class=\"attachment-gallery size-gallery\" alt=\"cascade Parc Orangerie verdure v\u00e9g\u00e9tal plantes nature (39)\" data-full-url=\"https:\/\/pokaa.fr\/wp-content\/uploads\/2025\/07\/19\/parc-orangerie-verdure-vegetal-plantes-nature-39.jpg\" decoding=\"async\" loading=\"lazy\"  \/>            <\/p>\n<p>                <img width=\"750\" height=\"500\" src=\"https:\/\/www.europesays.com\/fr\/wp-content\/uploads\/2025\/07\/parc-orangerie-verdure-vegetal-plantes-nature-38-750x500.jpg\" class=\"attachment-gallery size-gallery\" alt=\"cascade Parc Orangerie verdure v\u00e9g\u00e9tal plantes nature (38)\" data-full-url=\"https:\/\/pokaa.fr\/wp-content\/uploads\/2025\/07\/19\/parc-orangerie-verdure-vegetal-plantes-nature-38.jpg\" decoding=\"async\" loading=\"lazy\"  \/>            <\/p>\n<p>                <img width=\"750\" height=\"500\" src=\"https:\/\/www.europesays.com\/fr\/wp-content\/uploads\/2025\/07\/parc-orangerie-verdure-vegetal-plantes-nature-48-750x500.jpg\" class=\"attachment-gallery size-gallery\" alt=\"Parc Orangerie verdure v\u00e9g\u00e9tal plantes nature (48)\" data-full-url=\"https:\/\/pokaa.fr\/wp-content\/uploads\/2025\/07\/19\/parc-orangerie-verdure-vegetal-plantes-nature-48.jpg\" decoding=\"async\" loading=\"lazy\"  \/>            <\/p>\n<p>                    \u00a9 Marie Goehner-David \/ Pokaa<\/p>\n<p>    <img width=\"800\" height=\"533\" src=\"https:\/\/www.europesays.com\/fr\/wp-content\/uploads\/2025\/07\/parc-orangerie-verdure-vegetal-plantes-nature-43-800x533.jpg\" class=\"attachment-image-size-L size-image-size-L\" alt=\"n\u00e9nuphars Parc Orangerie verdure v\u00e9g\u00e9tal plantes nature (43)\" decoding=\"async\" loading=\"lazy\"  \/>         \u00a9 Marie Goehner-David \/ Pokaa <\/p>\n<p>                <img width=\"750\" height=\"500\" src=\"https:\/\/www.europesays.com\/fr\/wp-content\/uploads\/2025\/07\/parc-orangerie-verdure-vegetal-plantes-nature-30-750x500.jpg\" class=\"attachment-gallery size-gallery\" alt=\"livres Parc Orangerie verdure v\u00e9g\u00e9tal plantes nature (30)\" data-full-url=\"https:\/\/pokaa.fr\/wp-content\/uploads\/2025\/07\/19\/parc-orangerie-verdure-vegetal-plantes-nature-30.jpg\" decoding=\"async\" loading=\"lazy\"  \/>            <\/p>\n<p>                <img width=\"750\" height=\"500\" src=\"https:\/\/www.europesays.com\/fr\/wp-content\/uploads\/2025\/07\/parc-orangerie-verdure-vegetal-plantes-nature-31-750x500.jpg\" class=\"attachment-gallery size-gallery\" alt=\"livres \u00a9 livres Parc Orangerie verdure v\u00e9g\u00e9tal plantes nature (31)\" data-full-url=\"https:\/\/pokaa.fr\/wp-content\/uploads\/2025\/07\/19\/parc-orangerie-verdure-vegetal-plantes-nature-31.jpg\" decoding=\"async\" loading=\"lazy\"  \/>            <\/p>\n<p>                <img width=\"750\" height=\"500\" src=\"https:\/\/www.europesays.com\/fr\/wp-content\/uploads\/2025\/07\/parc-orangerie-verdure-vegetal-plantes-nature-29-750x500.jpg\" class=\"attachment-gallery size-gallery\" alt=\"livres Parc Orangerie verdure v\u00e9g\u00e9tal plantes nature (29)\" data-full-url=\"https:\/\/pokaa.fr\/wp-content\/uploads\/2025\/07\/19\/parc-orangerie-verdure-vegetal-plantes-nature-29.jpg\" decoding=\"async\" loading=\"lazy\"  \/>            <\/p>\n<p>                    \u00a9 Marie Goehner-David \/ Pokaa<\/p>\n<p>                <img width=\"750\" height=\"500\" src=\"https:\/\/www.europesays.com\/fr\/wp-content\/uploads\/2025\/07\/parc-orangerie-verdure-vegetal-plantes-nature-42-750x500.jpg\" class=\"attachment-gallery size-gallery\" alt=\"Parc Orangerie verdure v\u00e9g\u00e9tal plantes nature (42)\" data-full-url=\"https:\/\/pokaa.fr\/wp-content\/uploads\/2025\/07\/19\/parc-orangerie-verdure-vegetal-plantes-nature-42.jpg\" decoding=\"async\" loading=\"lazy\"  \/>            <\/p>\n<p>                <img width=\"750\" height=\"500\" src=\"https:\/\/www.europesays.com\/fr\/wp-content\/uploads\/2025\/07\/parc-orangerie-verdure-vegetal-plantes-nature-36-750x500.jpg\" class=\"attachment-gallery size-gallery\" alt=\"fleurs Parc Orangerie verdure v\u00e9g\u00e9tal plantes nature (36)\" data-full-url=\"https:\/\/pokaa.fr\/wp-content\/uploads\/2025\/07\/19\/parc-orangerie-verdure-vegetal-plantes-nature-36.jpg\" decoding=\"async\" loading=\"lazy\"  \/>            <\/p>\n<p>                <img width=\"750\" height=\"500\" src=\"https:\/\/www.europesays.com\/fr\/wp-content\/uploads\/2025\/07\/parc-orangerie-verdure-vegetal-plantes-nature-35-750x500.jpg\" class=\"attachment-gallery size-gallery\" alt=\"fleurs Parc Orangerie verdure v\u00e9g\u00e9tal plantes nature (35)\" data-full-url=\"https:\/\/pokaa.fr\/wp-content\/uploads\/2025\/07\/19\/parc-orangerie-verdure-vegetal-plantes-nature-35.jpg\" decoding=\"async\" loading=\"lazy\"  \/>            <\/p>\n<p>                <img width=\"750\" height=\"500\" src=\"https:\/\/www.europesays.com\/fr\/wp-content\/uploads\/2025\/07\/parc-orangerie-verdure-vegetal-plantes-nature-26-750x500.jpg\" class=\"attachment-gallery size-gallery\" alt=\"lac \u00e9tang Parc Orangerie verdure v\u00e9g\u00e9tal plantes nature (26)\" data-full-url=\"https:\/\/pokaa.fr\/wp-content\/uploads\/2025\/07\/19\/parc-orangerie-verdure-vegetal-plantes-nature-26.jpg\" decoding=\"async\" loading=\"lazy\"  \/>            <\/p>\n<p>                <img width=\"750\" height=\"500\" src=\"https:\/\/www.europesays.com\/fr\/wp-content\/uploads\/2025\/07\/parc-orangerie-verdure-vegetal-plantes-nature-23-750x500.jpg\" class=\"attachment-gallery size-gallery\" alt=\"fleurs Parc Orangerie verdure v\u00e9g\u00e9tal plantes nature (23)\" data-full-url=\"https:\/\/pokaa.fr\/wp-content\/uploads\/2025\/07\/19\/parc-orangerie-verdure-vegetal-plantes-nature-23.jpg\" decoding=\"async\" loading=\"lazy\"  \/>            <\/p>\n<p>                <img width=\"750\" height=\"500\" src=\"https:\/\/www.europesays.com\/fr\/wp-content\/uploads\/2025\/07\/parc-orangerie-verdure-vegetal-plantes-nature-24-750x500.jpg\" class=\"attachment-gallery size-gallery\" alt=\"tronc \u00e9corce Parc Orangerie verdure v\u00e9g\u00e9tal plantes nature (24)\" data-full-url=\"https:\/\/pokaa.fr\/wp-content\/uploads\/2025\/07\/19\/parc-orangerie-verdure-vegetal-plantes-nature-24.jpg\" decoding=\"async\" loading=\"lazy\"  \/>            <\/p>\n<p>                <img width=\"750\" height=\"500\" src=\"https:\/\/www.europesays.com\/fr\/wp-content\/uploads\/2025\/07\/parc-orangerie-verdure-vegetal-plantes-nature-77-750x500.jpg\" class=\"attachment-gallery size-gallery\" alt=\"fleurs Parc Orangerie verdure v\u00e9g\u00e9tal plantes nature (77)\" data-full-url=\"https:\/\/pokaa.fr\/wp-content\/uploads\/2025\/07\/19\/parc-orangerie-verdure-vegetal-plantes-nature-77.jpg\" decoding=\"async\" loading=\"lazy\"  \/>            <\/p>\n<p>                <img width=\"750\" height=\"500\" src=\"https:\/\/www.europesays.com\/fr\/wp-content\/uploads\/2025\/07\/parc-orangerie-verdure-vegetal-plantes-nature-15-750x500.jpg\" class=\"attachment-gallery size-gallery\" alt=\"fleurs Parc Orangerie verdure v\u00e9g\u00e9tal plantes nature (15)\" data-full-url=\"https:\/\/pokaa.fr\/wp-content\/uploads\/2025\/07\/19\/parc-orangerie-verdure-vegetal-plantes-nature-15.jpg\" decoding=\"async\" loading=\"lazy\"  \/>            <\/p>\n<p>                <img width=\"750\" height=\"500\" src=\"https:\/\/www.europesays.com\/fr\/wp-content\/uploads\/2025\/07\/parc-orangerie-verdure-vegetal-plantes-nature-76-750x500.jpg\" class=\"attachment-gallery size-gallery\" alt=\"Parc Orangerie verdure v\u00e9g\u00e9tal plantes nature (76)\" data-full-url=\"https:\/\/pokaa.fr\/wp-content\/uploads\/2025\/07\/19\/parc-orangerie-verdure-vegetal-plantes-nature-76.jpg\" decoding=\"async\" loading=\"lazy\"  \/>            <\/p>\n<p>                    \u00a9 Marie Goehner-David \/ Pokaa<\/p>\n<p>    <img width=\"1200\" height=\"800\" src=\"https:\/\/www.europesays.com\/fr\/wp-content\/uploads\/2025\/07\/parc-orangerie-verdure-vegetal-plantes-nature-21-1200x800.jpg\" class=\"attachment-image-size-XL size-image-size-XL\" alt=\"Parc Orangerie verdure v\u00e9g\u00e9tal plantes nature (21)\" decoding=\"async\" loading=\"lazy\"  \/>         \u00a9 Marie Goehner-David \/ Pokaa <\/p>\n<p>                <img width=\"750\" height=\"500\" src=\"https:\/\/www.europesays.com\/fr\/wp-content\/uploads\/2025\/07\/parc-orangerie-verdure-vegetal-plantes-nature-32-750x500.jpg\" class=\"attachment-gallery size-gallery\" alt=\"Parc Orangerie verdure v\u00e9g\u00e9tal plantes nature (32)\" data-full-url=\"https:\/\/pokaa.fr\/wp-content\/uploads\/2025\/07\/19\/parc-orangerie-verdure-vegetal-plantes-nature-32.jpg\" decoding=\"async\" loading=\"lazy\"  \/>            <\/p>\n<p>                <img width=\"749\" height=\"500\" src=\"https:\/\/www.europesays.com\/fr\/wp-content\/uploads\/2025\/07\/parc-orangerie-verdure-vegetal-plantes-nature-14-749x500.jpg\" class=\"attachment-gallery size-gallery\" alt=\"Belv\u00e9d\u00e8re Parc Orangerie verdure v\u00e9g\u00e9tal plantes nature (14)\" data-full-url=\"https:\/\/pokaa.fr\/wp-content\/uploads\/2025\/07\/19\/parc-orangerie-verdure-vegetal-plantes-nature-14.jpg\" decoding=\"async\" loading=\"lazy\"  \/>            <\/p>\n<p>                <img width=\"750\" height=\"500\" src=\"https:\/\/www.europesays.com\/fr\/wp-content\/uploads\/2025\/07\/parc-orangerie-verdure-vegetal-plantes-nature-18-750x500.jpg\" class=\"attachment-gallery size-gallery\" alt=\"Parc Orangerie verdure v\u00e9g\u00e9tal plantes nature (18)\" data-full-url=\"https:\/\/pokaa.fr\/wp-content\/uploads\/2025\/07\/19\/parc-orangerie-verdure-vegetal-plantes-nature-18.jpg\" decoding=\"async\" loading=\"lazy\"  \/>            <\/p>\n<p>                <img width=\"749\" height=\"500\" src=\"https:\/\/www.europesays.com\/fr\/wp-content\/uploads\/2025\/07\/parc-orangerie-verdure-vegetal-plantes-nature-19-749x500.jpg\" class=\"attachment-gallery size-gallery\" alt=\"Parc Orangerie verdure v\u00e9g\u00e9tal plantes nature (19)\" data-full-url=\"https:\/\/pokaa.fr\/wp-content\/uploads\/2025\/07\/19\/parc-orangerie-verdure-vegetal-plantes-nature-19.jpg\" decoding=\"async\" loading=\"lazy\"  \/>            <\/p>\n<p>                <img width=\"750\" height=\"500\" src=\"https:\/\/www.europesays.com\/fr\/wp-content\/uploads\/2025\/07\/parc-orangerie-verdure-vegetal-plantes-nature-16-750x500.jpg\" class=\"attachment-gallery size-gallery\" alt=\"belv\u00e9d\u00e8re Parc Orangerie verdure v\u00e9g\u00e9tal plantes nature (16)\" data-full-url=\"https:\/\/pokaa.fr\/wp-content\/uploads\/2025\/07\/19\/parc-orangerie-verdure-vegetal-plantes-nature-16.jpg\" decoding=\"async\" loading=\"lazy\"  \/>            <\/p>\n<p>                    \u00a9 Marie Goehner-David \/ Pokaa<\/p>\n<p>    <img width=\"1200\" height=\"800\" src=\"https:\/\/www.europesays.com\/fr\/wp-content\/uploads\/2025\/07\/parc-orangerie-verdure-vegetal-plantes-nature-13-1200x800.jpg\" class=\"attachment-image-size-XL size-image-size-XL\" alt=\"Parc Orangerie verdure v\u00e9g\u00e9tal plantes nature (13)\" decoding=\"async\" loading=\"lazy\"  \/>         \u00a9 Marie Goehner-David \/ Pokaa <\/p>\n","protected":false},"excerpt":{"rendered":"Accueil \/ Strasbourg \/ Dans l\u2019intimit\u00e9 du parc de l\u2019Orangerie : entre \u00e9crin de verdure, cigognes et petites&hellip;\n","protected":false},"author":2,"featured_media":271423,"comment_status":"","ping_status":"","sticky":false,"template":"","format":"standard","meta":{"footnotes":""},"categories":[2820],"tags":[1111,11,1777,674,1011,27,775,2742,12,16652,153,25967,25,640],"class_list":{"0":"post-271422","1":"post","2":"type-post","3":"status-publish","4":"format-standard","5":"has-post-thumbnail","7":"category-strasbourg","8":"tag-actu","9":"tag-actualites","10":"tag-eu","11":"tag-europe","12":"tag-fr","13":"tag-france","14":"tag-grand-est","15":"tag-nature","16":"tag-news","17":"tag-orangerie","18":"tag-parc","19":"tag-parc-de-lorangerie","20":"tag-republique-francaise","21":"tag-strasbourg"},"share_on_mastodon":{"url":"https:\/\/pubeurope.com\/@fr\/114910504079634499","error":""},"_links":{"self":[{"href":"https:\/\/www.europesays.com\/fr\/wp-json\/wp\/v2\/posts\/271422","targetHints":{"allow":["GET"]}}],"collection":[{"href":"https:\/\/www.europesays.com\/fr\/wp-json\/wp\/v2\/posts"}],"about":[{"href":"https:\/\/www.europesays.com\/fr\/wp-json\/wp\/v2\/types\/post"}],"author":[{"embeddable":true,"href":"https:\/\/www.europesays.com\/fr\/wp-json\/wp\/v2\/users\/2"}],"replies":[{"embeddable":true,"href":"https:\/\/www.europesays.com\/fr\/wp-json\/wp\/v2\/comments?post=271422"}],"version-history":[{"count":0,"href":"https:\/\/www.europesays.com\/fr\/wp-json\/wp\/v2\/posts\/271422\/revisions"}],"wp:featuredmedia":[{"embeddable":true,"href":"https:\/\/www.europesays.com\/fr\/wp-json\/wp\/v2\/media\/271423"}],"wp:attachment":[{"href":"https:\/\/www.europesays.com\/fr\/wp-json\/wp\/v2\/media?parent=271422"}],"wp:term":[{"taxonomy":"category","embeddable":true,"href":"https:\/\/www.europesays.com\/fr\/wp-json\/wp\/v2\/categories?post=271422"},{"taxonomy":"post_tag","embeddable":true,"href":"https:\/\/www.europesays.com\/fr\/wp-json\/wp\/v2\/tags?post=271422"}],"curies":[{"name":"wp","href":"https:\/\/api.w.org\/{rel}","templated":true}]}}