{"id":271426,"date":"2025-07-24T22:12:12","date_gmt":"2025-07-24T22:12:12","guid":{"rendered":"https:\/\/www.europesays.com\/fr\/271426\/"},"modified":"2025-07-24T22:12:12","modified_gmt":"2025-07-24T22:12:12","slug":"un-airbus-rate-quatre-tentatives-datterrissage-a-nice-et-finit-par-etre-deroute-vers-marseille-provence","status":"publish","type":"post","link":"https:\/\/www.europesays.com\/fr\/271426\/","title":{"rendered":"Un Airbus rate quatre tentatives d&rsquo;atterrissage \u00e0 Nice et finit par \u00eatre d\u00e9rout\u00e9 vers Marseille-Provence"},"content":{"rendered":"<p>Le vent assez fort soufflant ce jeudi dans les Alpes-Maritimes a oblig\u00e9 un un Airbus A318-111 \u00e0 atterrir \u00e0 Marseille-Provence alors qu&rsquo;initialement il devait stopper se poser sur l&rsquo;a\u00e9roport de Nice, rapporte <a href=\"https:\/\/www.varmatin.com\/info-trafic\/apres-quatre-tentatives-d-atterrissage-a-l-aeroport-de-nice-un-airbus-a318-111-deroute-vers-marseille-995560\" target=\"_blank\" rel=\"nofollow noopener\">le site de Var-Matin<\/a>. Parti de l&rsquo;a\u00e9roport de Roissy-Charles de Gaulle ce jeudi, il devait d\u00e9poser les passagers du vol AF7306 dans la cit\u00e9 des Aiglons.<\/p>\n<p>Par quatre fois, le pilote a tent\u00e9 d&rsquo;atterrir sur le tarmac ni\u00e7ois. En vain. Les rafales ne lui ont pas permis de r\u00e9aliser la derni\u00e8re man\u0153uvre de son vol. Par prudence, il n&rsquo;a pas tent\u00e9 une cinqui\u00e8me fois et a remis les gaz pour prendre la destination de la cit\u00e9 phoc\u00e9enne, relate la m\u00eame source.<\/p>\n<p>Il pourrait plus tard \u00e9ventuellement reprendre la direction de sa destination de d\u00e9part ou bien Air France va affr\u00e9ter des bus pour permettre \u00e0 ses clients de rejoindre Nice.<\/p>\n","protected":false},"excerpt":{"rendered":"Le vent assez fort soufflant ce jeudi dans les Alpes-Maritimes a oblig\u00e9 un un Airbus A318-111 \u00e0 atterrir&hellip;\n","protected":false},"author":2,"featured_media":271427,"comment_status":"","ping_status":"","sticky":false,"template":"","format":"standard","meta":{"footnotes":""},"categories":[2819],"tags":[17,1111,11,36,41111,1777,674,8928,1011,27,12,2401,882,9702,8535,25,104,41110],"class_list":{"0":"post-271426","1":"post","2":"type-post","3":"status-publish","4":"format-standard","5":"has-post-thumbnail","7":"category-nice","8":"tag-17","9":"tag-actu","10":"tag-actualites","11":"tag-airbus","12":"tag-datterrissage","13":"tag-eu","14":"tag-europe","15":"tag-finit","16":"tag-fr","17":"tag-france","18":"tag-news","19":"tag-nice","20":"tag-provence-alpes-cote-dazur","21":"tag-quatre","22":"tag-rate","23":"tag-republique-francaise","24":"tag-societe","25":"tag-tentatives"},"share_on_mastodon":{"url":"","error":""},"_links":{"self":[{"href":"https:\/\/www.europesays.com\/fr\/wp-json\/wp\/v2\/posts\/271426","targetHints":{"allow":["GET"]}}],"collection":[{"href":"https:\/\/www.europesays.com\/fr\/wp-json\/wp\/v2\/posts"}],"about":[{"href":"https:\/\/www.europesays.com\/fr\/wp-json\/wp\/v2\/types\/post"}],"author":[{"embeddable":true,"href":"https:\/\/www.europesays.com\/fr\/wp-json\/wp\/v2\/users\/2"}],"replies":[{"embeddable":true,"href":"https:\/\/www.europesays.com\/fr\/wp-json\/wp\/v2\/comments?post=271426"}],"version-history":[{"count":0,"href":"https:\/\/www.europesays.com\/fr\/wp-json\/wp\/v2\/posts\/271426\/revisions"}],"wp:featuredmedia":[{"embeddable":true,"href":"https:\/\/www.europesays.com\/fr\/wp-json\/wp\/v2\/media\/271427"}],"wp:attachment":[{"href":"https:\/\/www.europesays.com\/fr\/wp-json\/wp\/v2\/media?parent=271426"}],"wp:term":[{"taxonomy":"category","embeddable":true,"href":"https:\/\/www.europesays.com\/fr\/wp-json\/wp\/v2\/categories?post=271426"},{"taxonomy":"post_tag","embeddable":true,"href":"https:\/\/www.europesays.com\/fr\/wp-json\/wp\/v2\/tags?post=271426"}],"curies":[{"name":"wp","href":"https:\/\/api.w.org\/{rel}","templated":true}]}}