{"id":271434,"date":"2025-07-24T22:17:14","date_gmt":"2025-07-24T22:17:14","guid":{"rendered":"https:\/\/www.europesays.com\/fr\/271434\/"},"modified":"2025-07-24T22:17:14","modified_gmt":"2025-07-24T22:17:14","slug":"pouvoir-ecrire-une-page-de-lhistoire-des-girondins-de-bordeaux","status":"publish","type":"post","link":"https:\/\/www.europesays.com\/fr\/271434\/","title":{"rendered":"\u00ab\u00a0Pouvoir \u00e9crire une page de l\u2019histoire des Girondins de Bordeaux\u00a0\u00bb"},"content":{"rendered":"<p><img loading=\"lazy\" decoding=\"async\" width=\"696\" height=\"504\" class=\"lazyload entry-thumb\" src=\"https:\/\/www.europesays.com\/fr\/wp-content\/uploads\/2025\/07\/Guillaume-Odru-696x504.jpg\" alt=\"\" title=\"Guillaume Odru\"\/>Cr\u00e9dit photo : Girondins de Bordeaux<\/p>\n<p style=\"font-size:20px\"><strong>Apr\u00e8s avoir pas mal bourlingu\u00e9 en National 2 (FC Annecy, Rumilly Valli\u00e8res, La Roche Vend\u00e9e, <a href=\"https:\/\/footamateur.ouest-france.fr\/tag\/goal-fc\/\" target=\"_blank\" rel=\"noreferrer noopener\">GOAL FC<\/a>, Saint-Priest) et \u00eatre rest\u00e9 quelques mois aux \u00c9mirats Arabes Unis, le milieu de terrain Guillaume Odru a pos\u00e9 ses valises chez les Girondins de Bordeaux cet \u00e9t\u00e9. Le Grenoblois de 28 ans, actuellement en stage \u00e0 Cap-Breton avec son \u00e9quipe, est revenu pour Foot Amateur sur son arriv\u00e9e en Aquitaine et sur les ambitions qu\u2019il nourrit.<\/strong><\/p>\n<p><strong>Apr\u00e8s avoir disput\u00e9 plus de 130 matchs de N2, tu es parti pour Fujairah SC, club des \u00c9mirats Arabes Unis, l\u2019hiver dernier. Peux-tu nous expliquer ce choix et nous dire comment s\u2019est pass\u00e9e cette exp\u00e9rience de quelques mois\u00a0?<\/strong><\/p>\n<p>\u00ab\u00a0En fait, j\u2019\u00e9tais d\u00e9j\u00e0 en contact avec le club l\u2019\u00e9t\u00e9 dernier. Mon agent connaissait bien l\u2019entra\u00eeneur,\u00a0Alexandre Torres (notamment pass\u00e9 par L\u00e8ge Cap Ferret, le Stade Bordelais ou encore Borgo, ndlr). Mais cela ne s\u2019est pas fait et j\u2019ai sign\u00e9 \u00e0 Saint-Priest en fin de mercato. Je sortais d\u2019une tr\u00e8s bonne saison avec La Roche, o\u00f9 on avait fini premier \u00e0 \u00e9galit\u00e9 avec Paris 13 et j\u2019esp\u00e9rais pouvoir rejoindre un club de National. Cela ne s\u2019est pas fait et je voulais me rapprocher de chez moi (il est de Grenoble, ndlr), d\u2019o\u00f9 Saint-Priest.<\/p>\n<p>L\u2019opportunit\u00e9 des \u00c9mirats est revenue en d\u00e9cembre et j\u2019ai d\u00e9cid\u00e9 de tenter ma chance de vivre une nouvelle exp\u00e9rience. Cela s\u2019est super bien pass\u00e9, j\u2019ai jou\u00e9 tous les matchs sauf trois que j\u2019ai manqu\u00e9s pour une petite blessure \u00e0 la cheville.\u00a0\u00bb<\/p>\n<p><strong>Comment qualifierais-tu le niveau par rapport au National 2 en France par exemple\u00a0?<\/strong><\/p>\n<p>\u00ab\u00a0C\u2019est compliqu\u00e9 \u00e0 dire parce que c\u2019est vraiment tr\u00e8s h\u00e9t\u00e9rog\u00e8ne\u00a0! Il y a un quota d\u2019\u00e9trangers dans les \u00e9quipes donc on est oblig\u00e9 de jouer avec cinq \u00e9miratis, qui ne sont pas pass\u00e9s par un centre de formation comme on peut avoir en Europe et dont le niveau est plus faible. A c\u00f4t\u00e9 de \u00e7a on a des joueurs comme Quincy Promes qui a le niveau Ligue des Champions. C\u2019est difficile \u00e0 juger, c\u2019est un autre football. De plus, il fait vraiment tr\u00e8s chaud et en seconde p\u00e9riode les matchs ont tendance \u00e0 devenir beaucoup plus ouverts, avec la fatigue. Je ne peux m\u00eame pas le comparer avec le football fran\u00e7ais en fait.\u00a0\u00bb<\/p>\n<p><strong>Comment s\u2019est pass\u00e9 ton rapprochement avec les Girondins\u00a0?<\/strong><\/p>\n<p>\u00ab\u00a0A la base, je devais prolonger comme cela se passait tr\u00e8s bien. Mais mon agent a eu un contact avec le directeur sportif \u00a0des Girondins John Williams qui cherchait un peu des profils avec de l\u2019exp\u00e9rience en N2. Ca a coll\u00e9 et derri\u00e8re \u00e7a a \u00e9t\u00e9 tr\u00e8s vite.\u00a0\u00bb<\/p>\n<p>Guillaume Odru\u00a0: \u00ab\u00a0Quelque chose d\u2019\u00e9norme qui se pr\u00e9sentait\u00a0\u00bb<\/p>\n<p><strong>J\u2019allais justement te poser la question\u00a0: quand on peut rejoindre les Girondins de Bordeaux, on ne r\u00e9fl\u00e9chit pas trop longtemps\u00a0?<\/strong><\/p>\n<p>\u00ab\u00a0C\u2019est s\u00fbr\u00a0! J\u2019ai aussi eu des contacts avec des clubs de National mais d\u00e8s que l\u2019int\u00e9r\u00eat des Girondins est arriv\u00e9 j\u2019ai pris ma d\u00e9cision rapidement. C\u2019\u00e9tait l\u2019opportunit\u00e9 de jouer dans un club\u2026 je ne vais m\u00eame pas le d\u00e9crire je pense qu\u2019il parle de lui-m\u00eame. Et l\u2019opportunit\u00e9 de pouvoir \u00e9crire une part de l\u2019histoire des Girondins de Bordeaux, \u00e7a ne se refuse pas. Peu importe le niveau, pour moi c\u2019\u00e9tait quelque chose d\u2019\u00e9norme qui se pr\u00e9sentait donc le choix a \u00e9t\u00e9 rapide.\u00a0\u00bb<\/p>\n<p><strong>Tu es pass\u00e9 en jeunes par <a href=\"https:\/\/www.grenoblefoot.info\/\" target=\"_blank\" rel=\"noreferrer noopener\">Grenoble<\/a> puis Annecy, est-ce que malgr\u00e9 le statut \u00ab\u00a0N2\u00a0\u00bb de Bordeaux tu as le sentiment d\u2019\u00eatre dans un autre monde en terme d\u2019infrastructures, de conditions d\u2019entra\u00eenement\u2026\u00a0?<\/strong><\/p>\n<p>\u00ab\u00a0C\u2019est incomparable. Annecy \u00e9tait encore un tr\u00e8s bon club amateur qui se d\u00e9veloppait et Grenoble \u00e9tait en Ligue 1 mais n\u2019\u00e9tait pas tr\u00e8s structur\u00e9. Avec les Girondins on s\u2019entra\u00eene encore dans le centre des pro\u2019, il y a du monde dans l\u2019administratif et dans le m\u00e9dical qui est rest\u00e9, on a un coach qui a connu le monde professionnel. Et je n\u2019ai pas encore mis les pieds dans notre stade mais je n\u2019attends que \u00e7a. Tout est vraiment mis en place pour qu\u2019on soit performant de mon point de vue. Et puis l\u2019engouement\u2026\u00a0\u00bb<\/p>\n<p><strong>Je voulais garder la question pour la fin mais puisque tu abordes la question des supporters\u2026 Le nombre de followers sur tes r\u00e9seaux sociaux a augment\u00e9\u00a0?<\/strong><\/p>\n<p>\u00ab\u00a0(rires) Oui j\u2019en ai eu quelques-uns. En vrai, c\u2019est incroyable. J\u2019ai re\u00e7u aussi beaucoup de messages en priv\u00e9. J\u2019ai pris le temps de r\u00e9pondre parce que pour moi c\u2019est \u00e9norme de pouvoir vivre \u00e7a en tant que joueur et c\u2019est important de \u00ab\u00a0rendre\u00a0\u00bb aux gens le soutien qu\u2019ils nous apportent. Bien s\u00fbr \u00e7a sera avec les victoires et la mont\u00e9e en fin de saison qu\u2019on leur fera plaisir\u00a0!\u00a0\u00bb<\/p>\n<p>\u00ab\u00a0A nous de remettre le club o\u00f9 il doit \u00eatre\u00a0\u00bb<\/p>\n<p><strong>Ca met une bonne pression\u00a0?<\/strong><\/p>\n<p>\u00ab\u00a0Oui, on va la ressentir quand il y aura 10-15000 supporters qui vont nous pousser au stade ou dans les moments un peu durs. Quand on accepte de signer dans un projet comme \u00e7a, il faut assumer ce genre de pression. On sait que c\u2019est \u00e0 nous de remettre le club o\u00f9 il doit \u00eatre.\u00a0\u00bb<\/p>\n<p><strong>Comment se passe ta reprise\u00a0? Visiblement tes tests physiques ont \u00e9t\u00e9 tr\u00e8s bons\u2026<\/strong><\/p>\n<p>\u00ab\u00a0Je me sens bien. Les tests physiques, c\u2019est toujours quelque chose o\u00f9 j\u2019ai toujours plut\u00f4t bien perform\u00e9 dans chaque club o\u00f9 je suis pass\u00e9. Je suis tr\u00e8s bien mentalement, tr\u00e8s bien physiquement, on est tr\u00e8s bien encadr\u00e9. On nous pousse vraiment m\u00eame s\u2019il ne faut pas non plus \u00eatre trop t\u00f4t \u00e0 son maximum. C\u2019est au c\u0153ur du championnat, en septembre, octobre, qu\u2019il faudra \u00eatre \u00e0 100% mais quand on a des bonnes sensations, on ne va pas se freiner.\u00a0\u00bb<\/p>\n<p><strong>Quel est ton profil de milieu\u00a0?<\/strong><\/p>\n<p>\u00ab\u00a0Je peux \u00eatre sur un peu tous les postes du milieu de terrain dans l\u2019axe. J\u2019ai une pr\u00e9f\u00e9rence pour jouer plus bas, donc un milieu d\u00e9fensif devant la d\u00e9fense, pour vraiment avoir cet aspect de premi\u00e8re relance, de dicter le jeu, aussi dicter le tempo d\u00e9fensif, quand il faut d\u00e9clencher le pressing, faire monter mon \u00e9quipe, parler\u2026 \u00catre vraiment au c\u0153ur du syst\u00e8me en fait.\u00a0\u00bb<\/p>\n<p><strong>Sur le plan plus d\u00e9fensif tu aimes aller au contact pour gratter des ballons ou tu t\u2019appuies davantage sur du placement et de l\u2019anticipation\u00a0?<\/strong><\/p>\n<p>\u00ab\u00a0J\u2019aime bien aller au contact, beaucoup harceler et je n\u2019h\u00e9site pas \u00e0 essayer d\u2019aller gratter tous les ballons. Je ne compte pas mes efforts, pour \u00eatre au service de mes partenaires. C\u2019est comme \u00e7a que je vois la beaut\u00e9 de ce sport. Il faut faire les efforts pour les autres, les mettre en valeur aussi une fois qu\u2019on a le ballon.\u00a0\u00bb<\/p>\n<p><strong>Les Girondins pourraient chercher \u00e0 avoir un peu plus de construction dans leur jeu cette ann\u00e9e, l\u00e0 o\u00f9 un jeu plus direct \u00e9tait privil\u00e9gi\u00e9 l\u2019an pass\u00e9. D\u2019apr\u00e8s ta pr\u00e9sentation, tu sembles coller \u00e0 cette volont\u00e9. C\u2019est le projet que l\u2019on t\u2019a pr\u00e9sent\u00e9 et ce qu\u2019on va attendre de toi\u00a0?<\/strong><\/p>\n<p>\u00ab\u00a0Oui, d\u2019ailleurs aux entra\u00eenements je suis d\u00e9j\u00e0 beaucoup dans le r\u00f4le un peu de \u00ab\u00a0joker\u00a0\u00bb, c\u2019est \u00e0 dire en \u00e9tant des deux c\u00f4t\u00e9s, en \u00e9tant pr\u00e9sent dans le c\u0153ur du jeu pour toucher un maximum de ballon, orienter le jeu et mettre mes qualit\u00e9s de passe au service de l\u2019\u00e9quipe.\u00a0\u00bb<\/p>\n<p>Le groupe \u00ab\u00a0Ouest\u00a0\u00bb, une poule sous-estim\u00e9e<\/p>\n<p><strong>Quel est l\u2019objectif de Bordeaux cette saison\u00a0?<\/strong><\/p>\n<p>\u00ab\u00a0Le directeur sportif m\u2019avait dit qu\u2019il y avait trois objectifs cette saison\u00a0: le premier c\u2019\u00e9tait la mont\u00e9e, le deuxi\u00e8me la mont\u00e9e et le troisi\u00e8me la mont\u00e9e et que je pouvais choisir un des trois (rires). Je pense que c\u2019est clair.\u00a0\u00bb<\/p>\n<p><strong>A titre personnel, apr\u00e8s ta tr\u00e8s grosse saison \u00e0 la Roche il y a deux saisons et tes ann\u00e9es en N2, la future Ligue 3 est un objectif\u00a0?<\/strong><\/p>\n<p>\u00ab\u00a0 C\u2019est s\u00fbr\u00a0! Apr\u00e8s comme je te l\u2019ai dit j\u2019avais la possibilit\u00e9 d\u2019int\u00e9grer un groupe de N1 cet \u00e9t\u00e9 mais si le National me fait r\u00eaver, je pense que le National 2 \u00e0 Bordeaux me fait encore plus r\u00eaver. Mais ce n\u2019est pas une fin en soi\u00a0! Cette poule Ouest je le connais bien, je reste sur deux premi\u00e8res places avec GOAL FC puis la Roche donc jamais deux sans trois comme on dit\u00a0! Ca ne sera pas facile, je trouve que c\u2019est une poule sous-estim\u00e9e parce qu\u2019elle n\u2019a pas les m\u00eames \u00ab\u00a0noms\u00a0\u00bb que la poule Sud par exemple mais ce sont des \u00e9quipes qui jouent tr\u00e8s bien au football, qui sont bien organis\u00e9es. A nous d\u2019\u00eatre meilleur et de trouver des solutions \u00e0 tous les probl\u00e8mes qui se pr\u00e9senteront sur notre route\u00a0!\u00a0\u00bb<\/p>\n<p><a href=\"https:\/\/footamateur.ouest-france.fr\/author\/fred\/\" class=\"url\" title=\"Fr\u00e9d\u00e9ric Sougey\" target=\"_blank\" rel=\"noopener\"> <img decoding=\"async\" src=\"https:\/\/www.europesays.com\/fr\/wp-content\/uploads\/2025\/04\/gnlpcfya_400x400.jpg\" class=\"lazyload photo\" width=\"250\" alt=\"Fr\u00e9d\u00e9ric Sougey\"\/><\/a><\/p>\n<p>Journaliste chez Sports M\u00e9dia<\/p>\n<p>Elev\u00e9 au c\u0153ur des Alpes, Fred quitte (temporairement) son Grenoble ador\u00e9 pour pr\u00eater sa plume et son regard au monde amateur et plus particuli\u00e8rement au Championnat National dont il est un assidu observateur. Fan de tartiflette, de Karim Mokeddem et de Mulholland Drive. Les bonnes choses de la vie, en somme.<\/p>\n<p><a href=\"https:\/\/footamateur.ouest-france.fr\/author\/fred\/\" class=\"url\" title=\"Fr\u00e9d\u00e9ric Sougey\" target=\"_blank\" rel=\"noopener\"><img decoding=\"async\" src=\"https:\/\/www.europesays.com\/fr\/wp-content\/uploads\/2025\/04\/gnlpcfya_400x400.jpg\" class=\"lazyload photo\" width=\"250\" alt=\"Fr\u00e9d\u00e9ric Sougey\"\/><\/a>Les derniers articles par Fr\u00e9d\u00e9ric Sougey (<a href=\"https:\/\/footamateur.ouest-france.fr\/author\/fred\/\" target=\"_blank\" rel=\"noopener\">tout voir<\/a>)<\/p>\n","protected":false},"excerpt":{"rendered":"Cr\u00e9dit photo : Girondins de Bordeaux Apr\u00e8s avoir pas mal bourlingu\u00e9 en National 2 (FC Annecy, Rumilly Valli\u00e8res,&hellip;\n","protected":false},"author":2,"featured_media":271435,"comment_status":"","ping_status":"","sticky":false,"template":"","format":"standard","meta":{"footnotes":""},"categories":[2817],"tags":[1111,11,1997,1777,674,1011,27,2908,41112,12,2219,25],"class_list":{"0":"post-271434","1":"post","2":"type-post","3":"status-publish","4":"format-standard","5":"has-post-thumbnail","7":"category-bordeaux","8":"tag-actu","9":"tag-actualites","10":"tag-bordeaux","11":"tag-eu","12":"tag-europe","13":"tag-fr","14":"tag-france","15":"tag-girondins-de-bordeaux","16":"tag-guillaume-odru","17":"tag-news","18":"tag-nouvelle-aquitaine","19":"tag-republique-francaise"},"share_on_mastodon":{"url":"https:\/\/pubeurope.com\/@fr\/114910530401940053","error":""},"_links":{"self":[{"href":"https:\/\/www.europesays.com\/fr\/wp-json\/wp\/v2\/posts\/271434","targetHints":{"allow":["GET"]}}],"collection":[{"href":"https:\/\/www.europesays.com\/fr\/wp-json\/wp\/v2\/posts"}],"about":[{"href":"https:\/\/www.europesays.com\/fr\/wp-json\/wp\/v2\/types\/post"}],"author":[{"embeddable":true,"href":"https:\/\/www.europesays.com\/fr\/wp-json\/wp\/v2\/users\/2"}],"replies":[{"embeddable":true,"href":"https:\/\/www.europesays.com\/fr\/wp-json\/wp\/v2\/comments?post=271434"}],"version-history":[{"count":0,"href":"https:\/\/www.europesays.com\/fr\/wp-json\/wp\/v2\/posts\/271434\/revisions"}],"wp:featuredmedia":[{"embeddable":true,"href":"https:\/\/www.europesays.com\/fr\/wp-json\/wp\/v2\/media\/271435"}],"wp:attachment":[{"href":"https:\/\/www.europesays.com\/fr\/wp-json\/wp\/v2\/media?parent=271434"}],"wp:term":[{"taxonomy":"category","embeddable":true,"href":"https:\/\/www.europesays.com\/fr\/wp-json\/wp\/v2\/categories?post=271434"},{"taxonomy":"post_tag","embeddable":true,"href":"https:\/\/www.europesays.com\/fr\/wp-json\/wp\/v2\/tags?post=271434"}],"curies":[{"name":"wp","href":"https:\/\/api.w.org\/{rel}","templated":true}]}}