{"id":271446,"date":"2025-07-24T22:23:16","date_gmt":"2025-07-24T22:23:16","guid":{"rendered":"https:\/\/www.europesays.com\/fr\/271446\/"},"modified":"2025-07-24T22:23:16","modified_gmt":"2025-07-24T22:23:16","slug":"vitinha-justifie-son-passage-foire-a-marseille-france-olympique-de-marseille","status":"publish","type":"post","link":"https:\/\/www.europesays.com\/fr\/271446\/","title":{"rendered":"Vitinha justifie son passage foir\u00e9 \u00e0 Marseille &#8211; France &#8211; Olympique de Marseille"},"content":{"rendered":"<p>Six buts en 43 matchs.<\/p>\n<p>Tel est le triste bilan du passage de Vitinha \u00e0 l\u2019Olympique de Marseille, o\u00f9 <a target=\"_blank\" href=\"https:\/\/www.sofoot.com\/breves\/mercato-vitinha-quitte-definitivement-lom-pour-le-genoa\" rel=\"nofollow noopener\">l\u2019attaquant du Genoa<\/a> est <a target=\"_blank\" href=\"https:\/\/www.sofoot.com\/articles\/marseille-vitinha-recrue-dor-et-de-platine-france\" rel=\"nofollow noopener\">arriv\u00e9 en 2023<\/a>. Avec l\u2019\u00e9tiquette de crack, mais sans convaincre personne. Le joueur a donc tenu \u00e0 expliquer son \u00e9chec en France dans les colonnes de la Gazzetta dello Sport, parlant d\u2019une\u00ab\u202fp\u00e9riode difficile sur le plan mental\u202f\u00bb.<\/p>\n<p>\u00ab\u202fJ\u2019\u00e9tais inquiet pour ma m\u00e8re Maria, qui va mieux aujourd\u2019hui, a ainsi d\u00e9voil\u00e9 le Portugais. Je veux redevenir le Vitinha de Braga, on travaille tous pour \u00e7a. Je suis enfin \u00e0 l\u2019aise avec la langue italienne, \u00e7a compte. Et puis, j\u2019ai trouv\u00e9 l\u2019amour ici avec Martina. J\u2019ai trouv\u00e9 la stabilit\u00e9 affective qui me manquait, je suis plus tranquille et heureux.\u202f\u00bb<\/p>\n<p>32 millions d\u2019euros, tout de m\u00eame\u2026<\/p>\n<p>\t\t\t\t\t\t\t\t\t\t<a class=\"lien-connexe\" href=\"https:\/\/www.sofoot.com\/breves\/lancien-de-lom-luis-suarez-poursuit-des-cambrioleurs-en-espagne\" rel=\"nofollow noopener\" target=\"_blank\">Luis Su\u00e1rez poursuit des cambrioleurs en Espagne<\/a>\t\t\t\t\t<\/p>\n","protected":false},"excerpt":{"rendered":"Six buts en 43 matchs. Tel est le triste bilan du passage de Vitinha \u00e0 l\u2019Olympique de Marseille,&hellip;\n","protected":false},"author":2,"featured_media":271447,"comment_status":"","ping_status":"","sticky":false,"template":"","format":"standard","meta":{"footnotes":""},"categories":[2814],"tags":[1111,47,11,61,69,65,64,1777,674,63,1011,27,68,66,884,12,62,70,882,25,67],"class_list":{"0":"post-271446","1":"post","2":"type-post","3":"status-publish","4":"format-standard","5":"has-post-thumbnail","7":"category-marseille","8":"tag-actu","9":"tag-actualite","10":"tag-actualites","11":"tag-actus-football","12":"tag-bundesliga","13":"tag-championnats-europeens","14":"tag-equipe-de-france","15":"tag-eu","16":"tag-europe","17":"tag-football","18":"tag-fr","19":"tag-france","20":"tag-ligua","21":"tag-ligue-1","22":"tag-marseille","23":"tag-news","24":"tag-news-foot","25":"tag-premier-league","26":"tag-provence-alpes-cote-dazur","27":"tag-republique-francaise","28":"tag-serie-a"},"share_on_mastodon":{"url":"https:\/\/pubeurope.com\/@fr\/114910553958189159","error":""},"_links":{"self":[{"href":"https:\/\/www.europesays.com\/fr\/wp-json\/wp\/v2\/posts\/271446","targetHints":{"allow":["GET"]}}],"collection":[{"href":"https:\/\/www.europesays.com\/fr\/wp-json\/wp\/v2\/posts"}],"about":[{"href":"https:\/\/www.europesays.com\/fr\/wp-json\/wp\/v2\/types\/post"}],"author":[{"embeddable":true,"href":"https:\/\/www.europesays.com\/fr\/wp-json\/wp\/v2\/users\/2"}],"replies":[{"embeddable":true,"href":"https:\/\/www.europesays.com\/fr\/wp-json\/wp\/v2\/comments?post=271446"}],"version-history":[{"count":0,"href":"https:\/\/www.europesays.com\/fr\/wp-json\/wp\/v2\/posts\/271446\/revisions"}],"wp:featuredmedia":[{"embeddable":true,"href":"https:\/\/www.europesays.com\/fr\/wp-json\/wp\/v2\/media\/271447"}],"wp:attachment":[{"href":"https:\/\/www.europesays.com\/fr\/wp-json\/wp\/v2\/media?parent=271446"}],"wp:term":[{"taxonomy":"category","embeddable":true,"href":"https:\/\/www.europesays.com\/fr\/wp-json\/wp\/v2\/categories?post=271446"},{"taxonomy":"post_tag","embeddable":true,"href":"https:\/\/www.europesays.com\/fr\/wp-json\/wp\/v2\/tags?post=271446"}],"curies":[{"name":"wp","href":"https:\/\/api.w.org\/{rel}","templated":true}]}}