{"id":271448,"date":"2025-07-24T22:24:10","date_gmt":"2025-07-24T22:24:10","guid":{"rendered":"https:\/\/www.europesays.com\/fr\/271448\/"},"modified":"2025-07-24T22:24:10","modified_gmt":"2025-07-24T22:24:10","slug":"une-enfant-de-7-ans-tuee-plusieurs-blesses-graves","status":"publish","type":"post","link":"https:\/\/www.europesays.com\/fr\/271448\/","title":{"rendered":"une enfant de 7 ans tu\u00e9e, plusieurs bless\u00e9s graves"},"content":{"rendered":"<p>            Par<br \/>\n        <strong><br \/>\n            <a href=\"https:\/\/actu.fr\/auteur\/redaction-lyon\" title=\"Consulter tous les articles de R\u00e9daction Lyon\" rel=\"nofollow noopener\" target=\"_blank\">R\u00e9daction Lyon<\/a><br \/>\n        <\/strong><\/p>\n<p>        Publi\u00e9 le<\/p>\n<p>            24 juil. 2025 \u00e0 18h42<br \/>\n        ; mis \u00e0 jour le 24 juil. 2025 \u00e0 23h53    <\/p>\n<p>Un grave accident est en cours depuis 17h30 sur l\u2019autoroute A7 \u00e0 hauteur de Chasse-sur-Rh\u00f4ne juste en dessous de la m\u00e9tropole de <a href=\"https:\/\/actu.fr\/auvergne-rhone-alpes\/lyon_69123\" rel=\"nofollow noopener\" target=\"_blank\">Lyon<\/a>, au sud. L\u2019accident a eu lieu au niveau du kilom\u00e8tre 20 de l\u2019autoroute A7, entre Chasse-sur-Rh\u00f4ne et Ternay, en pleine heure de pointe.<\/p>\n<p class=\" wall-content\">Un \u00ab\u2009important accident est survenu sur l\u2019A7 au niveau du noeud de Ternay. Circulation tr\u00e8s compliqu\u00e9e dans la zone. Suivez imp\u00e9rativement les itin\u00e9raires de d\u00e9viations indiqu\u00e9s. \u00c9vitez le secteur si possible\u2009\u00bb, demande la pr\u00e9fecture de l\u2019Is\u00e8re sur X.<\/p>\n<p>Fin de la coupure de l\u2019autoroute\u00a0<\/p>\n<p class=\" wall-content\">La circulation a pu reprendre sur l\u2019A7 en direction de Lyon peu avant 21h, selon Vinci Autoroute.<\/p>\n<p class=\" wall-content\">\n<p>21h17 : Une fillette de 7 ans tu\u00e9e<\/p>\n<p class=\" wall-content\">Selon nos informations, l\u2019enfant tu\u00e9e est une fillette \u00e2g\u00e9e de 7 ans.\u00a0<\/p>\n<p class=\" wall-content\">L\u2019accident a malheureusement co\u00fbt\u00e9 la vie \u00e0 un enfant. Deux personnes sont en urgence absolue, quatre autres en urgence relative, a indiqu\u00e9 la pr\u00e9fecture dans un dernier bilan.\u00a0<\/p>\n<p class=\" wall-content\">L\u2019intervention a mobilis\u00e9 plus de trente sapeurs-pompiers, deux h\u00e9licopt\u00e8res, les \u00e9quipes du SMUR, ainsi que les forces de gendarmerie et les CRS, charg\u00e9s de la s\u00e9curisation du p\u00e9rim\u00e8tre.<\/p>\n<p class=\" wall-content\">La circulation reste extr\u00eamement perturb\u00e9e sur le secteur.<\/p>\n<p class=\" wall-content\">Les automobilistes sont appel\u00e9s \u00e0 \u00e9viter la zone et \u00e0 suivre les d\u00e9viations mises en place :<br \/>\u2022 Pour rejoindre Lyon : privil\u00e9giez les itin\u00e9raires via l\u2019A49, l\u2019A48 puis l\u2019A43<br \/>\u2022 Les v\u00e9hicules l\u00e9gers peuvent emprunter la N7<\/p>\n<p>20h : La circulation reprend partiellement\u00a0<\/p>\n<p class=\" wall-content\">La circulation a pu reprendre sur l\u2019A7 en direction de Lyon mais partiellement. Seule la voie de droite est ouverte.\u00a0<\/p>\n<p class=\" wall-content\">\n<p>19h50 : Un nourrisson d\u00e9c\u00e9d\u00e9 et deux adolescents bless\u00e9s\u00a0<\/p>\n<p class=\" wall-content\">L\u2019enfant d\u00e9c\u00e9d\u00e9 est un nourrisson et trois bless\u00e9s graves, deux personnes en urgence relative sont \u00e0 d\u00e9plorer, selon nos informations.<\/p>\n<p class=\" wall-content\">Deux adolescents ont \u00e9t\u00e9 plus l\u00e9g\u00e8rement bless\u00e9s, selon le dernier bilan.\u00a0<\/p>\n<p>18h32\u2009: Un enfant tu\u00e9, plusieurs victimes<\/p>\n<p class=\" wall-content\">Selon les premiers \u00e9l\u00e9ments, quatre voitures et un camion sont impliqu\u00e9s. L\u2019accident a fait au moins sept victimes. Le bilan humain est \u00e9volutif. Un enfant est d\u00e9c\u00e9d\u00e9 et une femme gravement bless\u00e9e incarc\u00e9r\u00e9e, selon <a href=\"https:\/\/c.ledauphine.com\/faits-divers-justice\/2025\/07\/24\/un-grave-accident-a-chasse-sur-rhone-l-autoroute-a7-coupee-en-direction-de-lyon\" rel=\"nofollow noopener\" target=\"_blank\">Le Dauphin\u00e9 Lib\u00e9r\u00e9<\/a>.<\/p>\n<p>18h30\u2009: L\u2019autoroute A7 ferm\u00e9e vers Lyon, deux h\u00e9licopt\u00e8res sur place<\/p>\n<p class=\" wall-content\">L\u2019autoroute est totalement coup\u00e9e au niveau de la jonction entre l\u2019autoroute A7, l\u2019autoroute A46 et l\u2019autoroute A47 dans le sens Marseille vers Lyon.<\/p>\n<p class=\" wall-content\">Deux h\u00e9licopt\u00e8res sont sur place pour prendre en charge les victimes dont un envoy\u00e9 par les pompiers du Rh\u00f4ne, selon nos informations.<\/p>\n<p class=\" wall-content\">\n<p class=\" wall-content\">Suivez toute l\u2019actualit\u00e9 de vos villes et m\u00e9dias favoris en vous inscrivant \u00e0 <a href=\"https:\/\/moncompte.actu.fr\" title=\"D\u00e9couvez Mon Actu\" rel=\"nofollow noopener\" data-trk=\"{&quot;cta&quot;:{&quot;action&quot;:&quot;https:\\\/\\\/moncompte.actu.fr&quot;,&quot;category&quot;:&quot;mon compte&quot;,&quot;from&quot;:&quot;article footer&quot;,&quot;name&quot;:&quot;Mon actu&quot;,&quot;type&quot;:&quot;cta&quot;}}\" target=\"_blank\">Mon Actu<\/a>.<\/p>\n<ul class=\"ac-article-tag wall-content\">\n<li><a href=\"https:\/\/actu.fr\/tag\/accident\" data-trk=\"{&quot;cta&quot;:{&quot;action&quot;:&quot;Accident&quot;,&quot;category&quot;:&quot;tag&quot;,&quot;from&quot;:&quot;article footer&quot;,&quot;name&quot;:&quot;Accident&quot;,&quot;type&quot;:&quot;cta&quot;}}\" rel=\"nofollow noopener\" target=\"_blank\">#Accident<\/a><\/li>\n<li><a href=\"https:\/\/actu.fr\/tag\/autoroute-7-a7\" data-trk=\"{&quot;cta&quot;:{&quot;action&quot;:&quot;Autoroute 7 (A7)&quot;,&quot;category&quot;:&quot;tag&quot;,&quot;from&quot;:&quot;article footer&quot;,&quot;name&quot;:&quot;Autoroute 7 (A7)&quot;,&quot;type&quot;:&quot;cta&quot;}}\" rel=\"nofollow noopener\" target=\"_blank\">#Autoroute 7 (A7)<\/a><\/li>\n<\/ul>\n","protected":false},"excerpt":{"rendered":"Par R\u00e9daction Lyon Publi\u00e9 le 24 juil. 2025 \u00e0 18h42 ; mis \u00e0 jour le 24 juil. 2025&hellip;\n","protected":false},"author":2,"featured_media":271449,"comment_status":"","ping_status":"","sticky":false,"template":"","format":"standard","meta":{"footnotes":""},"categories":[1889],"tags":[119,1111,11,6423,2430,1777,674,118,1011,27,2428,12,25],"class_list":{"0":"post-271448","1":"post","2":"type-post","3":"status-publish","4":"format-standard","5":"has-post-thumbnail","7":"category-lyon","8":"tag-accident","9":"tag-actu","10":"tag-actualites","11":"tag-autoroute-7-a7","12":"tag-auvergne-rhone-alpes","13":"tag-eu","14":"tag-europe","15":"tag-faits-divers","16":"tag-fr","17":"tag-france","18":"tag-lyon","19":"tag-news","20":"tag-republique-francaise"},"share_on_mastodon":{"url":"https:\/\/pubeurope.com\/@fr\/114910557948839857","error":""},"_links":{"self":[{"href":"https:\/\/www.europesays.com\/fr\/wp-json\/wp\/v2\/posts\/271448","targetHints":{"allow":["GET"]}}],"collection":[{"href":"https:\/\/www.europesays.com\/fr\/wp-json\/wp\/v2\/posts"}],"about":[{"href":"https:\/\/www.europesays.com\/fr\/wp-json\/wp\/v2\/types\/post"}],"author":[{"embeddable":true,"href":"https:\/\/www.europesays.com\/fr\/wp-json\/wp\/v2\/users\/2"}],"replies":[{"embeddable":true,"href":"https:\/\/www.europesays.com\/fr\/wp-json\/wp\/v2\/comments?post=271448"}],"version-history":[{"count":0,"href":"https:\/\/www.europesays.com\/fr\/wp-json\/wp\/v2\/posts\/271448\/revisions"}],"wp:featuredmedia":[{"embeddable":true,"href":"https:\/\/www.europesays.com\/fr\/wp-json\/wp\/v2\/media\/271449"}],"wp:attachment":[{"href":"https:\/\/www.europesays.com\/fr\/wp-json\/wp\/v2\/media?parent=271448"}],"wp:term":[{"taxonomy":"category","embeddable":true,"href":"https:\/\/www.europesays.com\/fr\/wp-json\/wp\/v2\/categories?post=271448"},{"taxonomy":"post_tag","embeddable":true,"href":"https:\/\/www.europesays.com\/fr\/wp-json\/wp\/v2\/tags?post=271448"}],"curies":[{"name":"wp","href":"https:\/\/api.w.org\/{rel}","templated":true}]}}