{"id":271455,"date":"2025-07-24T22:29:12","date_gmt":"2025-07-24T22:29:12","guid":{"rendered":"https:\/\/www.europesays.com\/fr\/271455\/"},"modified":"2025-07-24T22:29:12","modified_gmt":"2025-07-24T22:29:12","slug":"entretien-durgence-entre-paris-londres-et-berlin-vendredi-3","status":"publish","type":"post","link":"https:\/\/www.europesays.com\/fr\/271455\/","title":{"rendered":"\u00ab Entretien d\u2019urgence \u00bb entre Paris, Londres et Berlin vendredi"},"content":{"rendered":"<p><strong>Diplomatie &#8211; Le Premier ministre britannique Keir Starmer a annonc\u00e9 qu\u2019un \u00ab\u00a0entretien d\u2019urgence\u00a0\u00bb entre Paris, Londres et Berlin se tiendra vendredi sur la situation \u00e0 Gaza<\/strong><\/p>\n<p>Un \u00ab\u00a0entretien d\u2019urgence\u00a0\u00bb entre <a href=\"https:\/\/www.20minutes.fr\/paris\/?at_medium=RSS%20feed&amp;at_campaign=ynews&amp;utm_source=yahoo&amp;utm_medium=rss&amp;utm_campaign=news_feed&amp;utm_content=in_article_link\" rel=\"nofollow noopener\" target=\"_blank\" data-ylk=\"slk:Paris;elm:context_link;itc:0;sec:content-canvas\" class=\"link \">Paris<\/a>, <a href=\"https:\/\/www.20minutes.fr\/dossier\/londres?at_medium=RSS%20feed&amp;at_campaign=ynews&amp;utm_source=yahoo&amp;utm_medium=rss&amp;utm_campaign=news_feed&amp;utm_content=in_article_link\" rel=\"nofollow noopener\" target=\"_blank\" data-ylk=\"slk:Londres;elm:context_link;itc:0;sec:content-canvas\" class=\"link \">Londres<\/a> et <a href=\"https:\/\/www.20minutes.fr\/dossier\/berlin?at_medium=RSS%20feed&amp;at_campaign=ynews&amp;utm_source=yahoo&amp;utm_medium=rss&amp;utm_campaign=news_feed&amp;utm_content=in_article_link\" rel=\"nofollow noopener\" target=\"_blank\" data-ylk=\"slk:Berlin;elm:context_link;itc:0;sec:content-canvas\" class=\"link \">Berlin<\/a> se tiendra vendredi sur la situation \u00e0 <a href=\"https:\/\/www.20minutes.fr\/monde\/gaza\/?at_medium=RSS%20feed&amp;at_campaign=ynews&amp;utm_source=yahoo&amp;utm_medium=rss&amp;utm_campaign=news_feed&amp;utm_content=in_article_link\" rel=\"nofollow noopener\" target=\"_blank\" data-ylk=\"slk:Gaza;elm:context_link;itc:0;sec:content-canvas\" class=\"link \">Gaza<\/a>, a annonc\u00e9 ce jeudi le Premier ministre britannique <a href=\"https:\/\/www.20minutes.fr\/monde\/keir-starmer\/?at_medium=RSS%20feed&amp;at_campaign=ynews&amp;utm_source=yahoo&amp;utm_medium=rss&amp;utm_campaign=news_feed&amp;utm_content=in_article_link\" rel=\"nofollow noopener\" target=\"_blank\" data-ylk=\"slk:Keir Starmer;elm:context_link;itc:0;sec:content-canvas\" class=\"link \">Keir Starmer<\/a>. \u00ab\u00a0Je tiendrai demain (vendredi) un appel d\u2019urgence avec les partenaires de l&rsquo;E3 [<a href=\"https:\/\/www.20minutes.fr\/france\/?at_medium=RSS%20feed&amp;at_campaign=ynews&amp;utm_source=yahoo&amp;utm_medium=rss&amp;utm_campaign=news_feed&amp;utm_content=in_article_link\" rel=\"nofollow noopener\" target=\"_blank\" data-ylk=\"slk:France;elm:context_link;itc:0;sec:content-canvas\" class=\"link \">France<\/a>, <a href=\"https:\/\/www.20minutes.fr\/dossier\/allemagne?at_medium=RSS%20feed&amp;at_campaign=ynews&amp;utm_source=yahoo&amp;utm_medium=rss&amp;utm_campaign=news_feed&amp;utm_content=in_article_link\" rel=\"nofollow noopener\" target=\"_blank\" data-ylk=\"slk:Allemagne;elm:context_link;itc:0;sec:content-canvas\" class=\"link \">Allemagne<\/a>, <a href=\"https:\/\/www.20minutes.fr\/monde\/royaume-uni\/?at_medium=RSS%20feed&amp;at_campaign=ynews&amp;utm_source=yahoo&amp;utm_medium=rss&amp;utm_campaign=news_feed&amp;utm_content=in_article_link\" rel=\"nofollow noopener\" target=\"_blank\" data-ylk=\"slk:Royaume-Uni;elm:context_link;itc:0;sec:content-canvas\" class=\"link \">Royaume-Uni<\/a>], au cours duquel nous discuterons de ce que nous pouvons faire de toute urgence pour arr\u00eater les massacres et fournir \u00e0 la population la nourriture dont elle a d\u00e9sesp\u00e9r\u00e9ment besoin\u00a0\u00bb, a d\u00e9clar\u00e9 le chef du gouvernement. La situation \u00e0 Gaza \u00ab\u00a0a atteint un nouveau seuil critique et continue d\u2019empirer. Nous assistons \u00e0 une catastrophe humanitaire\u00a0\u00bb, a insist\u00e9 le dirigeant britannique.<\/p>\n<p><a href=\"https:\/\/www.20minutes.fr\/monde\/israel\/?at_medium=RSS%20feed&amp;at_campaign=ynews&amp;utm_source=yahoo&amp;utm_medium=rss&amp;utm_campaign=news_feed&amp;utm_content=in_article_link\" rel=\"nofollow noopener\" target=\"_blank\" data-ylk=\"slk:Isra\u00ebl;elm:context_link;itc:0;sec:content-canvas\" class=\"link \">Isra\u00ebl<\/a> fait face \u00e0 une pression internationale croissante pour mettre fin aux souffrances des plus de 2\u00a0millions d\u2019habitants du territoire palestinien, soumis \u00e0 un blocus qui les prive d\u2019une aide humanitaire vitale. Paris, Londres et Berlin s\u2019accordent \u00ab\u00a0sur la n\u00e9cessit\u00e9 urgente pour Isra\u00ebl de changer de cap et de permettre \u00e0 l\u2019aide dont Gaza a d\u00e9sesp\u00e9r\u00e9ment besoin d\u2019entrer sans d\u00e9lai\u00a0\u00bb, a encore affirm\u00e9 Keir Starmer. Il a \u00e9galement insist\u00e9 sur le fait que l\u2019existence d\u2019un Etat de <a href=\"https:\/\/www.20minutes.fr\/monde\/palestine\/?at_medium=RSS%20feed&amp;at_campaign=ynews&amp;utm_source=yahoo&amp;utm_medium=rss&amp;utm_campaign=news_feed&amp;utm_content=in_article_link\" rel=\"nofollow noopener\" target=\"_blank\" data-ylk=\"slk:Palestine;elm:context_link;itc:0;sec:content-canvas\" class=\"link \">Palestine<\/a> est \u00ab\u00a0un droit inali\u00e9nable du peuple palestinien\u00a0\u00bb.<\/p>\n<p>Jeudi, Isra\u00ebl a annonc\u00e9 rappeler pour consultation ses n\u00e9gociateurs engag\u00e9s au Qatar dans des pourparlers indirects avec le Hamas, sous m\u00e9diation qatarie, am\u00e9ricaine et \u00e9gyptienne, et qui n\u2019ont \u00e0 ce jour abouti \u00e0 aucun r\u00e9sultat concret. Les Etats-Unis ont annonc\u00e9 que l\u2019\u00e9missaire de la(&#8230;)<\/p>\n<p><a href=\"https:\/\/www.20minutes.fr\/monde\/4165211-20250724-gaza-entretien-urgence-entre-paris-londres-berlin-vendredi?at_medium=RSS%20feed&amp;at_campaign=ynews&amp;utm_source=yahoo&amp;utm_medium=rss&amp;utm_campaign=news_feed&amp;utm_content=read_more_link&quot;\" rel=\"nofollow noopener\" target=\"_blank\" data-ylk=\"slk:Lire la suite sur 20minutes;elm:context_link;itc:0;sec:content-canvas\" class=\"link \">Lire la suite sur 20minutes<\/a><\/p>\n<p>\u00c0 lire aussi :<br \/><a href=\"https:\/\/www.20minutes.fr\/monde\/4161082-20250630-guerre-israel-iran-paris-berlin-londres-condamnent-menaces-iraniennes-contre-patron-aiea-rafael-grossi?at_medium=RSS%20feed&amp;at_campaign=ynews&amp;utm_source=yahoo&amp;utm_medium=rss&amp;utm_campaign=news_feed&amp;utm_content=related_content_link\" rel=\"nofollow noopener\" target=\"_blank\" data-ylk=\"slk:Guerre Isra\u00ebl-Iran\u00a0: Paris, Berlin et Londres condamnent les menaces iraniennes contre le patron de l\u2019AIEA, Rafael Grossi;elm:context_link;itc:0;sec:content-canvas\" class=\"link \">Guerre Isra\u00ebl-Iran\u00a0: Paris, Berlin et Londres condamnent les menaces iraniennes contre le patron de l\u2019AIEA, Rafael Grossi<\/a><br \/><a href=\"https:\/\/www.20minutes.fr\/monde\/israel\/4149917-20250423-guerre-hamas-israel-tel-aviv-doit-cesser-bloquer-aide-humanitaire-gaza-selon-londres-paris-berlin?at_medium=RSS%20feed&amp;at_campaign=ynews&amp;utm_source=yahoo&amp;utm_medium=rss&amp;utm_campaign=news_feed&amp;utm_content=related_content_link\" rel=\"nofollow noopener\" target=\"_blank\" data-ylk=\"slk:Guerre Hamas-Isra\u00ebl\u00a0: Tel-Aviv \u00ab\u00a0doit cesser\u00a0\u00bb de bloquer l\u2019aide humanitaire \u00e0 Gaza, selon Londres, Paris et Berlin;elm:context_link;itc:0;sec:content-canvas\" class=\"link \">Guerre Hamas-Isra\u00ebl\u00a0: Tel-Aviv \u00ab\u00a0doit cesser\u00a0\u00bb de bloquer l\u2019aide humanitaire \u00e0 Gaza, selon Londres, Paris et Berlin<\/a><\/p>\n","protected":false},"excerpt":{"rendered":"Diplomatie &#8211; Le Premier ministre britannique Keir Starmer a annonc\u00e9 qu\u2019un \u00ab\u00a0entretien d\u2019urgence\u00a0\u00bb entre Paris, Londres et Berlin&hellip;\n","protected":false},"author":2,"featured_media":271456,"comment_status":"","ping_status":"","sticky":false,"template":"","format":"standard","meta":{"footnotes":""},"categories":[1888],"tags":[1111,1928,11,1927,41114,1898,1777,674,1011,27,665,2581,4534,12,1926,626,1925,21761,25,6949],"class_list":{"0":"post-271455","1":"post","2":"type-post","3":"status-publish","4":"format-standard","5":"has-post-thumbnail","7":"category-paris","8":"tag-actu","9":"tag-actu-paris","10":"tag-actualites","11":"tag-actualites-paris","12":"tag-appel-durgence","13":"tag-berlin","14":"tag-eu","15":"tag-europe","16":"tag-fr","17":"tag-france","18":"tag-gaza","19":"tag-keir-starmer","20":"tag-londres","21":"tag-news","22":"tag-news-paris","23":"tag-paris","24":"tag-paris-news","25":"tag-premier-ministre-britannique","26":"tag-republique-francaise","27":"tag-vendredi"},"share_on_mastodon":{"url":"https:\/\/pubeurope.com\/@fr\/114910577514622105","error":""},"_links":{"self":[{"href":"https:\/\/www.europesays.com\/fr\/wp-json\/wp\/v2\/posts\/271455","targetHints":{"allow":["GET"]}}],"collection":[{"href":"https:\/\/www.europesays.com\/fr\/wp-json\/wp\/v2\/posts"}],"about":[{"href":"https:\/\/www.europesays.com\/fr\/wp-json\/wp\/v2\/types\/post"}],"author":[{"embeddable":true,"href":"https:\/\/www.europesays.com\/fr\/wp-json\/wp\/v2\/users\/2"}],"replies":[{"embeddable":true,"href":"https:\/\/www.europesays.com\/fr\/wp-json\/wp\/v2\/comments?post=271455"}],"version-history":[{"count":0,"href":"https:\/\/www.europesays.com\/fr\/wp-json\/wp\/v2\/posts\/271455\/revisions"}],"wp:featuredmedia":[{"embeddable":true,"href":"https:\/\/www.europesays.com\/fr\/wp-json\/wp\/v2\/media\/271456"}],"wp:attachment":[{"href":"https:\/\/www.europesays.com\/fr\/wp-json\/wp\/v2\/media?parent=271455"}],"wp:term":[{"taxonomy":"category","embeddable":true,"href":"https:\/\/www.europesays.com\/fr\/wp-json\/wp\/v2\/categories?post=271455"},{"taxonomy":"post_tag","embeddable":true,"href":"https:\/\/www.europesays.com\/fr\/wp-json\/wp\/v2\/tags?post=271455"}],"curies":[{"name":"wp","href":"https:\/\/api.w.org\/{rel}","templated":true}]}}