{"id":271469,"date":"2025-07-24T22:36:29","date_gmt":"2025-07-24T22:36:29","guid":{"rendered":"https:\/\/www.europesays.com\/fr\/271469\/"},"modified":"2025-07-24T22:36:29","modified_gmt":"2025-07-24T22:36:29","slug":"pourquoi-pekin-maltraite-lue","status":"publish","type":"post","link":"https:\/\/www.europesays.com\/fr\/271469\/","title":{"rendered":"Pourquoi P\u00e9kin maltraite l\u2019UE ?"},"content":{"rendered":"\n<p>La Chine conna\u00eet un ralentissement \u00e9conomique. La population vieillit et diminue, l\u2019endettement et le ch\u00f4mage augmentent, le pessimisme gagne le peuple. Si les responsables politiques et les fonctionnaires europ\u00e9ens font eux aussi souvent ces constatations, ils ne s\u2019inqui\u00e8tent pas moins des \u00e9normes capacit\u00e9s chinoises en mati\u00e8re d\u2019industries strat\u00e9giques.<\/p>\n<p>Ces deux volets sont exacts. P\u00e9kin sait parfaitement que la communaut\u00e9 internationale pense que l\u2019\u00e9conomie chinoise vacille et est vuln\u00e9rable face aux pressions. C\u2019est pour cela que <a href=\"https:\/\/www.courrierinternational.com\/sujet\/xi-jinping\" target=\"_blank\" rel=\"noopener\">[le pr\u00e9sident chinois] Xi Jinping<\/a> affiche une telle duret\u00e9, non seulement \u00e0 l\u2019\u00e9gard des \u00c9tats-Unis, mais aussi vis-\u00e0-vis de l\u2019Europe, qu\u2019il consid\u00e8re comme une annexe de ceux-ci.<\/p>\n<p>Il veut que Washington et les Europ\u00e9ens reconnaissent que la Chine est forte et le restera. Faire pression sur l\u2019\u00e9conomie chinoise ne fera donc pas c\u00e9der P\u00e9kin, mais braquera encore davantage le pays.<\/p>\n<p> L\u2019influence du conflit sino-am\u00e9ricain <\/p>\n<p>Xi vient d\u2019en faire la d\u00e9monstration. Quand les \u00c9tats-Unis ont annonc\u00e9 imposer \u00e0 la Chine des droits de douane d\u2019une importance \u00e0 laquelle m\u00eame lui ne s\u2019attendait pas. Il <a href=\"https:\/\/www.courrierinternational.com\/article\/pas-de-marche-arriere-la-chine-repond-aux-droits-de-douane-americains_229563\" target=\"_blank\" rel=\"noopener\">n\u2019a pas capitul\u00e9 mais a r\u00e9agi par des mesures asym\u00e9triques bien pr\u00e9par\u00e9es<\/a>, par exemple l\u2019interdiction d\u2019exporter <a href=\"https:\/\/www.courrierinternational.com\/article\/guerre-commerciale-entre-pekin-et-washington-les-terres-rares-au-c-ur-des-tensions_231531\" target=\"_blank\" rel=\"noopener\">certaines terres rares<\/a>, dont l\u2019Occident a d\u00e9sesp\u00e9r\u00e9ment b<\/p>\n<p>                                     <strong class=\"paywall-title\">Cet article est r\u00e9serv\u00e9 aux\u00a0abonn\u00e9s.<\/strong>   <\/p>\n<p class=\"paywall-text\">Profitez de\u00a0l\u2019offre sp\u00e9ciale num\u00e9rique pour acc\u00e9der \u00e0\u00a0l\u2019int\u00e9gralit\u00e9 de\u00a0nos contenus en\u00a0illimit\u00e9.<\/p>\n<p class=\"article-authors\">                         <a href=\"https:\/\/www.courrierinternational.com\/auteur\/jochen-stahnke\" target=\"_blank\" rel=\"noopener\">Jochen Stahnke<\/a>    <\/p>\n<p class=\"article-vo\"><a href=\"https:\/\/www.faz.net\/aktuell\/politik\/ausland\/chinas-aussenpolitik-europa-soll-respekt-zeigen-und-sich-anpassen-110593635.html\" rel=\"noopener\" target=\"_blank\">Lire l\u2019article original<\/a><\/p>\n<p>Source de l\u2019article<\/p>\n<p>   <img decoding=\"async\" class=\"source-logo\" src=\"https:\/\/www.europesays.com\/fr\/wp-content\/uploads\/2025\/07\/f025cfe_1643653622002-faz.jpg\"  alt=\"Logo\" loading=\"lazy\" width=\"32\" height=\"32\"\/>  Frankfurter Allgemeine Zeitung  (Francfort)       <\/p>\n<p>Fond\u00e9e en 1949 et men\u00e9e par une \u00e9quipe de cinq directeurs, la\u00a0FAZ,\u00a0grand quotidien conservateur et lib\u00e9ral, est un outil de r\u00e9f\u00e9rence dans les milieux d\u2019affaires et intellectuels allemands. Plus de 300 r\u00e9dacteurs et 40 correspondants \u00e0 l\u2019\u00e9tranger participent \u00e0 son \u00e9laboration, ce qui la rend largement ind\u00e9pendante des agences de presse.<\/p>\n<p>Elle s\u2019est longtemps distingu\u00e9e par son refus de la couleur et de l\u2019image. En 2007 appara\u00eet pour la premi\u00e8re fois l\u2019image de une.\u00a0Consid\u00e9r\u00e9e comme le plus grand quotidien en Allemagne, elle s\u2019inscrit dans la lign\u00e9e des grands titres anglophones comme\u00a0The New York Times\u00a0et le\u00a0Financial Times. Une place importante y est accord\u00e9e au traitement de l\u2019information internationale et \u00e9conomique.<\/p>\n<p>Site complet \u00e0 l\u2019agencement agr\u00e9able avec des rubriques classiques, des forums \u00e0 th\u00e8me et des dossiers (\u00e0 acc\u00e8s payant). Outre son site principal, qui reprend les articles de la version papier, le journal propose aussi des contenus\u00a0<a href=\"http:\/\/www.faz.com\" target=\"_blank\" title=\"Le site en version anglais\" rel=\"noopener\">en anglais<\/a>.<\/p>\n<p>      <a href=\"https:\/\/www.courrierinternational.com\/notule-source\/frankfurter-allgemeine-zeitung\" class=\"source-link\" target=\"_blank\" rel=\"noopener\">Lire la suite<\/a>                 <\/p>\n<p>Nos services<\/p>\n","protected":false},"excerpt":{"rendered":"La Chine conna\u00eet un ralentissement \u00e9conomique. La population vieillit et diminue, l\u2019endettement et le ch\u00f4mage augmentent, le pessimisme&hellip;\n","protected":false},"author":2,"featured_media":271470,"comment_status":"","ping_status":"","sticky":false,"template":"","format":"standard","meta":{"footnotes":""},"categories":[1587],"tags":[11,672,6060,1804,309,1805,1803,1777,674,1801,1892,1074,12,1802,41115,2475],"class_list":{"0":"post-271469","1":"post","2":"type-post","3":"status-publish","4":"format-standard","5":"has-post-thumbnail","7":"category-allemagne","8":"tag-actualites","9":"tag-allemagne","10":"tag-asie","11":"tag-bundesrepublik-deutschland","12":"tag-chine","13":"tag-de","14":"tag-deutschland","15":"tag-eu","16":"tag-europe","17":"tag-germany","18":"tag-gu00e9opolitique","19":"tag-guerre-commerciale","20":"tag-news","21":"tag-republique-federale-dallemagne","22":"tag-tensions-chine-u00e9tats-unis","23":"tag-union-europu00e9enne"},"share_on_mastodon":{"url":"https:\/\/pubeurope.com\/@fr\/114910605132261569","error":""},"_links":{"self":[{"href":"https:\/\/www.europesays.com\/fr\/wp-json\/wp\/v2\/posts\/271469","targetHints":{"allow":["GET"]}}],"collection":[{"href":"https:\/\/www.europesays.com\/fr\/wp-json\/wp\/v2\/posts"}],"about":[{"href":"https:\/\/www.europesays.com\/fr\/wp-json\/wp\/v2\/types\/post"}],"author":[{"embeddable":true,"href":"https:\/\/www.europesays.com\/fr\/wp-json\/wp\/v2\/users\/2"}],"replies":[{"embeddable":true,"href":"https:\/\/www.europesays.com\/fr\/wp-json\/wp\/v2\/comments?post=271469"}],"version-history":[{"count":0,"href":"https:\/\/www.europesays.com\/fr\/wp-json\/wp\/v2\/posts\/271469\/revisions"}],"wp:featuredmedia":[{"embeddable":true,"href":"https:\/\/www.europesays.com\/fr\/wp-json\/wp\/v2\/media\/271470"}],"wp:attachment":[{"href":"https:\/\/www.europesays.com\/fr\/wp-json\/wp\/v2\/media?parent=271469"}],"wp:term":[{"taxonomy":"category","embeddable":true,"href":"https:\/\/www.europesays.com\/fr\/wp-json\/wp\/v2\/categories?post=271469"},{"taxonomy":"post_tag","embeddable":true,"href":"https:\/\/www.europesays.com\/fr\/wp-json\/wp\/v2\/tags?post=271469"}],"curies":[{"name":"wp","href":"https:\/\/api.w.org\/{rel}","templated":true}]}}