{"id":271471,"date":"2025-07-24T22:37:12","date_gmt":"2025-07-24T22:37:12","guid":{"rendered":"https:\/\/www.europesays.com\/fr\/271471\/"},"modified":"2025-07-24T22:37:12","modified_gmt":"2025-07-24T22:37:12","slug":"les-etats-unis-lancent-un-plan-massif-pour-lia-accroissant-la-pression-sur-une-europe-qui-tente-de-tenir-le-choc","status":"publish","type":"post","link":"https:\/\/www.europesays.com\/fr\/271471\/","title":{"rendered":"Les Etats-Unis lancent un plan massif pour l\u2019IA, accroissant la pression sur une Europe qui tente de tenir le choc"},"content":{"rendered":"<p>    R\u00e9sum\u00e9 en 20 secondes<\/p>\n<p>        En savoir plus sur ce type de contenu<\/p>\n<p>Ce r\u00e9sum\u00e9 peut avoir \u00e9t\u00e9 \u00e9crit avec l&rsquo;assistance d\u2019une IA g\u00e9n\u00e9rative. <a href=\"https:\/\/www.letemps.ch\/cyber\/l-usage-de-l-ia-generative-par-les-journalistes-du-temps\" target=\"_blank\" rel=\"noopener\">En savoir plus<\/a><\/p>\n<p class=\"article__abstract-call-to-action\" data-ariato=\"TrackableElement\" data-trackable-element-type=\"article_abstract_cta\" data-trackable-element-location=\"article_header\" data-trackable-element-id=\"501268\">\n        <a data-event=\"click-&gt;clicked\" href=\"https:\/\/www.letemps.ch\/abonnements\" target=\"_blank\" rel=\"noopener\">Abonnez-vous<\/a> pour acc\u00e9der au r\u00e9sum\u00e9 en 20 secondes.\n      <\/p>\n<p>\u00abDu pur g\u00e9nie.\u00bb Tels sont les mots employ\u00e9s par le pr\u00e9sident des Etats-Unis Donald Trump pour qualifier l\u2019intelligence artificielle, technologie qui selon lui m\u00e9riterait d\u2019\u00eatre renomm\u00e9e pour mieux faire ressortir sa dimension extraordinaire. Ces d\u00e9clarations, qui ont sans doute plu aux patrons de la Silicon Valley, ont \u00e9t\u00e9 faites durant un sommet sur l\u2019IA \u00e0 Washington, organis\u00e9 ce mercredi. Le locataire du Bureau ovale en a profit\u00e9 pour pr\u00e9senter trois d\u00e9crets cens\u00e9s garantir aux Etats-Unis une domination mondiale sur ce secteur en forte croissance, selon ses dires. Il devrait les signer durant la semaine.<\/p>\n<p>Au-del\u00e0 des superlatifs qui font la marque de fabrique de Donald Trump, la Maison-Blanche a \u00e9galement publi\u00e9 <a href=\"https:\/\/www.whitehouse.gov\/articles\/2025\/07\/white-house-unveils-americas-ai-action-plan\/\" rel=\"nofollow noopener\" target=\"_blank\">un document de 28 pages d\u00e9taillant ces ambitions colossales<\/a>. La strat\u00e9gie tient peu ou prou en un mot: d\u00e9r\u00e9gulation. L\u2019administration am\u00e9ricaine entend en effet faire sauter tous les verrous qui freinent le d\u00e9veloppement de l\u2019intelligence artificielle. Une approche trahissant l\u2019euphorie suscit\u00e9e par les promesses mirifiques de cette technologie. Mais ce n\u2019est pas tout. Le pr\u00e9sident am\u00e9ricain veut aussi forcer les \u00e9diteurs des grands mod\u00e8les de langage \u00e0 adopter sa ligne id\u00e9ologique.<\/p>\n","protected":false},"excerpt":{"rendered":"R\u00e9sum\u00e9 en 20 secondes En savoir plus sur ce type de contenu Ce r\u00e9sum\u00e9 peut avoir \u00e9t\u00e9 \u00e9crit&hellip;\n","protected":false},"author":2,"featured_media":271472,"comment_status":"","ping_status":"","sticky":false,"template":"","format":"standard","meta":{"footnotes":""},"categories":[1586],"tags":[11,1777,674,1011,27,12,301,25],"class_list":{"0":"post-271471","1":"post","2":"type-post","3":"status-publish","4":"format-standard","5":"has-post-thumbnail","7":"category-europe","8":"tag-actualites","9":"tag-eu","10":"tag-europe","11":"tag-fr","12":"tag-france","13":"tag-news","14":"tag-premium","15":"tag-republique-francaise"},"share_on_mastodon":{"url":"https:\/\/pubeurope.com\/@fr\/114910609082260159","error":""},"_links":{"self":[{"href":"https:\/\/www.europesays.com\/fr\/wp-json\/wp\/v2\/posts\/271471","targetHints":{"allow":["GET"]}}],"collection":[{"href":"https:\/\/www.europesays.com\/fr\/wp-json\/wp\/v2\/posts"}],"about":[{"href":"https:\/\/www.europesays.com\/fr\/wp-json\/wp\/v2\/types\/post"}],"author":[{"embeddable":true,"href":"https:\/\/www.europesays.com\/fr\/wp-json\/wp\/v2\/users\/2"}],"replies":[{"embeddable":true,"href":"https:\/\/www.europesays.com\/fr\/wp-json\/wp\/v2\/comments?post=271471"}],"version-history":[{"count":0,"href":"https:\/\/www.europesays.com\/fr\/wp-json\/wp\/v2\/posts\/271471\/revisions"}],"wp:featuredmedia":[{"embeddable":true,"href":"https:\/\/www.europesays.com\/fr\/wp-json\/wp\/v2\/media\/271472"}],"wp:attachment":[{"href":"https:\/\/www.europesays.com\/fr\/wp-json\/wp\/v2\/media?parent=271471"}],"wp:term":[{"taxonomy":"category","embeddable":true,"href":"https:\/\/www.europesays.com\/fr\/wp-json\/wp\/v2\/categories?post=271471"},{"taxonomy":"post_tag","embeddable":true,"href":"https:\/\/www.europesays.com\/fr\/wp-json\/wp\/v2\/tags?post=271471"}],"curies":[{"name":"wp","href":"https:\/\/api.w.org\/{rel}","templated":true}]}}