{"id":271483,"date":"2025-07-24T22:44:11","date_gmt":"2025-07-24T22:44:11","guid":{"rendered":"https:\/\/www.europesays.com\/fr\/271483\/"},"modified":"2025-07-24T22:44:11","modified_gmt":"2025-07-24T22:44:11","slug":"transferts-top-14-steeve-blanc-mappaz-parti-pour-rester-a-lyon","status":"publish","type":"post","link":"https:\/\/www.europesays.com\/fr\/271483\/","title":{"rendered":"Transferts. Top 14 \u2013 Steeve Blanc-Mappaz parti pour rester \u00e0 Lyon"},"content":{"rendered":"<p>\n                Arriv\u00e9 \u00e0 Lyon \u00e0 l\u2019\u00e9t\u00e9 dernier, Steeve Blanc-Mappaz \u00e9tait courtis\u00e9 par plusieurs \u00e9curies de divisions inf\u00e9rieures. Finalement, il devrait rester au Lou, au moins jusqu\u2019\u00e0 la saison prochaine, date de fin de son contrat.\n            <\/p>\n<p>Steeve Blanc-Mappaz (35 ans), sous contrat pour encore une saison avec le <strong><a href=\"https:\/\/www.rugbyrama.fr\/equipe\/lyon-lou\/\" target=\"_self\" rel=\"nofollow noopener\">Lou<\/a><\/strong>, suscite quelques int\u00e9r\u00eats. Ces derniers jours, <strong><a href=\"https:\/\/www.rugbyrama.fr\/equipe\/biarritz\/\" target=\"_self\" rel=\"nofollow noopener\">Biarritz <\/a><\/strong>et m\u00eame Nice se sont renseign\u00e9s pour tenter d\u2019enr\u00f4ler l\u2019ancien capitaine du FCG. Le joueur, auteur d\u2019une premi\u00e8re moiti\u00e9 de saison satisfaisante avec la formation lyonnaise, a vu son temps de jeu diminuer au printemps. Du coup, les Basques (Pro D2) et les <strong><a href=\"https:\/\/www.rugbyrama.fr\/equipe\/nice\/\" target=\"_self\" rel=\"nofollow noopener\">Ni\u00e7ois<\/a><\/strong> (Nationale), \u00e0 la recherche d\u2019un troisi\u00e8me ligne, ont tent\u00e9 une approche sachant que la concurrence \u00e0 Lyon \u00e0 ce poste l\u2019an prochain sera acharn\u00e9e. Il semble pourtant que, selon nos informations, Blanc-Mappaz ne donnera pas suite et devrait poursuivre sa carri\u00e8re en <strong><a href=\"https:\/\/www.rugbyrama.fr\/rugby-a-xv\/top-14\/\" target=\"_self\" rel=\"nofollow noopener\">Top 14<\/a><\/strong>.<\/p>\n","protected":false},"excerpt":{"rendered":"Arriv\u00e9 \u00e0 Lyon \u00e0 l\u2019\u00e9t\u00e9 dernier, Steeve Blanc-Mappaz \u00e9tait courtis\u00e9 par plusieurs \u00e9curies de divisions inf\u00e9rieures. Finalement, il&hellip;\n","protected":false},"author":2,"featured_media":271484,"comment_status":"","ping_status":"","sticky":false,"template":"","format":"standard","meta":{"footnotes":""},"categories":[1416],"tags":[1011,27,479,1468,60],"class_list":{"0":"post-271483","1":"post","2":"type-post","3":"status-publish","4":"format-standard","5":"has-post-thumbnail","7":"category-rugby","8":"tag-fr","9":"tag-france","10":"tag-rugby","11":"tag-rugby-football","12":"tag-sports"},"share_on_mastodon":{"url":"https:\/\/pubeurope.com\/@fr\/114910636531017476","error":""},"_links":{"self":[{"href":"https:\/\/www.europesays.com\/fr\/wp-json\/wp\/v2\/posts\/271483","targetHints":{"allow":["GET"]}}],"collection":[{"href":"https:\/\/www.europesays.com\/fr\/wp-json\/wp\/v2\/posts"}],"about":[{"href":"https:\/\/www.europesays.com\/fr\/wp-json\/wp\/v2\/types\/post"}],"author":[{"embeddable":true,"href":"https:\/\/www.europesays.com\/fr\/wp-json\/wp\/v2\/users\/2"}],"replies":[{"embeddable":true,"href":"https:\/\/www.europesays.com\/fr\/wp-json\/wp\/v2\/comments?post=271483"}],"version-history":[{"count":0,"href":"https:\/\/www.europesays.com\/fr\/wp-json\/wp\/v2\/posts\/271483\/revisions"}],"wp:featuredmedia":[{"embeddable":true,"href":"https:\/\/www.europesays.com\/fr\/wp-json\/wp\/v2\/media\/271484"}],"wp:attachment":[{"href":"https:\/\/www.europesays.com\/fr\/wp-json\/wp\/v2\/media?parent=271483"}],"wp:term":[{"taxonomy":"category","embeddable":true,"href":"https:\/\/www.europesays.com\/fr\/wp-json\/wp\/v2\/categories?post=271483"},{"taxonomy":"post_tag","embeddable":true,"href":"https:\/\/www.europesays.com\/fr\/wp-json\/wp\/v2\/tags?post=271483"}],"curies":[{"name":"wp","href":"https:\/\/api.w.org\/{rel}","templated":true}]}}