{"id":271485,"date":"2025-07-24T22:45:12","date_gmt":"2025-07-24T22:45:12","guid":{"rendered":"https:\/\/www.europesays.com\/fr\/271485\/"},"modified":"2025-07-24T22:45:12","modified_gmt":"2025-07-24T22:45:12","slug":"titouan-droguet-battu-par-damir-dzumhur-en-quarts-de-finale-de-latp-250-dumag-lequipe","status":"publish","type":"post","link":"https:\/\/www.europesays.com\/fr\/271485\/","title":{"rendered":"Titouan Droguet battu par Damir Dzumhur en quarts de finale de l&#039;ATP 250 d&#039;Umag &#8211; L&#039;\u00c9quipe"},"content":{"rendered":"<ol>\n<li><a href=\"https:\/\/news.google.com\/rss\/articles\/CBMixwFBVV95cUxOOXJmWlVhOEhuWkZsc3RvOWd3ekZCblNKczFQWEVHYzM4MFAwTlQ2VFFJQnNTMUNBbHJfUGR4QmRDTlhBUWhlNDhQZUx5VFhOdlB1aS1scjBLcmhmSHpNTjlmeUxJd3NOY25uOXpOSVIwdE0yY21ZR19QbVgyZEtKX29kU1U2OFZLTElEVHE2dUtzSVV4aURTNDJwM0VOaHNYWkdfUTVRYXllSFFEU1JDOEYxVWd5VVh0ZkhyOV9nRUloWUpfOFM4?oc=5\" target=\"_blank\" rel=\"nofollow noopener\">Titouan Droguet battu par Damir Dzumhur en quarts de finale de l&rsquo;ATP 250 d&rsquo;Umag<\/a>&nbsp;&nbsp;L&rsquo;\u00c9quipe<\/li>\n<li><a href=\"https:\/\/news.google.com\/rss\/articles\/CBMioAFBVV95cUxQVklUYmxCbkxxSnZWU2xRRmxLZW9RQjNmN0pwQWxpeE94R0xUZkV4RUQ1MWlDamdWTkM5NDd1NTc4YkF2Yk5TU0VMUTRlaVdVa1ZEeEpPTWdvM0JBcWpCVWFEb18tSWlyekdFbVQ5b0JZMkx2ZmV5bHh6MGlVYU1DQ0l2dl8zcUdJOWtxTWpnVlRrdXM1ZHdwNl9KQkNnNXBq0gGfAUFVX3lxTE1mRjh2b2x2VHhsTG02ektrbmNzWk5QRmp6VDdOYVBXU25WaXZwQ2RNZFBEcEZQaTFqbHlGN0VMODRhSGVsUldtUFpTQWxvc29tNzNDaUs3V3pUWThfZ2dXLXRvUkc0MFJMeThBbjcwR2F2QkxhWHpYTks1OEFEV1VOUEplM0J2MVJ4UF93Y0RiRm5ZeXBBVHFQN3N4R0Q0VQ?oc=5\" target=\"_blank\" rel=\"nofollow noopener\">ATP &#8211; Umag : Droguet s&rsquo;arr\u00eate en quarts<\/a>&nbsp;&nbsp;Orange Actualit\u00e9s | Sports<\/li>\n<li><a href=\"https:\/\/news.google.com\/rss\/articles\/CBMitgFBVV95cUxOdzRRaUR6emNBSkNFOU16WlNSclotRnNsci0wRUxOYktSSkxEYUxGS0RHMHVDZFdVOWNSSWVxVTFKMWUzdjZQb2FWOFMzZFlMLVNuREl0Z01pZUhReERZeUVsNlJnMHN0M1JEOGpUUTd1S1lmdzdaaGZVdV9ta1FzOEJzaVJpRDJ3djBwa1ZXdEdlT3V0enFLdmFFX3hqbHdqbnpIMVloeGdxbjJpblZ5Yy1SanE4Zw?oc=5\" target=\"_blank\" rel=\"nofollow noopener\">Tennis : Titouan Droguet en quart \u00e0 Umag, une premi\u00e8re dans sa carri\u00e8re<\/a>&nbsp;&nbsp;Le Figaro<\/li>\n<li><a href=\"https:\/\/news.google.com\/rss\/articles\/CBMi6gFBVV95cUxNU3ZVbXNrZVdFT0VZMjZQSzlEcWNQUTZ1UndMZVMzZVBaSzlidFNkWnVtLU1wWW5Kc3BCZEZFLWNhVlZZVmdyRWxLMUhMdU5FVGpucUI2RXp5OXVzeHcycl9pd1BOandsOGpRRWdGbmd3R3JLdERrdDlwVTd1UFdvR3MzbVFGNWhrM05YUEM0d3Q2VDlwdDF6UDNmenRJUVRqSGxwLWg2akNLY1JKMUl4WlJvX2R1dkxVR1JBMDZJQ0hjT2lYQUtIcVN4dVFkVWZjcnZpQndpVWFXTkFIQ20tM3Y4MHVlVU5kd0E?oc=5\" target=\"_blank\" rel=\"nofollow noopener\">Tombeur de Vit Kopriva, Titouan Droguet s&rsquo;offre un premier quart de finale sur le circuit ATP \u00e0 Umag<\/a>&nbsp;&nbsp;MSN<\/li>\n<li><a href=\"https:\/\/news.google.com\/rss\/articles\/CBMizwFBVV95cUxPV0VIWXdWaU1RdzZHaklFYXk4b21rN2h3QWxCeE5qLTY4T0JsWGpVZFRaaUhlSFRCY0pVcmxvVDNmVC1HeThFT0RqWV9LdWExdGFWSTltRklmb1RPTDJ2MEEydXUzaVVDNllTSjJaWGlxVENucjlwa0t4NzdvbnZDMUhDTEVPc1ZDdDNMRmxIdlRsZEZxZkR4THFsSnZ6ZmpKbnVXeFZHN2x6bTRWNzNpMTB6MHBZa3I5c01TVzh1WTBOSmRSak9NeU5oMGRiTWc?oc=5\" target=\"_blank\" rel=\"nofollow noopener\">Le r\u00e9flexe fou de Damir Dzumhur pour remporter un point contre Titouan Droguet \u00e0 Umag<\/a>&nbsp;&nbsp;L&rsquo;\u00c9quipe<\/li>\n<\/ol>\n","protected":false},"excerpt":{"rendered":"Titouan Droguet battu par Damir Dzumhur en quarts de finale de l&rsquo;ATP 250 d&rsquo;Umag&nbsp;&nbsp;L&rsquo;\u00c9quipe ATP &#8211; Umag :&hellip;\n","protected":false},"author":2,"featured_media":271486,"comment_status":"","ping_status":"","sticky":false,"template":"","format":"standard","meta":{"footnotes":""},"categories":[1415],"tags":[1011,27,60,1467],"class_list":{"0":"post-271485","1":"post","2":"type-post","3":"status-publish","4":"format-standard","5":"has-post-thumbnail","7":"category-tennis","8":"tag-fr","9":"tag-france","10":"tag-sports","11":"tag-tennis"},"share_on_mastodon":{"url":"https:\/\/pubeurope.com\/@fr\/114910640384303028","error":""},"_links":{"self":[{"href":"https:\/\/www.europesays.com\/fr\/wp-json\/wp\/v2\/posts\/271485","targetHints":{"allow":["GET"]}}],"collection":[{"href":"https:\/\/www.europesays.com\/fr\/wp-json\/wp\/v2\/posts"}],"about":[{"href":"https:\/\/www.europesays.com\/fr\/wp-json\/wp\/v2\/types\/post"}],"author":[{"embeddable":true,"href":"https:\/\/www.europesays.com\/fr\/wp-json\/wp\/v2\/users\/2"}],"replies":[{"embeddable":true,"href":"https:\/\/www.europesays.com\/fr\/wp-json\/wp\/v2\/comments?post=271485"}],"version-history":[{"count":0,"href":"https:\/\/www.europesays.com\/fr\/wp-json\/wp\/v2\/posts\/271485\/revisions"}],"wp:featuredmedia":[{"embeddable":true,"href":"https:\/\/www.europesays.com\/fr\/wp-json\/wp\/v2\/media\/271486"}],"wp:attachment":[{"href":"https:\/\/www.europesays.com\/fr\/wp-json\/wp\/v2\/media?parent=271485"}],"wp:term":[{"taxonomy":"category","embeddable":true,"href":"https:\/\/www.europesays.com\/fr\/wp-json\/wp\/v2\/categories?post=271485"},{"taxonomy":"post_tag","embeddable":true,"href":"https:\/\/www.europesays.com\/fr\/wp-json\/wp\/v2\/tags?post=271485"}],"curies":[{"name":"wp","href":"https:\/\/api.w.org\/{rel}","templated":true}]}}