{"id":271487,"date":"2025-07-24T22:47:15","date_gmt":"2025-07-24T22:47:15","guid":{"rendered":"https:\/\/www.europesays.com\/fr\/271487\/"},"modified":"2025-07-24T22:47:15","modified_gmt":"2025-07-24T22:47:15","slug":"le-programme-tv-du-samedi","status":"publish","type":"post","link":"https:\/\/www.europesays.com\/fr\/271487\/","title":{"rendered":"le programme TV du samedi"},"content":{"rendered":"<p>\t\t\t<strong class=\"post-excerpt\"><\/p>\n<p itemprop=\"description\">Retrouvez le programme complet de la journ\u00e9e du samedi du Grand Prix de R\u00e9publique tch\u00e8que MotoGP 2025 avec les horaires TV pour la France.<\/p>\n<p><\/strong>\t\t <\/p>\n<p>Le <strong>Championnat du monde <a href=\"https:\/\/www.sportauto.fr\/motogp\/motogp-et-si-championnat-devenait-f1-avant-cause-marquez-433170.html#item=1\" target=\"_blank\" rel=\"noopener nofollow\">MotoGP<\/a> 2025 op\u00e8re son retour <\/strong>ce week-end sur le trac\u00e9 de <strong>Brno,\u00a0<\/strong>un circuit de<strong> 5,4 km \u00e9tal\u00e9 sur 14 virages <\/strong>dans un <strong>m\u00e9lange de sections techniques et rapides,\u00a0<\/strong>en vue de sa <strong>12\u00e8me  manche de la saison, <\/strong>le Grand Prix de <strong>R\u00e9publique tch\u00e8que.<\/strong><\/p>\n<p>   \t\t\t R\u00e9publique tch\u00e8que MotoGP : le programme TV du samedi <\/p>\n<p>Retrouvez ci-dessous le <strong>programme du samedi <\/strong>du<strong> Grand Prix de R\u00e9publique tch\u00e8que MotoGP 2025<\/strong>. Les s\u00e9ances du jour seront diffus\u00e9es sur <strong>Canal+ Sport 360<\/strong>, <strong>Canal+, <\/strong>mais aussi sur la t\u00e9l\u00e9vision belge <strong>RTBF<\/strong>, soit sur la cha\u00eene <strong>Tipik <\/strong>ou sur la plateforme <strong>Auvio.<\/strong><\/p>\n<p> Samedi 19 juillet 2025 <\/p>\n<ul>\n<li>08h40 \u2013 09h10 : Essais Libres 2 Moto3<\/li>\n<li>09h25 \u2013 09h55 : Essais Libres 2 Moto2<\/li>\n<li><strong>10h10 \u2013 10h40 : Essais Libres 2 MotoGP<\/strong><\/li>\n<li><strong>10h50 \u2013 11h05 : Qualifications 1 MotoGP<\/strong><\/li>\n<li><strong>11h15 \u2013 11h30 : Qualifications 2 MotoGP<\/strong><\/li>\n<li class=\"li1\">12h50 &#8211; 13h05 : Qualifications 1 Moto3<\/li>\n<li class=\"li1\">13h15 &#8211; 13h30 : Qualifications 2 Moto3<\/li>\n<li class=\"li1\">13h45 &#8211; 14h00 :\u00a0Qualifications 1 Moto2<\/li>\n<li class=\"li1\">14h10 &#8211; 14h25 :\u00a0Qualifications 2 Moto2<\/li>\n<li class=\"li1\"><strong>15h00 : Sprint MotoGP (10 tours)<\/strong><\/li>\n<\/ul>\n<p>Le <strong>programme TV complet<\/strong> du <strong>Grand Prix de R\u00e9publique tch\u00e8que MotoGP 2025<\/strong> est <a href=\"https:\/\/www.sportauto.fr\/motogp\/motogp-grand-prix-republique-tcheque-brno-2025-programme-tv-horaires-week-end-435313.html\" target=\"_blank\" rel=\"noopener nofollow\">\u00e0 retrouver ici.<\/a><\/p>\n","protected":false},"excerpt":{"rendered":"Retrouvez le programme complet de la journ\u00e9e du samedi du Grand Prix de R\u00e9publique tch\u00e8que MotoGP 2025 avec&hellip;\n","protected":false},"author":2,"featured_media":271488,"comment_status":"","ping_status":"","sticky":false,"template":"","format":"standard","meta":{"footnotes":""},"categories":[1413],"tags":[1011,27,1638,1457,1456,60],"class_list":{"0":"post-271487","1":"post","2":"type-post","3":"status-publish","4":"format-standard","5":"has-post-thumbnail","7":"category-moto","8":"tag-fr","9":"tag-france","10":"tag-has_diapo","11":"tag-moto","12":"tag-motocycle","13":"tag-sports"},"share_on_mastodon":{"url":"https:\/\/pubeurope.com\/@fr\/114910648283375590","error":""},"_links":{"self":[{"href":"https:\/\/www.europesays.com\/fr\/wp-json\/wp\/v2\/posts\/271487","targetHints":{"allow":["GET"]}}],"collection":[{"href":"https:\/\/www.europesays.com\/fr\/wp-json\/wp\/v2\/posts"}],"about":[{"href":"https:\/\/www.europesays.com\/fr\/wp-json\/wp\/v2\/types\/post"}],"author":[{"embeddable":true,"href":"https:\/\/www.europesays.com\/fr\/wp-json\/wp\/v2\/users\/2"}],"replies":[{"embeddable":true,"href":"https:\/\/www.europesays.com\/fr\/wp-json\/wp\/v2\/comments?post=271487"}],"version-history":[{"count":0,"href":"https:\/\/www.europesays.com\/fr\/wp-json\/wp\/v2\/posts\/271487\/revisions"}],"wp:featuredmedia":[{"embeddable":true,"href":"https:\/\/www.europesays.com\/fr\/wp-json\/wp\/v2\/media\/271488"}],"wp:attachment":[{"href":"https:\/\/www.europesays.com\/fr\/wp-json\/wp\/v2\/media?parent=271487"}],"wp:term":[{"taxonomy":"category","embeddable":true,"href":"https:\/\/www.europesays.com\/fr\/wp-json\/wp\/v2\/categories?post=271487"},{"taxonomy":"post_tag","embeddable":true,"href":"https:\/\/www.europesays.com\/fr\/wp-json\/wp\/v2\/tags?post=271487"}],"curies":[{"name":"wp","href":"https:\/\/api.w.org\/{rel}","templated":true}]}}